{"id":194847,"date":"2025-06-22T02:32:17","date_gmt":"2025-06-22T02:32:17","guid":{"rendered":"https:\/\/www.europesays.com\/fr\/194847\/"},"modified":"2025-06-22T02:32:17","modified_gmt":"2025-06-22T02:32:17","slug":"a-marseille-un-sexagenaire-photographiait-les-femmes-denudees-sur-la-plage","status":"publish","type":"post","link":"https:\/\/www.europesays.com\/fr\/194847\/","title":{"rendered":"\u00c0 Marseille, un sexag\u00e9naire photographiait les femmes d\u00e9nud\u00e9es sur la plage"},"content":{"rendered":"<p>Il prenait des photos de plagistes qui se trouvaient en maillot de bain ou le haut d\u00e9nud\u00e9. Un homme d&rsquo;une soixantaine d&rsquo;ann\u00e9es a \u00e9t\u00e9 interpell\u00e9 sur une plage marseillaise, rapporte <a href=\"https:\/\/www.lefigaro.fr\/marseille\/marseille-un-sexagenaire-interpelle-apres-avoir-pris-en-photo-plusieurs-femmes-denudees-sur-une-plage-20250619?utm_content=photo&amp;utm_term=lefigaro&amp;utm_campaign=Nonli&amp;utm_medium=Social&amp;utm_source=Facebook\" target=\"_blank\" rel=\"noopener\">le site du Figaro<\/a>. La sc\u00e8ne a eu lieu en d\u00e9but de semaine : muni d&rsquo;un appareil photo, il prenait des clich\u00e9s de femmes tranquillement allong\u00e9es sur leur serviette. Sans leur consentement.<\/p>\n<p>Son d\u00e9tachement a sans doute surpris les forces de l&rsquo;ordre et une enqu\u00eate a \u00e9t\u00e9 diligent\u00e9e afin notamment de mener des perquisitions dans son lieu d&rsquo;habitation pour interroger ses fichiers informatiques.<\/p>\n<p>D&rsquo;autres investigations seront men\u00e9es dans le cadre d&rsquo;une \u00ab\u00a0atteinte \u00e0 l&rsquo;intimit\u00e9 de la vie priv\u00e9e par captation\u00a0\u00bb, \u00ab\u00a0enregistrement ou transmission des paroles d&rsquo;une personne \u00e0 caract\u00e8re sexuel\u00a0\u00bb. C&rsquo;est le service local de la police judiciaire qui en est charg\u00e9.<\/p>\n","protected":false},"excerpt":{"rendered":"Il prenait des photos de plagistes qui se trouvaient en maillot de bain ou le haut d\u00e9nud\u00e9. Un&hellip;\n","protected":false},"author":2,"featured_media":194848,"comment_status":"","ping_status":"","sticky":false,"template":"","format":"standard","meta":{"footnotes":""},"categories":[2814],"tags":[17,1111,11,33363,1777,674,274,4651,1011,27,151,884,12,33362,882,25,16647,3356],"class_list":{"0":"post-194847","1":"post","2":"type-post","3":"status-publish","4":"format-standard","5":"has-post-thumbnail","7":"category-marseille","8":"tag-17","9":"tag-actu","10":"tag-actualites","11":"tag-denudees","12":"tag-eu","13":"tag-europe","14":"tag-faits-divers-justice","15":"tag-femmes","16":"tag-fr","17":"tag-france","18":"tag-les","19":"tag-marseille","20":"tag-news","21":"tag-photographiait","22":"tag-provence-alpes-cote-dazur","23":"tag-republique-francaise","24":"tag-sexagenaire","25":"tag-sur"},"share_on_mastodon":{"url":"https:\/\/pubeurope.com\/@fr\/114724676792297983","error":""},"_links":{"self":[{"href":"https:\/\/www.europesays.com\/fr\/wp-json\/wp\/v2\/posts\/194847","targetHints":{"allow":["GET"]}}],"collection":[{"href":"https:\/\/www.europesays.com\/fr\/wp-json\/wp\/v2\/posts"}],"about":[{"href":"https:\/\/www.europesays.com\/fr\/wp-json\/wp\/v2\/types\/post"}],"author":[{"embeddable":true,"href":"https:\/\/www.europesays.com\/fr\/wp-json\/wp\/v2\/users\/2"}],"replies":[{"embeddable":true,"href":"https:\/\/www.europesays.com\/fr\/wp-json\/wp\/v2\/comments?post=194847"}],"version-history":[{"count":0,"href":"https:\/\/www.europesays.com\/fr\/wp-json\/wp\/v2\/posts\/194847\/revisions"}],"wp:featuredmedia":[{"embeddable":true,"href":"https:\/\/www.europesays.com\/fr\/wp-json\/wp\/v2\/media\/194848"}],"wp:attachment":[{"href":"https:\/\/www.europesays.com\/fr\/wp-json\/wp\/v2\/media?parent=194847"}],"wp:term":[{"taxonomy":"category","embeddable":true,"href":"https:\/\/www.europesays.com\/fr\/wp-json\/wp\/v2\/categories?post=194847"},{"taxonomy":"post_tag","embeddable":true,"href":"https:\/\/www.europesays.com\/fr\/wp-json\/wp\/v2\/tags?post=194847"}],"curies":[{"name":"wp","href":"https:\/\/api.w.org\/{rel}","templated":true}]}}