{"id":194849,"date":"2025-06-22T02:33:17","date_gmt":"2025-06-22T02:33:17","guid":{"rendered":"https:\/\/www.europesays.com\/fr\/194849\/"},"modified":"2025-06-22T02:33:17","modified_gmt":"2025-06-22T02:33:17","slug":"meurtre-a-marseille-il-a-refuse-de-donner-sa-sacoche","status":"publish","type":"post","link":"https:\/\/www.europesays.com\/fr\/194849\/","title":{"rendered":"Meurtre \u00e0 Marseille : il a refus\u00e9 de donner sa sacoche"},"content":{"rendered":"<p class=\"jsx-4058425199 jsx-2164199691 ExpandableText__Text\">Un meurtre \u00e0 peine croyable a eu lieu \u00e0 Marseille (Bouches-du-Rh\u00f4ne) ce samedi 21 juin, dans la matin\u00e9e. Il y avait des dizaines de personnes pr\u00e9sentes sur le march\u00e9 d&rsquo;int\u00e9r\u00eat national (MIN), quand un vendeur de fruits a \u00e9t\u00e9 tu\u00e9 \u00e0 bout portant, sans \u00e9tats d&rsquo;\u00e2me, d&rsquo;une balle dans la t\u00eate. Les malfaiteurs sont repartis avec une sacoche contenant de l&rsquo;argent liquide. Pour l&rsquo;heure, aucun suspect n&rsquo;a \u00e9t\u00e9 interpell\u00e9 par la police judiciaire de Marseille en charge de l&rsquo;enqu\u00eate.<\/p>\n<p>Lire plusReplier<\/p>\n","protected":false},"excerpt":{"rendered":"Un meurtre \u00e0 peine croyable a eu lieu \u00e0 Marseille (Bouches-du-Rh\u00f4ne) ce samedi 21 juin, dans la matin\u00e9e.&hellip;\n","protected":false},"author":2,"featured_media":194850,"comment_status":"","ping_status":"","sticky":false,"template":"","format":"standard","meta":{"footnotes":""},"categories":[2814],"tags":[1111,11,2951,2950,1777,674,6017,1011,27,2954,2952,884,12,882,25,133,2953,2949],"class_list":{"0":"post-194849","1":"post","2":"type-post","3":"status-publish","4":"format-standard","5":"has-post-thumbnail","7":"category-marseille","8":"tag-actu","9":"tag-actualites","10":"tag-criminalite","11":"tag-delinquance","12":"tag-eu","13":"tag-europe","14":"tag-fait-divers","15":"tag-fr","16":"tag-france","17":"tag-justice-et-faits-divers","18":"tag-le-20h","19":"tag-marseille","20":"tag-news","21":"tag-provence-alpes-cote-dazur","22":"tag-republique-francaise","23":"tag-video","24":"tag-video-police","25":"tag-violences"},"share_on_mastodon":{"url":"https:\/\/pubeurope.com\/@fr\/114724680887316552","error":""},"_links":{"self":[{"href":"https:\/\/www.europesays.com\/fr\/wp-json\/wp\/v2\/posts\/194849","targetHints":{"allow":["GET"]}}],"collection":[{"href":"https:\/\/www.europesays.com\/fr\/wp-json\/wp\/v2\/posts"}],"about":[{"href":"https:\/\/www.europesays.com\/fr\/wp-json\/wp\/v2\/types\/post"}],"author":[{"embeddable":true,"href":"https:\/\/www.europesays.com\/fr\/wp-json\/wp\/v2\/users\/2"}],"replies":[{"embeddable":true,"href":"https:\/\/www.europesays.com\/fr\/wp-json\/wp\/v2\/comments?post=194849"}],"version-history":[{"count":0,"href":"https:\/\/www.europesays.com\/fr\/wp-json\/wp\/v2\/posts\/194849\/revisions"}],"wp:featuredmedia":[{"embeddable":true,"href":"https:\/\/www.europesays.com\/fr\/wp-json\/wp\/v2\/media\/194850"}],"wp:attachment":[{"href":"https:\/\/www.europesays.com\/fr\/wp-json\/wp\/v2\/media?parent=194849"}],"wp:term":[{"taxonomy":"category","embeddable":true,"href":"https:\/\/www.europesays.com\/fr\/wp-json\/wp\/v2\/categories?post=194849"},{"taxonomy":"post_tag","embeddable":true,"href":"https:\/\/www.europesays.com\/fr\/wp-json\/wp\/v2\/tags?post=194849"}],"curies":[{"name":"wp","href":"https:\/\/api.w.org\/{rel}","templated":true}]}}