{"id":194857,"date":"2025-06-22T02:39:25","date_gmt":"2025-06-22T02:39:25","guid":{"rendered":"https:\/\/www.europesays.com\/fr\/194857\/"},"modified":"2025-06-22T02:39:25","modified_gmt":"2025-06-22T02:39:25","slug":"fete-de-la-musique-a-paris-voici-les-lignes-de-rer-metro-et-bus-ouvertes-cette-nuit","status":"publish","type":"post","link":"https:\/\/www.europesays.com\/fr\/194857\/","title":{"rendered":"F\u00eate de la musique \u00e0 Paris : voici les lignes de RER, m\u00e9tro et bus ouvertes cette nuit"},"content":{"rendered":"<ul class=\"jsx-862013697 ArticleChapo__List\">\n<li class=\"jsx-862013697 ArticleChapo__List_Item flex\">\u00c0 l&rsquo;occasion de la f\u00eate de la musique 2025, le r\u00e9seau de transports d&rsquo;\u00cele-de-France reste ouvert toute la nuit.<\/li>\n<li class=\"jsx-862013697 ArticleChapo__List_Item flex\">Plusieurs lignes de m\u00e9tro, RER, Transilien et une de tramway circuleront partiellement.<\/li>\n<li class=\"jsx-862013697 ArticleChapo__List_Item flex\">Un forfait sp\u00e9cial pour voyager en illimit\u00e9 est m\u00eame disponible \u00e0 la vente.<\/li>\n<\/ul>\n<p data-module=\"article-paragraph\" class=\"jsx-3046738180 Paragraph\">Participer \u00e0 <a href=\"https:\/\/www.tf1info.fr\/culture\/pour-la-fete-de-la-musique-ces-nombreux-ministeres-ouvrent-leurs-portes-au-public-2378220.html\" target=\"_blank\" rel=\"noopener\">la f\u00eate de la musique<\/a> \u00e0 Paris et rentrer en transports en commun, c&rsquo;est possible. Comme chaque ann\u00e9e, de nombreuses lignes de m\u00e9tro, RER ou bus ne s&rsquo;arr\u00eateront pas dans la nuit du 21 au 22 juin, afin de permettre au plus grand nombre de jouer les prolongations et de profiter de l&rsquo;ambiance sans regarder sa montre.<\/p>\n<p data-module=\"article-paragraph\" class=\"jsx-3046738180 Paragraph Paragraph__End\">L&rsquo;ensemble des lignes de RER (A, B, C, D et E) ainsi que plusieurs lignes de Transilien (H, J, L, N, P, et R) resteront ouvertes toute la nuit. En revanche, mieux vaut anticiper son retour, car les temps d&rsquo;attente pourront s&rsquo;allonger. Comptez un train toutes les 18 minutes sur le tron\u00e7on central des RER A, B et C, tandis que certaines branches ne verront passer que deux trains dans la nuit. Pour les Transiliens, comptez un train par heure dans le sens Paris-banlieue dans la plupart des cas. Attention toutefois, certaines gares ne seront pas desservies.<\/p>\n<p>Six lignes de m\u00e9tro ouvertes<\/p>\n<p data-module=\"article-paragraph\" class=\"jsx-3046738180 Paragraph Paragraph__End\">Idem pour <a href=\"https:\/\/www.tf1info.fr\/transports\/150-euros-pour-avoir-transporte-une-plante-dans-le-metro-que-prevoient-les-regles-de-la-ratp-en-la-matiere-2369174.html\" target=\"_blank\" rel=\"noopener\">les lignes de m\u00e9tro<\/a>. Au total, six resteront partiellement ouvertes. Il s&rsquo;agit des lignes automatiques 1, 4 et 14, ainsi que des lignes 2, 6 et 9. <a href=\"https:\/\/www.iledefrance-mobilites.fr\/actualites\/fete-de-la-musique\" target=\"_blank\" rel=\"nofollow noopener\">\u00cele-de-France Mobilit\u00e9s (nouvelle fen\u00eatre)<\/a>, l&rsquo;autorit\u00e9 organisatrice des transports, ne donne pas d&rsquo;informations sur la fr\u00e9quence des rames, mais pr\u00e9vient : \u00ab\u00a0au-del\u00e0 \u00e0 la fin du service habituel, soit dimanche vers 0h30, toutes les entr\u00e9es des stations (toujours desservies) ne seront pas forcements ouvertes\u00a0\u00bb.<\/p>\n<blockquote data-testid=\"EmbedTwitter\" id=\"tweet-1935974782165524495-:R2dmij9n79m:\" class=\"jsx-aeff1a1c40f54d7a twitter-tweet flex justify-center items-center\"><p>\ud83d\ude4c  #M\u00e9tro ,  #RER ,  #Train ,  #Bus &#8230;  D\u00e9couvrez les lignes ouvertes toute la nuit \ud83d\udc49  https:\/\/t.co\/w5yiGtPHaf pic.twitter.com\/tuOolEJ9OH \u2014 IDF Mobilit\u00e9s (@IDFmobilites)  June 20, 2025<\/p><\/blockquote>\n<p data-module=\"article-paragraph\" class=\"jsx-3046738180 Paragraph Paragraph__End\">\u00c0 noter \u00e9galement que le tramway T4 circulera toute la nuit entre Aulnay-sous-Bois, Bondy et l&rsquo;H\u00f4pital de Montfermeil, et que le r\u00e9seau de bus de nuit sera \u00ab\u00a0adapt\u00e9 en fonction des contraintes de circulation, des p\u00e9rim\u00e8tres de s\u00e9curit\u00e9 et en compl\u00e9ment du r\u00e9seau ferr\u00e9\u00a0\u00bb.<\/p>\n<p><a href=\"https:\/\/www.tf1info.fr\/societe\/tuileries-la-vasque-olympique-de-retour-dans-le-ciel-de-paris-pour-la-fete-de-la-musique-2376415.html\" rel=\"noopener\" class=\"jsx-3308031228 Link flex\" target=\"_blank\"><img decoding=\"async\" src=\"https:\/\/www.europesays.com\/fr\/wp-content\/uploads\/2025\/06\/vasque-olympique-3-dd9269-0@1x.jpeg\" alt=\"Christophe DELATTRE \/ AFP\" loading=\"lazy\" importance=\"low\" fetchpriority=\"low\" class=\"\"\/><\/p>\n<p class=\"jsx-3657663356 ReadMoreArticle__Title\">Lire aussi<\/p>\n<p class=\"jsx-3657663356\">La vasque olympique de retour dans le ciel de Paris pour la F\u00eate de la musique<\/p>\n<p><\/a><\/p>\n<p data-module=\"article-paragraph\" class=\"jsx-3046738180 Paragraph Paragraph__End\">Pour se d\u00e9placer, inutile de d\u00e9penser plus. Les abonn\u00e9s Navigo et Imagine R pourront circuler comme \u00e0 leur habitude, tandis que les usagers occasionnels peuvent b\u00e9n\u00e9ficier d&rsquo;un titre de transport sp\u00e9cial : le forfait \u00ab\u00a0F\u00eate de la musique\u00a0\u00bb. D&rsquo;un prix de 4,20 euros, il permet \u00ab\u00a0de faire un nombre illimit\u00e9 de voyages sur l&rsquo;ensemble des r\u00e9seaux d&rsquo;\u00cele-de-France (sauf Orlyval), et ce du 21 juin d\u00e8s 17h jusqu&rsquo;au lendemain 7h du matin\u00a0\u00bb, pr\u00e9cise \u00cele-de-France Mobilit\u00e9s.<\/p>\n<p>I.N<\/p>\n<p><script async src=\"https:\/\/platform.twitter.com\/widgets.js\" charset=\"utf-8\"><\/script><\/p>\n","protected":false},"excerpt":{"rendered":"\u00c0 l&rsquo;occasion de la f\u00eate de la musique 2025, le r\u00e9seau de transports d&rsquo;\u00cele-de-France reste ouvert toute la&hellip;\n","protected":false},"author":2,"featured_media":194858,"comment_status":"","ping_status":"","sticky":false,"template":"","format":"standard","meta":{"footnotes":""},"categories":[1888],"tags":[1111,1928,11,1927,1921,1777,674,1011,27,662,1922,12,1926,626,1925,25,2803,12310,133,8191],"class_list":{"0":"post-194857","1":"post","2":"type-post","3":"status-publish","4":"format-standard","5":"has-post-thumbnail","7":"category-paris","8":"tag-actu","9":"tag-actu-paris","10":"tag-actualites","11":"tag-actualites-paris","12":"tag-article-video","13":"tag-eu","14":"tag-europe","15":"tag-fr","16":"tag-france","17":"tag-ile-de-france","18":"tag-info","19":"tag-news","20":"tag-news-paris","21":"tag-paris","22":"tag-paris-news","23":"tag-republique-francaise","24":"tag-transport","25":"tag-transports-en-commun-du-quotidien","26":"tag-video","27":"tag-video-transports"},"share_on_mastodon":{"url":"https:\/\/pubeurope.com\/@fr\/114724704363706922","error":""},"_links":{"self":[{"href":"https:\/\/www.europesays.com\/fr\/wp-json\/wp\/v2\/posts\/194857","targetHints":{"allow":["GET"]}}],"collection":[{"href":"https:\/\/www.europesays.com\/fr\/wp-json\/wp\/v2\/posts"}],"about":[{"href":"https:\/\/www.europesays.com\/fr\/wp-json\/wp\/v2\/types\/post"}],"author":[{"embeddable":true,"href":"https:\/\/www.europesays.com\/fr\/wp-json\/wp\/v2\/users\/2"}],"replies":[{"embeddable":true,"href":"https:\/\/www.europesays.com\/fr\/wp-json\/wp\/v2\/comments?post=194857"}],"version-history":[{"count":0,"href":"https:\/\/www.europesays.com\/fr\/wp-json\/wp\/v2\/posts\/194857\/revisions"}],"wp:featuredmedia":[{"embeddable":true,"href":"https:\/\/www.europesays.com\/fr\/wp-json\/wp\/v2\/media\/194858"}],"wp:attachment":[{"href":"https:\/\/www.europesays.com\/fr\/wp-json\/wp\/v2\/media?parent=194857"}],"wp:term":[{"taxonomy":"category","embeddable":true,"href":"https:\/\/www.europesays.com\/fr\/wp-json\/wp\/v2\/categories?post=194857"},{"taxonomy":"post_tag","embeddable":true,"href":"https:\/\/www.europesays.com\/fr\/wp-json\/wp\/v2\/tags?post=194857"}],"curies":[{"name":"wp","href":"https:\/\/api.w.org\/{rel}","templated":true}]}}