{"id":194866,"date":"2025-06-22T02:44:10","date_gmt":"2025-06-22T02:44:10","guid":{"rendered":"https:\/\/www.europesays.com\/fr\/194866\/"},"modified":"2025-06-22T02:44:10","modified_gmt":"2025-06-22T02:44:10","slug":"donald-trump-annonce-une-attaque-tres-reussie-liberation","status":"publish","type":"post","link":"https:\/\/www.europesays.com\/fr\/194866\/","title":{"rendered":"Donald Trump annonce \u00abune attaque tr\u00e8s r\u00e9ussie\u00bb \u2013 Lib\u00e9ration"},"content":{"rendered":"<p class=\"sc-ksZaOG ehjQrN text-element\">Apr\u00e8s des jours \u00e0 <a href=\"https:\/\/www.liberation.fr\/international\/amerique\/jaimerais-prendre-la-decision-finale-a-la-derniere-seconde-donald-trump-se-reve-en-showrunner-indecis-du-conflit-au-moyen-orient-20250619_NB3WWKJSARG5JAICFYM3WWWIBQ\/\" target=\"_blank\" rel=\"noopener\" title=\"https:\/\/www.liberation.fr\/international\/amerique\/jaimerais-prendre-la-decision-finale-a-la-derniere-seconde-donald-trump-se-reve-en-showrunner-indecis-du-conflit-au-moyen-orient-20250619_NB3WWKJSARG5JAICFYM3WWWIBQ\/\">mettre en sc\u00e8ne son h\u00e9sitation, Donald Trump<\/a> a finalement mis \u00e0 ex\u00e9cution sa menace d\u2019ordonner les forces militaires des frappes des forces militaires am\u00e9ricaines contre les installations d\u2019enrichissement nucl\u00e9aires de l\u2019Iran. Aux premi\u00e8res heures de dimanche 22\u00a0juin, le pr\u00e9sident am\u00e9ricain a communiqu\u00e9 via son r\u00e9seau Truth Social que son pays avait \u00abmen\u00e9 \u00e0 bien une attaque tr\u00e8s r\u00e9ussie sur les trois sites nucl\u00e9aires en Iran, notamment Fordo, Natanz et Ispahan\u00bb, pr\u00e9cisant qu\u2019\u00abune pleine charge de bombes a \u00e9t\u00e9 largu\u00e9e sur le site principal, Fordo\u00bb \u00e0 environ 150 kilom\u00e8tres au sud de T\u00e9h\u00e9ran.<\/p>\n<p class=\"sc-ksZaOG ehjQrN text-element\">Indiquant que cette offensive avait \u00e9t\u00e9 conduite par <a href=\"https:\/\/www.liberation.fr\/international\/moyen-orient\/en-direct-guerre-iran-israel-israel-affirme-avoir-retarde-la-bombe-nucleaire-iranienne-de-deux-ou-trois-ans-20250621_3UJRJFS2OBG4JK7IDMZW57SFDA\/\" target=\"_blank\" rel=\"noopener\" title=\"https:\/\/www.liberation.fr\/international\/moyen-orient\/en-direct-guerre-iran-israel-israel-affirme-avoir-retarde-la-bombe-nucleaire-iranienne-de-deux-ou-trois-ans-20250621_3UJRJFS2OBG4JK7IDMZW57SFDA\/\">des bombardiers furtifs B-2<\/a> \u2013 fleurons de l\u2019Air Force am\u00e9ricaine, capables de porter pr\u00e8s de 30 tonnes de munitions explosives \u2013, Donald Trump a pr\u00e9cis\u00e9 que tous les appareils \u00abse trouvent d\u00e9sormais hors de l\u2019espace a\u00e9rien de l\u2019Iran\u00bb et \u00aben train de rentrer en s\u00e9curit\u00e9\u00bb. Dans un communiqu\u00e9, l\u2019Organisation iranienne de l\u2019\u00e9nergie atomique a confirm\u00e9 que les installations de Fordo, Natanz et Ispahan avaient \u00e9t\u00e9 attaqu\u00e9es, d\u00e9non\u00e7ant \u00abune violation du droit international, en particulier du Trait\u00e9 de non-prolif\u00e9ration nucl\u00e9aire (TNP)\u00bb, avant d\u2019annoncer des recours \u00e0 venir contre les Etats-Unis devant les instances internationales et la poursuite du programme nucl\u00e9aire iranien. Les m\u00e9dias d\u2019\u00c9tat de la R\u00e9publique islamique ont par ailleurs relay\u00e9 qu\u2019il n\u2019y aurait aucune inqui\u00e9tude quant \u00e0 une fuite radioactive suite \u00e0 l\u2019attaque des sites vis\u00e9s.<\/p>\n<p class=\"sc-ksZaOG ehjQrN text-element\">Le chef de l\u2019Etat am\u00e9ricain, qui avait pris part \u00e0 un conseil de s\u00e9curit\u00e9 \u00e0 la Maison Blanche quelques heures plus t\u00f4t, doit s\u2019exprimer depuis Washington \u00e0 22 heures (4 heures du matin \u00e0 Paris). \u00abIl n\u2019y a pas d\u2019autre arm\u00e9e au monde qui aurait pu accomplir cela\u00bb, a \u00e9galement vant\u00e9 Trump dans son post, avant de hasarder ce v\u0153u pieux\u00a0: \u00abL\u2019HEURE DE LA PAIX A SONN\u00c9\u00a0!\u00bb. Tout indique pourtant qu\u2019il vient d\u2019engager les Etats-Unis dans un nouveau conflit ouvert au Moyen-Orient, rejoignant ainsi Isra\u00ebl dans la guerre engag\u00e9e contre l\u2019Iran depuis neuf jours. Pr\u00e8s de 40\u00a0000 troupes am\u00e9ricaines, actuellement post\u00e9es dans la r\u00e9gion, se trouvent susceptibles d\u2019\u00eatre prises pour cible d\u2019une riposte de la R\u00e9publique islamique ou de ses relais.<\/p>\n<p class=\"sc-ksZaOG ehjQrN text-element\">Donald Trump s\u2019est entretenu avec le Premier ministre Benjamin Netanyahu apr\u00e8s les frappes, a communiqu\u00e9 la Maison Blanche aux m\u00e9dias am\u00e9ricains, ajoutant que les autorit\u00e9s isra\u00e9liennes avaient \u00e9t\u00e9 pr\u00e9venues peu avant que les bombes ne soient largu\u00e9es. Dans une d\u00e9claration enregistr\u00e9e diffus\u00e9e sur les m\u00e9dias sociaux, N\u00e9tanyahou a f\u00e9licit\u00e9 le pr\u00e9sident Trump pour \u00absa d\u00e9cision audacieuse de cibler les installations nucl\u00e9aires iraniennes\u00bb. Les \u00c9tats-Unis, a-t-il d\u00e9clar\u00e9, \u00abont fait ce qu\u2019aucun autre pays sur terre ne pouvait faire. L\u2019histoire retiendra que le pr\u00e9sident Trump a agi pour priver le r\u00e9gime le plus dangereux du monde des armes les plus dangereuses du monde.\u00bb <\/p>\n<p class=\"sc-ksZaOG ehjQrN text-element\">A l\u2019inverse, le Secr\u00e9taire g\u00e9n\u00e9ral des Nations Unies, Antonio Guterres, s\u2019est dit \u00ab gravement alarm\u00e9 par le recours \u00e0 la force des \u00c9tats-Unis contre l\u2019Iran aujourd\u2019hui\u00bb : \u00abIl s\u2019agit d\u2019une escalade dangereuse dans une r\u00e9gion d\u00e9j\u00e0 sur la corde raide, et une menace directe pour la paix et la s\u00e9curit\u00e9 internationales\u00bb, s\u2019est-il inqui\u00e9t\u00e9 dans un post sur X (ex-Twitter).<\/p>\n<p class=\"sc-ksZaOG ehjQrN text-element\">Ancien haut responsable de missions relatives au Moyen-Orient sous les administrations de George W. Bush, Barack Obama, Donald Trump et Joe Biden, Brett McGurk a expos\u00e9 sur CNN qu\u2019une telle op\u00e9ration avait \u00e9t\u00e9 \u00abm\u00fbrie et r\u00e9p\u00e9t\u00e9e depuis des ann\u00e9es, au cas o\u00f9 nous devrions en venir l\u00e0\u00bb, mobilisant vraisemblablement \u00abpour la toute premi\u00e8re fois\u00bb des <a href=\"https:\/\/www.liberation.fr\/international\/moyen-orient\/la-gbu-57-puissante-bombe-anti-bunker-quisrael-reclame-pour-detruire-le-programme-nucleaire-iranien-20250616_CE22FCAL6BHWDBOQNWS7HWKHGE\/\" target=\"_blank\" rel=\"noopener\" title=\"https:\/\/www.liberation.fr\/international\/moyen-orient\/la-gbu-57-puissante-bombe-anti-bunker-quisrael-reclame-pour-detruire-le-programme-nucleaire-iranien-20250616_CE22FCAL6BHWDBOQNWS7HWKHGE\/\">bombes \u00abanti-bunker\u00bb GBU-57, <\/a>un type de munitions explosives \u00e0 tr\u00e8s forte perforation, pr\u00e9sentes exclusivement dans l\u2019arsenal am\u00e9ricain et con\u00e7ues depuis deux d\u00e9cennies pr\u00e9cis\u00e9ment dans l\u2019optique de pouvoir d\u00e9truire des cibles aussi profond\u00e9ment enfouies que l\u2019est Fordo sous les montagnes iraniennes. \u00abCette option s\u2019est transmise d\u2019une pr\u00e9sidence \u00e0 l\u2019autre, avec l\u2019espoir qu\u2019elle n\u2019aurait pas \u00e0 servir. Aujourd\u2019hui c\u2019est arriv\u00e9\u00bb, a-t-il conclu.<\/p>\n<p class=\"sc-ksZaOG ehjQrN text-element\"><b>Plus d\u2019informations \u00e0 venir<\/b><\/p>\n","protected":false},"excerpt":{"rendered":"Apr\u00e8s des jours \u00e0 mettre en sc\u00e8ne son h\u00e9sitation, Donald Trump a finalement mis \u00e0 ex\u00e9cution sa menace&hellip;\n","protected":false},"author":2,"featured_media":194867,"comment_status":"","ping_status":"","sticky":false,"template":"","format":"standard","meta":{"footnotes":""},"categories":[1589],"tags":[11,75,73,1866,3019,4884,31951,664,12,1864,1865,1863,308],"class_list":{"0":"post-194866","1":"post","2":"type-post","3":"status-publish","4":"format-standard","5":"has-post-thumbnail","7":"category-etats-unis","8":"tag-actualites","9":"tag-donald-trump","10":"tag-etats-unis","11":"tag-etats-unis-damerique","12":"tag-iran","13":"tag-iran-etats-unis","14":"tag-iran-israel-guerre","15":"tag-israel","16":"tag-news","17":"tag-united-states","18":"tag-united-states-of-america","19":"tag-us","20":"tag-usa"},"share_on_mastodon":{"url":"https:\/\/pubeurope.com\/@fr\/114724723944763664","error":""},"_links":{"self":[{"href":"https:\/\/www.europesays.com\/fr\/wp-json\/wp\/v2\/posts\/194866","targetHints":{"allow":["GET"]}}],"collection":[{"href":"https:\/\/www.europesays.com\/fr\/wp-json\/wp\/v2\/posts"}],"about":[{"href":"https:\/\/www.europesays.com\/fr\/wp-json\/wp\/v2\/types\/post"}],"author":[{"embeddable":true,"href":"https:\/\/www.europesays.com\/fr\/wp-json\/wp\/v2\/users\/2"}],"replies":[{"embeddable":true,"href":"https:\/\/www.europesays.com\/fr\/wp-json\/wp\/v2\/comments?post=194866"}],"version-history":[{"count":0,"href":"https:\/\/www.europesays.com\/fr\/wp-json\/wp\/v2\/posts\/194866\/revisions"}],"wp:featuredmedia":[{"embeddable":true,"href":"https:\/\/www.europesays.com\/fr\/wp-json\/wp\/v2\/media\/194867"}],"wp:attachment":[{"href":"https:\/\/www.europesays.com\/fr\/wp-json\/wp\/v2\/media?parent=194866"}],"wp:term":[{"taxonomy":"category","embeddable":true,"href":"https:\/\/www.europesays.com\/fr\/wp-json\/wp\/v2\/categories?post=194866"},{"taxonomy":"post_tag","embeddable":true,"href":"https:\/\/www.europesays.com\/fr\/wp-json\/wp\/v2\/tags?post=194866"}],"curies":[{"name":"wp","href":"https:\/\/api.w.org\/{rel}","templated":true}]}}