{"id":194870,"date":"2025-06-22T02:46:10","date_gmt":"2025-06-22T02:46:10","guid":{"rendered":"https:\/\/www.europesays.com\/fr\/194870\/"},"modified":"2025-06-22T02:46:10","modified_gmt":"2025-06-22T02:46:10","slug":"il-y-a-35-ans-la-disparition-a-berlin-de-checkpoint-charlie-un-point-de-passage-entre-lallemagne-de-lest-et-de-louest-depuis-1961","status":"publish","type":"post","link":"https:\/\/www.europesays.com\/fr\/194870\/","title":{"rendered":"il y a\u00a035 ans, la disparition \u00e0 Berlin de \u00ab\u00a0Checkpoint Charlie\u00a0\u00bb, un point de passage entre l\u2019Allemagne de l\u2019Est et de l\u2019Ouest depuis 1961"},"content":{"rendered":"<p>Le 22\u00a0juin 1990, le point de passage de Berlin entre l\u2019Est et l\u2019Ouest de l\u2019Allemagne \u00ab\u00a0Checkpoint Charlie\u00a0\u00bb est d\u00e9mantel\u00e9, suite \u00e0 <a href=\"https:\/\/www.sudouest.fr\/international\/europe\/allemagne\/histoire-il-y-a-35-ans-la-chute-du-mur-de-berlin-en-images-22054005.php\" rel=\"nofollow noopener\" target=\"_blank\">la chute du Mur de Berlin le 9\u00a0novembre 1989<\/a>.<\/p>\n<p>Mis en place en ao\u00fbt 1961 (\u00e0 la m\u00eame p\u00e9riode que celle du Mur de Berlin), ce point de contr\u00f4le situ\u00e9 sur la\u00a0Friedrichstra\u00dfe, \u00e0 la fronti\u00e8re entre les districts de\u00a0Mitte (en\u00a0secteur Est, sovi\u00e9tique) et\u00a0Kreuzberg (en\u00a0secteur Ouest, am\u00e9ricain), \u00e9tait r\u00e9serv\u00e9 aux \u00e9trangers, aux diplomates, et aux \u00e9changes de prisonniers.<\/p>\n<p>Symbole de la guerre froide, ce poste-fronti\u00e8re demeure aujourd\u2019hui un site m\u00e9morable o\u00f9 les touristes peuvent prendre des photos.<\/p>\n<p>En 1963, \u00e0 la Une de \u00ab\u00a0Sud Ouest\u00a0\u00bb<\/p>\n<p>        <img decoding=\"async\" id=\"24707041\" src=\"https:\/\/www.europesays.com\/fr\/wp-content\/uploads\/2025\/06\/sudouest-22061963p1.jpg\" alt=\"Reproduction de la Une de \u00ab\u00a0Sud Ouest\u00a0\u00bb du 22\u00a0juin 1963.\" itemprop=\"contentURL\"\/><\/p>\n<p>    Reproduction de la Une de \u00ab\u00a0Sud Ouest\u00a0\u00bb du 22\u00a0juin 1963.<\/p>\n<p>Archives \u00ab\u00a0Sud Ouest\u00a0\u00bb<\/p>\n<p><strong>Pour retrouver et acheter toutes les Unes de \u00ab\u00a0Sud Ouest\u00a0\u00bb depuis 1944\u00a0:<\/strong> <a href=\"https:\/\/unes-anniversaires.sudouest.fr\/\" target=\"_blank\" rel=\"nofollow noopener\">cliquez ici.<\/a><\/p>\n<p>Dans le calendrier<\/p>\n<p><strong>Saint-Alban<\/strong>, mort en 209, premier martyr des Anglais, fut mis \u00e0 mort \u00e0 la place d\u2019un pr\u00eatre dont il avait rev\u00eatu les habits pour mieux le cacher.<strong>\u00a0<\/strong>Les Alban sont\u00a0<strong>distingu\u00e9s\u00a0<\/strong>et<strong>\u00a0courageux.\u00a0<\/strong>Leur couleur\u00a0:<strong> l\u2019orang\u00e9.\u00a0<\/strong>Leur chiffre\u00a0: <strong>le 3.<\/strong><\/p>\n<p><strong>Le dicton du jour\u00a0:<\/strong> \u00ab\u00a0A la Saint Alban, on peut poser ses v\u00eatements.\u00a0\u00bb<\/p>\n<p>\u00c7a s\u2019est pass\u00e9 un 22\u00a0juin<\/p>\n<p><strong>1791\u00a0<\/strong>Arrestation de Louis XVI \u00e0 Varennes.\u00a0<strong>1940<\/strong>\u00a0Signature de l\u2019armistice entre la France et l\u2019Allemagne.\u00a0<strong>1987<\/strong>\u00a0D\u00e9c\u00e8s de Fred Astaire, artiste am\u00e9ricain. <strong>2004<\/strong>\u00a0La cour d\u2019assises d\u2019Arlon, en Belgique, condamne le p\u00e9dophile Marc Dutroux, 47\u00a0ans, \u00e0 la prison \u00e0 perp\u00e9tuit\u00e9 pour l\u2019enl\u00e8vement, la s\u00e9questration et le viol de six filles en 1995 et 1996, ainsi que l\u2019assassinat de deux de ses victimes et d\u2019un de ses anciens complices.\u00a0<strong>2009 <\/strong><a href=\"https:\/\/www.sudouest.fr\/lot-et-garonne\/marmande\/marmande-en-2009-la-fin-des-cuisines-cesa-est-proche-11368548.php\" rel=\"nofollow noopener\" target=\"_blank\">Au tribunal de commerce d\u2019Agen, on apprend la liquidation imminente des cuisines Cesa de Marmande<\/a>. Avec ce fleuron historique de l\u2019industrie locale, ce sont 76 emplois qui disparaissent. <strong>2013\u00a0<\/strong>Inscription du Mont Fuji au patrimoine mondial de l\u2019Unesco. <strong>2019 <\/strong>Elton John se produit \u00e0 l\u2019Arena de Floirac dans le cadre de sa tourn\u00e9e d\u2019adieux.\u00a0<strong>2020<\/strong>\u00a0D\u00e9c\u00e8s de Joel Schumacher, homme de cin\u00e9ma am\u00e9ricain.\u00a0<strong>2020 <\/strong><a href=\"https:\/\/www.sudouest.fr\/landes\/saint-geours-de-maremne\/deces-de-robert-labeyrie-un-nom-et-une-marque-1913981.php\" rel=\"nofollow noopener\" target=\"_blank\">Originaire de Saubusse dans les Landes, producteur de foie gras et de saumon fum\u00e9 dont le nom est devenu une marque, Robert Labeyrie s\u2019\u00e9teint \u00e0 l\u2019\u00e2ge de 96\u00a0ans<\/a>. <strong>2022\u00a0<\/strong>D\u00e9c\u00e8s du pal\u00e9ontologue Yves Coppens.<\/p>\n<p>Ils sont n\u00e9s un 22\u00a0juin<\/p>\n<p>Jacques Martin, journaliste et animateur de t\u00e9l\u00e9vision fran\u00e7ais (1933-2007). Meryl Streep, actrice am\u00e9ricaine (1949).<\/p>\n<p>Cyndi Lauper, chanteuse am\u00e9ricaine (1953). Dan Brown, auteur am\u00e9ricain (1964). Dany Boon, humoriste et acteur fran\u00e7ais (1966). Thomas Voeckler, cycliste fran\u00e7ais (1979). S\u00e9bastien Haller, footballeur fran\u00e7ais (1994).<\/p>\n","protected":false},"excerpt":{"rendered":"Le 22\u00a0juin 1990, le point de passage de Berlin entre l\u2019Est et l\u2019Ouest de l\u2019Allemagne \u00ab\u00a0Checkpoint Charlie\u00a0\u00bb est&hellip;\n","protected":false},"author":2,"featured_media":194871,"comment_status":"","ping_status":"","sticky":false,"template":"","format":"standard","meta":{"footnotes":""},"categories":[1587],"tags":[11,672,1804,1805,1803,1777,674,1801,12,1802],"class_list":{"0":"post-194870","1":"post","2":"type-post","3":"status-publish","4":"format-standard","5":"has-post-thumbnail","7":"category-allemagne","8":"tag-actualites","9":"tag-allemagne","10":"tag-bundesrepublik-deutschland","11":"tag-de","12":"tag-deutschland","13":"tag-eu","14":"tag-europe","15":"tag-germany","16":"tag-news","17":"tag-republique-federale-dallemagne"},"share_on_mastodon":{"url":"https:\/\/pubeurope.com\/@fr\/114724731879884570","error":""},"_links":{"self":[{"href":"https:\/\/www.europesays.com\/fr\/wp-json\/wp\/v2\/posts\/194870","targetHints":{"allow":["GET"]}}],"collection":[{"href":"https:\/\/www.europesays.com\/fr\/wp-json\/wp\/v2\/posts"}],"about":[{"href":"https:\/\/www.europesays.com\/fr\/wp-json\/wp\/v2\/types\/post"}],"author":[{"embeddable":true,"href":"https:\/\/www.europesays.com\/fr\/wp-json\/wp\/v2\/users\/2"}],"replies":[{"embeddable":true,"href":"https:\/\/www.europesays.com\/fr\/wp-json\/wp\/v2\/comments?post=194870"}],"version-history":[{"count":0,"href":"https:\/\/www.europesays.com\/fr\/wp-json\/wp\/v2\/posts\/194870\/revisions"}],"wp:featuredmedia":[{"embeddable":true,"href":"https:\/\/www.europesays.com\/fr\/wp-json\/wp\/v2\/media\/194871"}],"wp:attachment":[{"href":"https:\/\/www.europesays.com\/fr\/wp-json\/wp\/v2\/media?parent=194870"}],"wp:term":[{"taxonomy":"category","embeddable":true,"href":"https:\/\/www.europesays.com\/fr\/wp-json\/wp\/v2\/categories?post=194870"},{"taxonomy":"post_tag","embeddable":true,"href":"https:\/\/www.europesays.com\/fr\/wp-json\/wp\/v2\/tags?post=194870"}],"curies":[{"name":"wp","href":"https:\/\/api.w.org\/{rel}","templated":true}]}}