{"id":194880,"date":"2025-06-22T02:51:16","date_gmt":"2025-06-22T02:51:16","guid":{"rendered":"https:\/\/www.europesays.com\/fr\/194880\/"},"modified":"2025-06-22T02:51:16","modified_gmt":"2025-06-22T02:51:16","slug":"la-france-soffre-la-serbie-chez-elle-en-ligue-des-nations","status":"publish","type":"post","link":"https:\/\/www.europesays.com\/fr\/194880\/","title":{"rendered":"la France s&rsquo;offre la Serbie chez elle en Ligue des nations"},"content":{"rendered":"<p>Les joueuses de Cesar Hernandez n\u2019ont pas craqu\u00e9 \u00e0 Belgrade dans un match intense (21-25, 25-16, 16-25, 25-15, 15-13).<\/p>\n<p class=\"fig-paragraph\">Impressionnantes vendredi face aux N\u00e9erlandaises,\u00a0<a href=\"http:\/\/www.lefigaro.fr\/sports\/autres-sports\/ligue-des-nations-de-volley-les-bleus-enchainent-face-au-canada-20250615\" data-fig-type=\"NewsFlash\" data-gtm-custom-categorie=\"navigation\" data-gtm-custom-action=\"crossclick\" data-gtm-custom-label=\"Contextuel\" data-gtm-event=\"customEventSPE\" data-fig-domain=\"LEFIGARO\" target=\"_blank\" rel=\"noopener\">les volleyeuses fran\u00e7aises<\/a>\u00a0ont encha\u00een\u00e9 samedi en Ligue des nations en battant les Serbes devant leur public \u00e0 Belgrade \u00e0 l&rsquo;issue d&rsquo;un match intense (21-25, 25-16, 16-25, 25-15, 15-13). Pr\u00e8s d&rsquo;un an apr\u00e8s sa d\u00e9faite face aux m\u00eames adversaires en trois sets secs (25-17, 25-17, 25-22) en ouverture de son tournoi olympique \u00e0 Paris, l&rsquo;\u00e9quipe de France a pu mesurer le chemin parcouru et les progr\u00e8s accomplis.<\/p>\n<p class=\"fig-paragraph\">Vendredi, la France avait battu avec la mani\u00e8re les Pays-Bas, 8e nation mondiale, 3 sets \u00e0 0 (25-21, 25-19, 25-20). Elle a r\u00e9cidiv\u00e9 face \u00e0 la Serbie, championne du monde en 2018 et 2022 et vice-championne d&rsquo;Europe en 2023 mais en perte de vitesse (les Serbes, battues en quart de finale lors des Jeux de Paris 2024, sont derni\u00e8res au classement de la Ligue des nations avec sept d\u00e9faites).<\/p>\n<p>Troisi\u00e8me succ\u00e8s en sept matches pour les Bleues<\/p>\n<p class=\"fig-paragraph\">Les Bleues enregistrent-elles un troisi\u00e8me succ\u00e8s en sept matches et sont d\u00e9sormais 9e avec 9 points. De quoi \u00abcroire encore \u00e0 la phase finale\u00bb que joueront les huit premi\u00e8res \u00e9quipes (22-26 juillet), comme l&rsquo;a dit leur s\u00e9lectionneur\u00a0<a href=\"http:\/\/www.lefigaro.fr\/sports\/autres-sports\/volley-l-espagnol-cesar-hernandez-nouveau-selectionneur-des-bleues-20241206\" data-fig-type=\"NewsFlash\" data-gtm-custom-categorie=\"navigation\" data-gtm-custom-action=\"crossclick\" data-gtm-custom-label=\"Contextuel\" data-gtm-event=\"customEventSPE\" data-fig-domain=\"LEFIGARO\" target=\"_blank\" rel=\"noopener\">Cesar Hernandez<\/a>\u00a0\u00e0 la fin du match. \u00abLe match a \u00e9t\u00e9 tr\u00e8s dur. Mais on n&rsquo;a jamais rien l\u00e2ch\u00e9. Je suis tr\u00e8s fi\u00e8re de mon \u00e9quipe et j&rsquo;ai h\u00e2te de voir ce qu&rsquo;on peut faire (dimanche) face aux \u00c9tats-Unis (vice-champions olympiques)\u00bb, a d\u00e9clar\u00e9 de son c\u00f4t\u00e9 la capitaine et r\u00e9ceptionneuse-attaquante\u00a0<a href=\"https:\/\/www.lefigaro.fr\/sports\/volley\/ligue-a\/fil-info\/le-rc-cannes-recrute-helena-cazaute-860861\" data-fig-type=\"NewsFlash\" data-gtm-custom-categorie=\"navigation\" data-gtm-custom-action=\"crossclick\" data-gtm-custom-label=\"Contextuel\" data-gtm-event=\"customEventSPE\" data-fig-domain=\"LEFIGARO\" target=\"_blank\" rel=\"noopener\">H\u00e9l\u00e9na Cazaute<\/a>, de retour pour cette deuxi\u00e8me \u00e9tape de la Ligue apr\u00e8s avoir \u00e9t\u00e9 laiss\u00e9 au repos lors de la premi\u00e8re en Chine d\u00e9but juin.<\/p>\n<p class=\"fig-paragraph\">D\u00e9j\u00e0 meilleure marqueuse face aux Pays-Bas (18 points), elle s&rsquo;est encore montr\u00e9e indispensable face aux Serbes avec ses 26 points inscrits. Sous son impulsion, les Fran\u00e7aises ont bien d\u00e9marr\u00e9 la rencontre avant de se faire distancer par Vanja Ivanovic (6 pts dans le premier set) et ses co\u00e9quipi\u00e8res. Men\u00e9es 24-17, les Bleues sont revenues \u00e0 quatre longueurs, mais ont finalement c\u00e9d\u00e9 la premi\u00e8re manche 25-21. Les Fran\u00e7aises ont commenc\u00e9 la deuxi\u00e8me tambour battant et ont rapidement pris le large gr\u00e2ce encore \u00e0 Cazaute (7 pts) et Imane Ndiaye (6 pts). Les joueuses de Cesar Hernandez ont enlev\u00e9 le deuxi\u00e8me set 25-16 sur un smash d&rsquo;Amanda Sylves.<\/p>\n<p class=\"fig-paragraph\">Port\u00e9es par leur bouillant public, les Serbes ont r\u00e9pliqu\u00e9 dans la troisi\u00e8me manche sur le m\u00eame score 25-16, gr\u00e2ce notamment \u00e0 cinq points de la jeune Hena Kurtagic, 20 ans, co\u00e9quipi\u00e8re en club de Cazaute \u00e0 Milan. Les quatre blocs serbes ont \u00e9galement fait la diff\u00e9rence dans cette manche. Dans ce match d\u00e9cid\u00e9ment ind\u00e9cis, la France a \u00e9galis\u00e9 en remportant le quatri\u00e8me set 25-15, conclu par un point de l&rsquo;in\u00e9vitable Cazaute. Lors du cinqui\u00e8me set d\u00e9cisif gagn\u00e9 15-13, elle a ajout\u00e9 six points \u00e0 son compteur pour emmener son \u00e9quipe vers la victoire et entretenir les espoirs de phase finale.<\/p>\n","protected":false},"excerpt":{"rendered":"Les joueuses de Cesar Hernandez n\u2019ont pas craqu\u00e9 \u00e0 Belgrade dans un match intense (21-25, 25-16, 16-25, 25-15,&hellip;\n","protected":false},"author":2,"featured_media":194881,"comment_status":"","ping_status":"","sticky":false,"template":"","format":"standard","meta":{"footnotes":""},"categories":[4],"tags":[2466,2465,2464,11,1977,1981,451,207,64,2468,63,1454,1011,27,66,447,2467,1457,2182,12,25,1980,479,2259,3329,1467,1470],"class_list":{"0":"post-194880","1":"post","2":"type-post","3":"status-publish","4":"format-standard","5":"has-post-thumbnail","7":"category-france","8":"tag-2466","9":"tag-actu-sport","10":"tag-actualite-sportive","11":"tag-actualites","12":"tag-auto","13":"tag-classement","14":"tag-coupe-du-monde","15":"tag-cyclisme","16":"tag-equipe-de-france","17":"tag-euro-foot","18":"tag-football","19":"tag-formule-1","20":"tag-fr","21":"tag-france","22":"tag-ligue-1","23":"tag-ligue-des-champions","24":"tag-live-sport","25":"tag-moto","26":"tag-nba","27":"tag-news","28":"tag-republique-francaise","29":"tag-resultats","30":"tag-rugby","31":"tag-score","32":"tag-serbie","33":"tag-tennis","34":"tag-volley"},"share_on_mastodon":{"url":"https:\/\/pubeurope.com\/@fr\/114724751513804115","error":""},"_links":{"self":[{"href":"https:\/\/www.europesays.com\/fr\/wp-json\/wp\/v2\/posts\/194880","targetHints":{"allow":["GET"]}}],"collection":[{"href":"https:\/\/www.europesays.com\/fr\/wp-json\/wp\/v2\/posts"}],"about":[{"href":"https:\/\/www.europesays.com\/fr\/wp-json\/wp\/v2\/types\/post"}],"author":[{"embeddable":true,"href":"https:\/\/www.europesays.com\/fr\/wp-json\/wp\/v2\/users\/2"}],"replies":[{"embeddable":true,"href":"https:\/\/www.europesays.com\/fr\/wp-json\/wp\/v2\/comments?post=194880"}],"version-history":[{"count":0,"href":"https:\/\/www.europesays.com\/fr\/wp-json\/wp\/v2\/posts\/194880\/revisions"}],"wp:featuredmedia":[{"embeddable":true,"href":"https:\/\/www.europesays.com\/fr\/wp-json\/wp\/v2\/media\/194881"}],"wp:attachment":[{"href":"https:\/\/www.europesays.com\/fr\/wp-json\/wp\/v2\/media?parent=194880"}],"wp:term":[{"taxonomy":"category","embeddable":true,"href":"https:\/\/www.europesays.com\/fr\/wp-json\/wp\/v2\/categories?post=194880"},{"taxonomy":"post_tag","embeddable":true,"href":"https:\/\/www.europesays.com\/fr\/wp-json\/wp\/v2\/tags?post=194880"}],"curies":[{"name":"wp","href":"https:\/\/api.w.org\/{rel}","templated":true}]}}