{"id":194884,"date":"2025-06-22T02:54:15","date_gmt":"2025-06-22T02:54:15","guid":{"rendered":"https:\/\/www.europesays.com\/fr\/194884\/"},"modified":"2025-06-22T02:54:15","modified_gmt":"2025-06-22T02:54:15","slug":"super-xiii-quentin-crunel-esperer-avoir-du-temps-de-jeu-avec-lequipe-professionnelle-rugby-a-xiii","status":"publish","type":"post","link":"https:\/\/www.europesays.com\/fr\/194884\/","title":{"rendered":"Super XIII &#8211; Quentin Crunel : \u00ab\u00a0Esp\u00e9rer avoir du temps de jeu avec l\u2019\u00e9quipe professionnelle\u00a0\u00bb &#8211; Rugby \u00e0 XIII"},"content":{"rendered":"<p style=\"text-align: justify;\"><strong>Quentin Crunel, ailier du XIII Limouxin, revient sur son d\u00e9part \u00e0 XV et fait un bilan de ses ann\u00e9es dans la Haute Vall\u00e9e.<\/strong><\/p>\n<p style=\"text-align: justify;\"><strong>Pourquoi quitter le XIII Limouxin pour le Racing Club Narbonnais ?<\/strong><\/p>\n<p style=\"text-align: justify;\">Cela faisait un moment que je voulais tenter ma chance \u00e0 XV. J\u2019ai eu la chance d\u2019avoir cette opportunit\u00e9, c\u2019\u00e9tait le moment ou jamais.<\/p>\n<p style=\"text-align: justify;\"><strong>Comment s\u2019est fait le contact ?<\/strong><\/p>\n<p style=\"text-align: justify;\">Dans un premier temps, le contact s\u2019est fait gr\u00e2ce \u00e0 des connaissances du c\u00f4t\u00e9 de la famille de ma copine. Dans un second temps, j\u2019ai rencontr\u00e9 le directeur du centre de formation de Narbonne, il m\u2019a parl\u00e9 du projet du club et j\u2019ai adh\u00e9r\u00e9 tout de suite.<\/p>\n<p style=\"text-align: justify;\"><strong>Que retiens-tu de tes ann\u00e9es \u00e0 Limoux ?<\/strong><\/p>\n<p style=\"text-align: justify;\">Je ne retiens que des belles choses ici, mais si je devais retenir quelque chose, ce serait le titre de champion de France en 2023 avec ce groupe de copains. Limoux est un club incroyable \u00e0 qui je souhaite de remporter de nombreux titres encore.<\/p>\n<p style=\"text-align: justify;\"><strong>Allons-nous te revoir \u00e0 XIII ou non ?<\/strong><\/p>\n<p style=\"text-align: justify;\">Je ne peux pas vous dire si vous me reverrez \u00e0 XIII ou non. J\u2019ai ador\u00e9 pratiquer ce sport, je lui dois beaucoup. C\u2019est un sport magnifique et ce qui est s\u00fbr, c\u2019est que le rugby \u00e0 XIII fran\u00e7ais m\u00e9rite plus.<\/p>\n<p style=\"text-align: justify;\"><strong>Quels sont tes objectifs avec ton nouveau club ?<\/strong><\/p>\n<p style=\"text-align: justify;\">Mes objectifs sont clairs, je vais travailler dur pour \u00eatre le meilleur possible et esp\u00e9rer avoir du temps de jeu avec l\u2019\u00e9quipe professionnelle.<\/p>\n","protected":false},"excerpt":{"rendered":"Quentin Crunel, ailier du XIII Limouxin, revient sur son d\u00e9part \u00e0 XV et fait un bilan de ses&hellip;\n","protected":false},"author":2,"featured_media":194885,"comment_status":"","ping_status":"","sticky":false,"template":"","format":"standard","meta":{"footnotes":""},"categories":[1416],"tags":[1011,27,14147,27671,479,2228,2115,1468,2229,60,2231],"class_list":{"0":"post-194884","1":"post","2":"type-post","3":"status-publish","4":"format-standard","5":"has-post-thumbnail","7":"category-rugby","8":"tag-fr","9":"tag-france","10":"tag-limoux","11":"tag-quentin-crunel","12":"tag-rugby","13":"tag-rugby-a-xiii","14":"tag-rugby-a-xv","15":"tag-rugby-football","16":"tag-rugby-league","17":"tag-sports","18":"tag-super-xiii"},"share_on_mastodon":{"url":"https:\/\/pubeurope.com\/@fr\/114724763339566127","error":""},"_links":{"self":[{"href":"https:\/\/www.europesays.com\/fr\/wp-json\/wp\/v2\/posts\/194884","targetHints":{"allow":["GET"]}}],"collection":[{"href":"https:\/\/www.europesays.com\/fr\/wp-json\/wp\/v2\/posts"}],"about":[{"href":"https:\/\/www.europesays.com\/fr\/wp-json\/wp\/v2\/types\/post"}],"author":[{"embeddable":true,"href":"https:\/\/www.europesays.com\/fr\/wp-json\/wp\/v2\/users\/2"}],"replies":[{"embeddable":true,"href":"https:\/\/www.europesays.com\/fr\/wp-json\/wp\/v2\/comments?post=194884"}],"version-history":[{"count":0,"href":"https:\/\/www.europesays.com\/fr\/wp-json\/wp\/v2\/posts\/194884\/revisions"}],"wp:featuredmedia":[{"embeddable":true,"href":"https:\/\/www.europesays.com\/fr\/wp-json\/wp\/v2\/media\/194885"}],"wp:attachment":[{"href":"https:\/\/www.europesays.com\/fr\/wp-json\/wp\/v2\/media?parent=194884"}],"wp:term":[{"taxonomy":"category","embeddable":true,"href":"https:\/\/www.europesays.com\/fr\/wp-json\/wp\/v2\/categories?post=194884"},{"taxonomy":"post_tag","embeddable":true,"href":"https:\/\/www.europesays.com\/fr\/wp-json\/wp\/v2\/tags?post=194884"}],"curies":[{"name":"wp","href":"https:\/\/api.w.org\/{rel}","templated":true}]}}