{"id":194887,"date":"2025-06-22T02:57:18","date_gmt":"2025-06-22T02:57:18","guid":{"rendered":"https:\/\/www.europesays.com\/fr\/194887\/"},"modified":"2025-06-22T02:57:18","modified_gmt":"2025-06-22T02:57:18","slug":"linstinct-nest-pas-bon-depuis-quinze-jours","status":"publish","type":"post","link":"https:\/\/www.europesays.com\/fr\/194887\/","title":{"rendered":"L&rsquo;instinct n&rsquo;est pas bon depuis quinze jours"},"content":{"rendered":"<p><a href=\"https:\/\/fr.motorsport.com\/driver\/johann-zarco\/96107\/\" target=\"_blank\" rel=\"noopener\">Johann Zarco<\/a> est-il engag\u00e9 dans un deuxi\u00e8me week-end cons\u00e9cutif \u00e0 oublier\u00a0? En difficult\u00e9 sur la Honda d\u00e8s vendredi, il a vu son sprint tourner court puisqu&rsquo;il est tomb\u00e9 d\u00e8s le premier virage. Une chute dont il n&rsquo;est pas directement responsable, puisqu&rsquo;elle a d\u00e9coul\u00e9 d&rsquo;un petit contact entre <a href=\"https:\/\/fr.motorsport.com\/driver\/fabio-di-giannantonio\/289538\/\" target=\"_blank\" rel=\"noopener\">Fabio Di Giannantonio<\/a> et <a href=\"https:\/\/fr.motorsport.com\/driver\/brad-binder\/109383\/\" target=\"_blank\" rel=\"noopener\">Brad Binder<\/a>.<\/p>\n<p>Pourtant, le Fran\u00e7ais prendrait presque sa part dans l&rsquo;incident, estimant qu&rsquo;il aurait pu prendre une meilleure d\u00e9cision lui \u00e9vitant de se retrouver \u00e0 la merci des autres. Globalement, il laisse transpara\u00eetre une p\u00e9riode dans laquelle il ne se sent pas totalement\u00a0\u00ab\u00a0en phase\u00a0\u00bb, et qu&rsquo;il esp\u00e8re rapidement mettre de c\u00f4t\u00e9.\u00a0<\/p>\n<p>\u00ab\u00a0Le d\u00e9part semblait correct\u00a0\u00bb, analyse-t-il. \u00ab\u00a0Binder part toujours tr\u00e8s, tr\u00e8s fort donc je m&rsquo;y attendais. Je suis d\u00e9\u00e7u de ne peut-\u00eatre pas avoir pris la bonne d\u00e9cision, de ne pas \u00eatre all\u00e9 \u00e0 l&rsquo;int\u00e9rieur. Je sais que souvent, l&rsquo;ext\u00e9rieur peut faire gagner des places, parce que \u00e7a permet de rentrer beaucoup plus vite dans le virage, mais du coup c&rsquo;est au risque de chuter s&rsquo;il se passe quelque chose \u00e0 l&rsquo;int\u00e9rieur, parce que c&rsquo;est trop dur d&rsquo;\u00e9viter les pilotes. C&rsquo;\u00e9tait exactement \u00e7a.\u00a0\u00bb <\/p>\n<p>\u00ab\u00a0Je n&rsquo;avais pas l&rsquo;impression d&rsquo;avoir de la place \u00e0 l&rsquo;int\u00e9rieur, mais quand je revois le ralenti, je me dis qu&rsquo;il y avait la place. Je suis d\u00e9\u00e7u de \u00e7a parce que sur quinze jours, \u00e7a fait un effet d&rsquo;encha\u00eenement de courses qui ne se d\u00e9roulent pas bien. Je n&rsquo;ai pas le rythme, et en plus sur des prises de d\u00e9cision o\u00f9 c&rsquo;est plut\u00f4t l&rsquo;instinct qui parle, l&rsquo;instinct n&rsquo;est pas bon depuis quinze jours, et \u00e7a me met les boules. C&rsquo;est vraiment de la critique personnelle pour essayer de tout prendre en compte.\u00a0\u00bb<\/p>\n<p>\u00a0<\/p>\n<p>Cet accrochage survenu au d\u00e9part, que Fabio Di Giannantonio dit d&rsquo;ailleurs ne m\u00eame pas avoir senti, a \u00e9t\u00e9 class\u00e9 sans suite par la direction de course. Lui aussi victime, Brad Binder s&rsquo;est montr\u00e9 assez fataliste, refusant d&rsquo;incriminer qui que ce soit.\u00a0<\/p>\n<p>\u00ab\u00a0J&rsquo;ai pris une petite poussette \u00e0 l&rsquo;int\u00e9rieure, juste assez pour perdre l&rsquo;avant, et ma course \u00e9tait termin\u00e9e\u00a0\u00bb, d\u00e9crit le pilote KTM.\u00a0\u00ab\u00a0C&rsquo;\u00e9tait un sprint bien plus court que ce que j&rsquo;aurais esp\u00e9r\u00e9. Mais \u00e7a peut arriver, et on retentera notre chance demain.\u00a0\u00bb <\/p>\n<p>\u00ab\u00a0Je ne l&rsquo;ai pas vu, et je tournais. C&rsquo;\u00e9tait un peu comme un sandwich. Ce n&rsquo;est pas de la faute de Diggia. C&rsquo;est malheureux parce que j&rsquo;avais besoin de courir, mais c&rsquo;est comme \u00e7a. Si je peux prendre le m\u00eame d\u00e9part demain, je peux me retrouver dans une position int\u00e9ressante.\u00a0\u00bb<\/p>\n<p>Traverser la temp\u00eate<br \/>\n   <img decoding=\"async\" draggable=\"false\" src=\"https:\/\/www.europesays.com\/fr\/wp-content\/uploads\/2025\/06\/1750561038_46_johann-zarco-team-lcr-honda.jpg\" alt=\"Johann Zarco veut tirer des le\u00e7ons de sa mauvaise passe.\" width=\"1200\" height=\"800\" loading=\"lazy\"\/> <\/p>\n<p class=\"title\">Johann Zarco veut tirer des le\u00e7ons de sa mauvaise passe.<\/p>\n<p class=\"photographer\">Photo de: Gold and Goose Photography \/ LAT Images \/ via Getty Images<\/p>\n<p>Pour Johann Zarco, cette mauvaise s\u00e9rie du moment n&rsquo;incite pas pour autant \u00e0 baisser les bras. D\u00e9termin\u00e9, il se raccroche \u00e0 son objectif de marquer des points, alors qu&rsquo;il s&rsquo;\u00e9lancera \u00e0 nouveau depuis la 14e place en course.<\/p>\n<p>\u00ab\u00a0En qualifs le chrono \u00e9tait plut\u00f4t correct, il ne manquait pas grand-chose pour la Q2, mais \u00e7a ne nous aurait pas sauv\u00e9s de nos probl\u00e8mes\u00a0\u00bb, pr\u00e9cise-t-il. \u00ab\u00a0M\u00eame Honda me dit que c&rsquo;est leur pire week-end, ici au Mugello. On a beaucoup de soucis, la moto ne fait pas le chrono, elle ne veut pas tourner.\u00a0\u00bb<\/p>\n<p>\u00ab\u00a0Il y a des points \u00e0 viser demain, clairement, certainement avec le pneu medium arri\u00e8re. J&rsquo;ai envie d&rsquo;aller chercher des points, d&rsquo;aller au bout. Et puis s&rsquo;il n&rsquo;y a pas de points, \u00e7a aura \u00e9t\u00e9 un tr\u00e8s mauvais week-end, mais avancer dans le championnat permet de revenir \u00e0 des objectifs basiques mais qui sont quand m\u00eame fondamentaux.\u00a0\u00bb<\/p>\n<p>Interrog\u00e9 sur la mauvaise passe qu&rsquo;il traverse, Johann Zarco est fid\u00e8le \u00e0 lui-m\u00eame, philosophe et convaincu de pouvoir en tirer, \u00e0 terme, quelque chose de positif.\u00a0<\/p>\n<p>\u00ab\u00a0Les beaux r\u00e9sultats permettent de mieux absorber des moments pas marrants comme \u00e7a\u00a0\u00bb, assure-t-il. \u00ab\u00a0Ensuite, j&rsquo;ai l&rsquo;impression que \u00e7a arrive un peu plus t\u00f4t que ce que j&rsquo;ai parfois pu vivre sur d&rsquo;autres saisons, et c&rsquo;est pas plus mal, \u00e7a veut dire qu&rsquo;il peut y avoir une meilleure remont\u00e9e, sur d&rsquo;autres circuits.\u00a0\u00bb <\/p>\n<p>\u00ab\u00a0Je suis curieux de voir comment g\u00e9rer \u00e7a. Mais le MotoGP est tr\u00e8s intense, tout va tr\u00e8s vite et il faut \u00eatre en phase, corps comme esprit, pour presque prendre des bonnes d\u00e9cisions, piloter correctement sur le moment pr\u00e9sent.\u00a0\u00bb<\/p>\n<p>Lire aussi :<\/p>\n<p>Dans cet article<\/p>\n<p>    Basile Davoine\n<\/p>\n<p>    MotoGP\n<\/p>\n<p>    Johann Zarco\n<\/p>\n<p>    Team LCR\n<\/p>\n<p>Soyez le premier inform\u00e9 et souscrivez aux alertes mails pour recevoir les infos en temps r\u00e9el<\/p>\n<p>    S&rsquo;abonner aux alertes de news<\/p>\n","protected":false},"excerpt":{"rendered":"Johann Zarco est-il engag\u00e9 dans un deuxi\u00e8me week-end cons\u00e9cutif \u00e0 oublier\u00a0? En difficult\u00e9 sur la Honda d\u00e8s vendredi,&hellip;\n","protected":false},"author":2,"featured_media":194888,"comment_status":"","ping_status":"","sticky":false,"template":"","format":"standard","meta":{"footnotes":""},"categories":[1413],"tags":[1011,27,31123,1741,1457,1456,1458,31124,60,3771],"class_list":{"0":"post-194887","1":"post","2":"type-post","3":"status-publish","4":"format-standard","5":"has-post-thumbnail","7":"category-moto","8":"tag-fr","9":"tag-france","10":"tag-gp-ditalie","11":"tag-johann-zarco","12":"tag-moto","13":"tag-motocycle","14":"tag-motogp","15":"tag-mugello","16":"tag-sports","17":"tag-team-lcr"},"share_on_mastodon":{"url":"https:\/\/pubeurope.com\/@fr\/114724775244280873","error":""},"_links":{"self":[{"href":"https:\/\/www.europesays.com\/fr\/wp-json\/wp\/v2\/posts\/194887","targetHints":{"allow":["GET"]}}],"collection":[{"href":"https:\/\/www.europesays.com\/fr\/wp-json\/wp\/v2\/posts"}],"about":[{"href":"https:\/\/www.europesays.com\/fr\/wp-json\/wp\/v2\/types\/post"}],"author":[{"embeddable":true,"href":"https:\/\/www.europesays.com\/fr\/wp-json\/wp\/v2\/users\/2"}],"replies":[{"embeddable":true,"href":"https:\/\/www.europesays.com\/fr\/wp-json\/wp\/v2\/comments?post=194887"}],"version-history":[{"count":0,"href":"https:\/\/www.europesays.com\/fr\/wp-json\/wp\/v2\/posts\/194887\/revisions"}],"wp:featuredmedia":[{"embeddable":true,"href":"https:\/\/www.europesays.com\/fr\/wp-json\/wp\/v2\/media\/194888"}],"wp:attachment":[{"href":"https:\/\/www.europesays.com\/fr\/wp-json\/wp\/v2\/media?parent=194887"}],"wp:term":[{"taxonomy":"category","embeddable":true,"href":"https:\/\/www.europesays.com\/fr\/wp-json\/wp\/v2\/categories?post=194887"},{"taxonomy":"post_tag","embeddable":true,"href":"https:\/\/www.europesays.com\/fr\/wp-json\/wp\/v2\/tags?post=194887"}],"curies":[{"name":"wp","href":"https:\/\/api.w.org\/{rel}","templated":true}]}}