{"id":194889,"date":"2025-06-22T02:58:11","date_gmt":"2025-06-22T02:58:11","guid":{"rendered":"https:\/\/www.europesays.com\/fr\/194889\/"},"modified":"2025-06-22T02:58:11","modified_gmt":"2025-06-22T02:58:11","slug":"pluie-de-buts-entre-dortmund-et-le-mamelodi-sundowns","status":"publish","type":"post","link":"https:\/\/www.europesays.com\/fr\/194889\/","title":{"rendered":"pluie de buts entre Dortmund et le Mamelodi Sundowns"},"content":{"rendered":"<p>Le Borussia Dortmund a dispos\u00e9 des Sud-Africains du Mamelodi Sundowns ce samedi, \u00e0 Cincinnati, non sans quelques frayeurs sur la fin de rencontre.<\/p>\n<p class=\"fig-paragraph\">Dortmund, qui menait 4-1 \u00e0 l\u2019heure de jeu samedi au Mondial des clubs contre les Mamelodi Sundowns, s\u2019est fait une petite frayeur en laissant les Sud-Africains revenir \u00e0\u00a0<a href=\"https:\/\/www.lefigaro.fr\/sports\/football\/live\/coupe-du-monde-des-clubs\/2025\/2492353\/mamelodi-sundowns-dortmund\" target=\"_blank\" rel=\"noopener nofollow\" data-gtm-custom-categorie=\"navigation\" data-gtm-custom-action=\"crossclick\" data-gtm-custom-label=\"Contextuel\" data-gtm-event=\"customEventSPE\">4-3<\/a>\u00a0en toute fin de match. Une victoire mercredi contre les Sud-Cor\u00e9ens d\u2019Ulsan, pour\u00a0<a href=\"https:\/\/www.lefigaro.fr\/sports\/football\/coupe-du-monde-des-clubs\/calendrier-resultats\/groupes#groupe-f\" target=\"_blank\" rel=\"noopener nofollow\" data-gtm-custom-categorie=\"navigation\" data-gtm-custom-action=\"crossclick\" data-gtm-custom-label=\"Contextuel\" data-gtm-event=\"customEventSPE\">la derni\u00e8re journ\u00e9e du groupe F<\/a>, assurera au Borussia un billet pour les huiti\u00e8mes de finale.<\/p>\n<p class=\"fig-paragraph\">Apr\u00e8s son match nul inaugural contre Fluminense (0-0), le BVB a ouvert son compteur au Mondial gr\u00e2ce \u00e0 Felix Nmecha (16e), Serhou Guirassy (34e), Jobe Bellingham (45e) et Khuliso Mudau (59e, csc). Mais les finalistes de la Ligue des champions 2024 (battus 2-0 par le Real) se sont inutilement mis en danger, en encaissant deux buts en fin de match, le dernier \u00e0 la 90e minute.\u00a0<a href=\"http:\/\/www.lefigaro.fr\/sports\/football\/transferts\/mercato-jobe-bellingham-suit-les-traces-de-son-frere-et-rejoint-dortmund-jusqu-en-2030-20250610\" data-fig-type=\"NewsFlash\" data-gtm-custom-categorie=\"navigation\" data-gtm-custom-action=\"crossclick\" data-gtm-custom-label=\"Contextuel\" data-gtm-event=\"customEventSPE\" data-fig-domain=\"LEFIGARO\" rel=\"nofollow noopener\" target=\"_blank\">Transf\u00e9r\u00e9 de Sunderland, Jobe Bellingham<\/a>, le fr\u00e8re cadet de 19 ans de Jude Bellingham, qui lui ressemble comme un jumeau, a fait ses d\u00e9buts sous le maillot de Dortmund et marqu\u00e9\u00a0<a href=\"http:\/\/www.lefigaro.fr\/sports\/football\/coupe-du-monde-des-clubs-le-premier-but-de-jobe-bellingham-avec-dortmund-en-video-20250621\" data-fig-type=\"NewsFlash\" data-gtm-custom-categorie=\"navigation\" data-gtm-custom-action=\"crossclick\" data-gtm-custom-label=\"Contextuel\" data-gtm-event=\"customEventSPE\" data-fig-domain=\"LEFIGARO\" rel=\"nofollow noopener\" target=\"_blank\">son premier but<\/a>\u00a0en pla\u00e7ant des 18 m\u00e8tres un ballon mal repouss\u00e9 par le gardien sud-africain.<\/p>\n<p class=\"fig-paragraph\">Peut-\u00eatre assomm\u00e9s par la chaleur de midi \u00e0 Cincinnati, les hommes de Niko Kovac ont c\u00e9d\u00e9 les premiers d\u00e8s la 11e minute. Le Br\u00e9silien Lucas Ribeiro a profit\u00e9 de la passivit\u00e9 de la d\u00e9fense centrale pour s\u2019\u00e9chapper depuis le rond central et aller battre Gregor Kobel en un contre un.<\/p>\n<p>Lueur d\u2019espoir pour les Sud-Africains<\/p>\n<p class=\"fig-paragraph\">Puis la m\u00e9canique allemande s\u2019est mise en marche. Nmecha a profit\u00e9 d\u2019une grossi\u00e8re erreur de relance du gardien sud-africain pour \u00e9galiser. Guirassy et Bellingham ont fait le break avant la pause, sur des contres initi\u00e9s par un pressing gagnant au milieu de terrain. Et le but contre son camp de Mudau a sembl\u00e9 sceller le sort du match \u00e0 l\u2019heure de jeu.<\/p>\n<p class=\"fig-paragraph\">Mais le BVB s\u2019est rel\u00e2ch\u00e9. Iqraam Rayners a r\u00e9duit le score (4-2, 62e), \u00e0 la conclusion d\u2019une superbe combinaison sur coup-franc. Et les Sud-Africains se sont offerts quelques minutes d\u2019espoir en revenant \u00e0 4-3 en fin de temps r\u00e9glementaire par Lebo Mothiba (90e). Dortmund a eu chaud, dans tous les sens du terme, mais a finalement tenu bon.<\/p>\n","protected":false},"excerpt":{"rendered":"Le Borussia Dortmund a dispos\u00e9 des Sud-Africains du Mamelodi Sundowns ce samedi, \u00e0 Cincinnati, non sans quelques frayeurs&hellip;\n","protected":false},"author":2,"featured_media":194890,"comment_status":"","ping_status":"","sticky":false,"template":"","format":"standard","meta":{"footnotes":""},"categories":[1412],"tags":[1981,451,6714,7151,814,20535,1451,63,1452,1453,1454,1455,1011,27,955,28931,4589,1463,28930,1980,60],"class_list":{"0":"post-194889","1":"post","2":"type-post","3":"status-publish","4":"format-standard","5":"has-post-thumbnail","7":"category-f1","8":"tag-classement","9":"tag-coupe-du-monde","10":"tag-coupe-du-monde-2022","11":"tag-coupe-du-monde-des-clubs","12":"tag-direct","13":"tag-eliminatoires","14":"tag-f1","15":"tag-football","16":"tag-formula-1","17":"tag-formula1","18":"tag-formule-1","19":"tag-formule1","20":"tag-fr","21":"tag-france","22":"tag-match","23":"tag-phase-de-groupes","24":"tag-phase-finale","25":"tag-qatar","26":"tag-qualif","27":"tag-resultats","28":"tag-sports"},"share_on_mastodon":{"url":"https:\/\/pubeurope.com\/@fr\/114724778998089423","error":""},"_links":{"self":[{"href":"https:\/\/www.europesays.com\/fr\/wp-json\/wp\/v2\/posts\/194889","targetHints":{"allow":["GET"]}}],"collection":[{"href":"https:\/\/www.europesays.com\/fr\/wp-json\/wp\/v2\/posts"}],"about":[{"href":"https:\/\/www.europesays.com\/fr\/wp-json\/wp\/v2\/types\/post"}],"author":[{"embeddable":true,"href":"https:\/\/www.europesays.com\/fr\/wp-json\/wp\/v2\/users\/2"}],"replies":[{"embeddable":true,"href":"https:\/\/www.europesays.com\/fr\/wp-json\/wp\/v2\/comments?post=194889"}],"version-history":[{"count":0,"href":"https:\/\/www.europesays.com\/fr\/wp-json\/wp\/v2\/posts\/194889\/revisions"}],"wp:featuredmedia":[{"embeddable":true,"href":"https:\/\/www.europesays.com\/fr\/wp-json\/wp\/v2\/media\/194890"}],"wp:attachment":[{"href":"https:\/\/www.europesays.com\/fr\/wp-json\/wp\/v2\/media?parent=194889"}],"wp:term":[{"taxonomy":"category","embeddable":true,"href":"https:\/\/www.europesays.com\/fr\/wp-json\/wp\/v2\/categories?post=194889"},{"taxonomy":"post_tag","embeddable":true,"href":"https:\/\/www.europesays.com\/fr\/wp-json\/wp\/v2\/tags?post=194889"}],"curies":[{"name":"wp","href":"https:\/\/api.w.org\/{rel}","templated":true}]}}