{"id":194900,"date":"2025-06-22T03:05:09","date_gmt":"2025-06-22T03:05:09","guid":{"rendered":"https:\/\/www.europesays.com\/fr\/194900\/"},"modified":"2025-06-22T03:05:09","modified_gmt":"2025-06-22T03:05:09","slug":"kyrian-de-chateaubriant-montera-sur-scene-dimanche","status":"publish","type":"post","link":"https:\/\/www.europesays.com\/fr\/194900\/","title":{"rendered":"Kyrian, de Ch\u00e2teaubriant, montera sur sc\u00e8ne dimanche"},"content":{"rendered":"<p>            Par<br \/>\n        <strong><br \/>\n            <a href=\"https:\/\/actu.fr\/auteur\/journaliste-er\" title=\"Consulter tous les articles de R\u00e9daction Ch\u00e2teaubriant\" rel=\"nofollow noopener\" target=\"_blank\">R\u00e9daction Ch\u00e2teaubriant<\/a><br \/>\n        <\/strong><\/p>\n<p>        Publi\u00e9 le<\/p>\n<p>            21 juin 2025 \u00e0 15h01        <\/p>\n<p>En 2023, le<a href=\"https:\/\/actu.fr\/pays-de-la-loire\/chateaubriant_44036\/un-chanteur-de-chateaubriant-met-le-feu-sur-scene-pour-louverture-du-hellfest-2023_59735546.html\" rel=\"nofollow noopener\" target=\"_blank\"> <b>groupe Tsar,<\/b> <\/a>dans lequel joue Kyrian Liberge, originaire de Ch\u00e2teaubriant (Loire-Atlantique), performait sur l\u2019une des sc\u00e8nes du Hellfest. Le groupe \u00e9tait sur la programmation du Hellstage.<\/p>\n<p class=\" wall-content\">Cette ann\u00e9e, le <b>groupe a l\u2019opportunit\u00e9 de performer sur une plus grande sc\u00e8ne.<\/b><\/p>\n<p>Hellfest\u2009: Kyrian, de Ch\u00e2teaubriant, montera sur sc\u00e8ne dimanche<\/p>\n<p class=\" wall-content\">Deux ans apr\u00e8s avoir enflamm\u00e9 le Hellstage, Kyrian Liberge et son groupe TSAR montent d\u2019un cran. Le dimanche 22\u00a0juin 2025, ils fouleront la sc\u00e8ne Altar du Hellfest.<\/p>\n<p class=\" wall-content\">En 2023, <b>Tsar avait d\u00e9j\u00e0 marqu\u00e9 les esprits<\/b> lors de son passage sur la Hellstage, sc\u00e8ne ouverte du festival. \u201cC\u2019\u00e9tait super g\u00e9nial\u201d, se rappelle Kyrian Liberge, guitariste du groupe Nantais.<\/p>\n<p class=\" wall-content\">\u00c0 l\u2019\u00e9poque, c\u2019\u00e9tait \u00ab\u00a0un choix strat\u00e9gique\u00a0\u00bb, souligne-t-il, de jouer d\u00e8s le jeudi pour ensuite profiter pleinement du festival, sans stress.<\/p>\n<p class=\" wall-content\">Cette ann\u00e9e, <b>le programme est tout autre.<\/b> Tsar jouera le dimanche matin, \u00e0 10\u2009h\u200930, sur la sc\u00e8ne Altar. Une programmation qui sera plus cadr\u00e9e, impos\u00e9e par la structure du Hellfest.<\/p>\n<p class=\" wall-content\">\u00ab\u00a0Il y a 80 groupes par jour, il faut s\u2019adapter.\u00a0\u00bb Le groupe n\u2019a pas choisi son cr\u00e9neau cette fois, mais il ne manquera pas de savourer chaque seconde.<\/p>\n<blockquote class=\"ac-article-quote wall-content\">\n<p>C\u2019est une chance d\u2019atteindre cet objectif. On a tout fait pour y arriver.<\/p>\n<p>Kyrian Liberge<\/p><\/blockquote>\n<p>Un tremplin pour le groupe<\/p>\n<p class=\" wall-content\">C\u2019est gr\u00e2ce \u00e0 leur performance au concours 360 Metal, organis\u00e9 par Trempo, que le groupe a d\u00e9croch\u00e9 sa place.<\/p>\n<p class=\" wall-content\">M\u00eame s\u2019ils n\u2019ont pas remport\u00e9 l\u2019accompagnement r\u00e9serv\u00e9 au groupe laur\u00e9at, leur prestation a convaincu le jury, compos\u00e9 notamment de Yoann Le Nev\u00e9,\u00a0le co-cr\u00e9ateur du Hellfest, et de Christie, programmatrice des sc\u00e8nes Altar et Temple.<\/p>\n<p class=\" wall-content\">\u201cC\u2019\u00e9tait <b>une belle surprise d\u2019\u00eatre s\u00e9lectionn\u00e9<\/b>\u201d, confie Kyrian, encore \u00e9mu par ce \u201cv\u00e9ritable ascenseur \u00e9motionnel\u201d.<\/p>\n<p class=\" wall-content\">Gr\u00e2ce \u00e0 cette opportunit\u00e9, le groupe qui s\u2019est vu s\u00e9lectionn\u00e9 pour le festival, promet un set puissant et participatif.<\/p>\n<p class=\" wall-content\">Quatre morceaux, d\u2019environ sept \u00e0 huit minutes chacun, pour 30 minutes d\u2019intensit\u00e9.\u00a0Au menu\u2009: pogos, wall of death, slam, circle pit\u2026 et une surprise finale.<\/p>\n<p class=\" wall-content\">\u201cOn veut faire danser le public\u2026 une valse est pr\u00e9vue\u2009! \u201d, annonce le chanteur. Ce sera une premi\u00e8re au Hellfest, <b>minutieusement pens\u00e9e <\/b>pour marquer les esprits et se d\u00e9marquer des autres.<\/p>\n<p class=\" wall-content\">Ce passage sur la sc\u00e8ne Altar, le groupe Tsar le voit comme un tremplin vers des sc\u00e8nes encore plus grandes. \u00ab\u00a0<b>On veut se d\u00e9marquer<\/b>,<b> <\/b>aller plus loin. On sait qu\u2019on en est capables.\u00a0\u00bb<\/p>\n<p class=\" wall-content\">Confiants, ils assurent qu\u2019un public fid\u00e8le sera au rendez-vous, malgr\u00e9 l\u2019horaire matinal. \u00ab\u00a0C\u2019est comme un s\u00e9minaire pour certains.\u00a0\u00bb<\/p>\n<p>Une esth\u00e9tique bien \u00e0 part<\/p>\n<p class=\" wall-content\">TSAR, bloc sonore venu de Nantes, m\u00ealent rock tribal, m\u00e9tal brut et univers visuel imp\u00e9rial. Kyrian Liberge indique que sur sc\u00e8ne,<b> chaque concert est pens\u00e9 comme une c\u00e9r\u00e9monie.<\/b><\/p>\n<p class=\" wall-content\">Pour lui, leur venue au Hellfest n\u2019est pas seulement une programmation, \u00ab\u00a0c\u2019est une reconnaissance\u00a0\u00bb.<\/p>\n<p class=\" wall-content\"><b>Soraya Yakete (stagiaire)<\/b><\/p>\n<p class=\" wall-content\">Suivez toute l\u2019actualit\u00e9 de vos villes et m\u00e9dias favoris en vous inscrivant \u00e0 <a href=\"https:\/\/moncompte.actu.fr\" title=\"D\u00e9couvez Mon Actu\" rel=\"nofollow noopener\" data-trk=\"{&quot;cta&quot;:{&quot;action&quot;:&quot;https:\\\/\\\/moncompte.actu.fr&quot;,&quot;category&quot;:&quot;mon compte&quot;,&quot;from&quot;:&quot;article footer&quot;,&quot;name&quot;:&quot;Mon actu&quot;,&quot;type&quot;:&quot;cta&quot;}}\" target=\"_blank\">Mon Actu<\/a>.<\/p>\n","protected":false},"excerpt":{"rendered":"Par R\u00e9daction Ch\u00e2teaubriant Publi\u00e9 le 21 juin 2025 \u00e0 15h01 En 2023, le groupe Tsar, dans lequel joue&hellip;\n","protected":false},"author":2,"featured_media":194901,"comment_status":"","ping_status":"","sticky":false,"template":"","format":"standard","meta":{"footnotes":""},"categories":[1355],"tags":[58,59,1011,27,16501,1361,873,104],"class_list":{"0":"post-194900","1":"post","2":"type-post","3":"status-publish","4":"format-standard","5":"has-post-thumbnail","7":"category-musique","8":"tag-divertissement","9":"tag-entertainment","10":"tag-fr","11":"tag-france","12":"tag-hellfest","13":"tag-music","14":"tag-musique","15":"tag-societe"},"share_on_mastodon":{"url":"https:\/\/pubeurope.com\/@fr\/114724807729604155","error":""},"_links":{"self":[{"href":"https:\/\/www.europesays.com\/fr\/wp-json\/wp\/v2\/posts\/194900","targetHints":{"allow":["GET"]}}],"collection":[{"href":"https:\/\/www.europesays.com\/fr\/wp-json\/wp\/v2\/posts"}],"about":[{"href":"https:\/\/www.europesays.com\/fr\/wp-json\/wp\/v2\/types\/post"}],"author":[{"embeddable":true,"href":"https:\/\/www.europesays.com\/fr\/wp-json\/wp\/v2\/users\/2"}],"replies":[{"embeddable":true,"href":"https:\/\/www.europesays.com\/fr\/wp-json\/wp\/v2\/comments?post=194900"}],"version-history":[{"count":0,"href":"https:\/\/www.europesays.com\/fr\/wp-json\/wp\/v2\/posts\/194900\/revisions"}],"wp:featuredmedia":[{"embeddable":true,"href":"https:\/\/www.europesays.com\/fr\/wp-json\/wp\/v2\/media\/194901"}],"wp:attachment":[{"href":"https:\/\/www.europesays.com\/fr\/wp-json\/wp\/v2\/media?parent=194900"}],"wp:term":[{"taxonomy":"category","embeddable":true,"href":"https:\/\/www.europesays.com\/fr\/wp-json\/wp\/v2\/categories?post=194900"},{"taxonomy":"post_tag","embeddable":true,"href":"https:\/\/www.europesays.com\/fr\/wp-json\/wp\/v2\/tags?post=194900"}],"curies":[{"name":"wp","href":"https:\/\/api.w.org\/{rel}","templated":true}]}}