{"id":194912,"date":"2025-06-22T03:11:12","date_gmt":"2025-06-22T03:11:12","guid":{"rendered":"https:\/\/www.europesays.com\/fr\/194912\/"},"modified":"2025-06-22T03:11:12","modified_gmt":"2025-06-22T03:11:12","slug":"a-quoi-sert-vraiment-cet-engin-spatial-futuriste-ce-que-lon-sait-et-ce-qui-reste-cache","status":"publish","type":"post","link":"https:\/\/www.europesays.com\/fr\/194912\/","title":{"rendered":"\u00e0 quoi sert vraiment cet engin spatial futuriste ? Ce que l\u2019on sait (et ce qui reste cach\u00e9)"},"content":{"rendered":"<p>Alors que l&rsquo;Europe se retrouve face \u00e0 la mont\u00e9e en puissance\u00a0am\u00e9ricaine\u00a0et chinoise dans le spatial, le pr\u00e9sident Emmanuel Macron appelle \u00e0 une \u00ab reconqu\u00eate \u00e0 marche forc\u00e9e \u00bb dans ce domaine. Dans ce contexte, l&rsquo;Agence spatiale europ\u00e9enne s&rsquo;engage\u00a0dans le projet\u00a0Vortex de Dassault Aviation. Ce v\u00e9hicule orbital r\u00e9utilisable prometteur pourrait transformer l&rsquo;acc\u00e8s \u00e0 l&rsquo;espace et renforcer l&rsquo;autonomie de l&rsquo;Europe. Cet article explore bri\u00e8vement\u00a0les caract\u00e9ristiques et les opportunit\u00e9s qu&rsquo;offre ce projet ambitieux.<\/p>\n<p>Alors que le 55e Salon du Bourget fermera ses <a href=\"https:\/\/www.futura-sciences.com\/maison\/definitions\/maison-porte-10855\/\" class=\"typographies__SpanLink-sc-9uspqk-3 kVBOCJ\" universe=\"sciences\" target=\"_blank\" rel=\"noopener\">portes<\/a>portes demain, le pr\u00e9sident Emmanuel Macron a profit\u00e9 de sa pr\u00e9sence\u00a0ce vendredi pour exhorter l&rsquo;Europe \u00e0 mener une \u00ab reconqu\u00eate \u00e0 marche forc\u00e9e \u00bb dans l&rsquo;espace, face \u00e0 la mont\u00e9e en puissance des g\u00e9ants am\u00e9ricains et chinois. Il a \u00e9galement souhait\u00e9 que l&rsquo;Union europ\u00e9enne se dote des moyens pour devenir une \u00ab puissance spatiale \u00bb et a promis de \u00ab se battre pour une\u00a0 pr\u00e9f\u00e9rence europ\u00e9enne \u00bb en mati\u00e8re spatiale. \u00c0 cette occasion, il a annonc\u00e9 qu&rsquo;une strat\u00e9gie spatiale nationale serait pr\u00e9sent\u00e9e fin octobre, en lien avec la strat\u00e9gie europ\u00e9enne. Nous aurons l&rsquo;occasion d&rsquo;en reparler d&rsquo;ici l\u00e0.<\/p>\n<p><a href=\"https:\/\/www.futura-sciences.com\/sciences\/actualites\/astronautique-decouvrez-projet-avion-spatial-vortex-dassault-aviation-avant-son-annonce-officielle-122982\/\" class=\"link-no-gradient\" data-class-name=\"link-no-gradient\" target=\"_blank\" rel=\"noopener\"><\/p>\n<p class=\"text-serif__TextSerif-sc-1k42w0e-0 Wrappers__Title-piu70a-0 jbaYIk heMQQ\">D\u00e9couvrez le projet d\u2019avion spatial Vortex de Dassault Aviation avant son annonce officielle<\/p>\n<p><\/a><\/p>\n<p>Dans ce contexte, il est essentiel que l&rsquo;Europe et son agence spatiale, l&rsquo;ESA, deviennent nettement moins d\u00e9pendants des \u00c9tats-Unis en mati\u00e8re d&rsquo;acc\u00e8s \u00e0 l&rsquo;espace et de l&rsquo;utilisation de l&rsquo;orbite, un objectif encore loin d&rsquo;\u00eatre atteint aujourd&rsquo;hui. L&rsquo;ESA, avec sa strat\u00e9gie ambitieuse pour l&rsquo;exploration spatiale Explore2040, recherche des solutions innovantes pour d\u00e9velopper des capacit\u00e9s permettant d&rsquo;atteindre et de revenir de l&rsquo;orbite terrestre basse (<a href=\"https:\/\/www.futura-sciences.com\/sciences\/definitions\/univers-orbite-leo-2436\/\" class=\"typographies__SpanLink-sc-9uspqk-3 kVBOCJ\" universe=\"sciences\" target=\"_blank\" rel=\"noopener\">LEO<\/a>LEO), de la Lune et m\u00eame de Mars. Lors de ce salon, l&rsquo;ESA a annonc\u00e9 son int\u00e9r\u00eat pour le <a href=\"https:\/\/www.futura-sciences.com\/sciences\/actualites\/astronautique-decouvrez-projet-avion-spatial-vortex-dassault-aviation-avant-son-annonce-officielle-122982\/\" title=\"D\u00e9couvrez le projet d\u2019avion spatial Vortex de Dassault Aviation avant son annonce officielle\" target=\"_blank\" rel=\"noopener\">v\u00e9hicule orbital r\u00e9utilisable de transport et d\u2019exploration<\/a>, Vortex de Dassault Aviation. Ce v\u00e9hicule repr\u00e9sente une avanc\u00e9e significative, \u00e0 tel point que l&rsquo;ESA envisage de l&rsquo;utiliser comme un banc d&rsquo;essai dans un premier temps afin de tester plusieurs technologies, avant de l&rsquo;utiliser dans sa version cargo, en compl\u00e9ment du <a href=\"https:\/\/www.futura-sciences.com\/sciences\/actualites\/astronautique-space-rider-futur-avion-spatial-pilote-europe-57148\/\" title=\"Space Rider, le futur avion spatial sans pilote de l\u2019Europe\" target=\"_blank\" rel=\"noopener\">Space Rider<\/a> de l&rsquo;ESA que r\u00e9alise Thales Alenia Space, qui affiche des performances bien inf\u00e9rieures dont une capacit\u00e9 d&#8217;emport tr\u00e8s faible de seulement 600 kilogrammes contre 4 tonnes pour le Vortex. Contrairement \u00e0 Vortex, <a href=\"https:\/\/www.futura-sciences.com\/sciences\/definitions\/drone-spatial-space-rider-18327\/\" class=\"typographies__SpanLink-sc-9uspqk-3 kVBOCJ\" universe=\"sciences\" target=\"_blank\" rel=\"noopener\">Space Rider<\/a>Space Rider n&rsquo;est pas un v\u00e9hicule pressuris\u00e9 et ne pourra pas se docker \u00e0 des infrastructures spatiales.<\/p>\n<p>Vortex : Un v\u00e9hicule \u00e0 double usage<\/p>\n<p>Vortex est un v\u00e9hicule \u00ab intrins\u00e8quement dual \u00bb,\u00a0con\u00e7u pour \u00eatre utilis\u00e9 dans une large gamme de missions, tant civiles que militaires. Cette polyvalence comprend des missions civiles, ce qui signifie que Vortex pourra \u00eatre employ\u00e9 pour des <a href=\"https:\/\/www.futura-sciences.com\/sciences\/definitions\/mathematiques-application-13200\/\" class=\"typographies__SpanLink-sc-9uspqk-3 kVBOCJ\" universe=\"sciences\" target=\"_blank\" rel=\"noopener\">applications<\/a>applications scientifiques, technologiques ou commerciales. Concr\u00e8tement, il sera mobilis\u00e9 pour le lancement de satellite, le retrait de d\u00e9bris, le service en orbite, le transport de fret et, dans sa version habit\u00e9e, le transport d&rsquo;\u00e9quipage. Mais, il sera aussi capable de <a href=\"https:\/\/www.futura-sciences.com\/sciences\/actualites\/militarisation-espace-science-strategie-nouvelle-realite-espace-militarise-interview-118651\/\" title=\"Entre science et strat\u00e9gie : la nouvelle r\u00e9alit\u00e9 de l&#039;espace militaris\u00e9 (interview)\" target=\"_blank\" rel=\"noopener\">missions militaires<\/a> pour des essais de technologies avanc\u00e9es, des missions de reconnaissance, de retrait d&rsquo;actifs g\u00eanants ou des missions de brouillage.<\/p>\n<p>Caract\u00e9ristiques techniques prometteuses<\/p>\n<p>Ce projet se distingue par plusieurs caract\u00e9ristiques techniques qui en font un v\u00e9ritable atout pour l&rsquo;Europe :<\/p>\n<ul>\n<li>R\u00e9utilisabilit\u00e9 : la capacit\u00e9 de r\u00e9utiliser le v\u00e9hicule apr\u00e8s chaque mission repr\u00e9sente une avanc\u00e9e majeure, r\u00e9duisant les co\u00fbts de lancement et augmentant la <a href=\"https:\/\/www.futura-sciences.com\/sciences\/definitions\/physique-frequence-3940\/\" class=\"typographies__SpanLink-sc-9uspqk-3 kVBOCJ\" universe=\"sciences\" target=\"_blank\" rel=\"noopener\">fr\u00e9quence<\/a>fr\u00e9quence des missions.<\/li>\n<li>Atterrissage sur piste : cette fonctionnalit\u00e9 permet un retour simplifi\u00e9, favorisant une logistique plus efficace pour la r\u00e9cup\u00e9ration et la maintenance du v\u00e9hicule.<\/li>\n<li>Large soute : Vortex peut emporter des charges utiles significatives (jusqu&rsquo;\u00e0 4 tonnes), ce qui \u00e9largit le champ des missions, qu&rsquo;il s&rsquo;agisse de transport de mat\u00e9riel vers des stations <a href=\"https:\/\/www.futura-sciences.com\/sciences\/definitions\/physique-orbitale-4075\/\" class=\"typographies__SpanLink-sc-9uspqk-3 kVBOCJ\" universe=\"sciences\" target=\"_blank\" rel=\"noopener\">orbitales<\/a>orbitales ou de recherches scientifiques dans l&rsquo;espace. Il pourra \u00e9galement rapporter environ 1,5 tonne de fret.<\/li>\n<\/ul>\n<p>L\u2019ESA partenaire du projet<\/p>\n<p>L&rsquo;<a href=\"https:\/\/www.futura-sciences.com\/sciences\/definitions\/univers-esa-2466\/\" class=\"typographies__SpanLink-sc-9uspqk-3 kVBOCJ\" universe=\"sciences\" target=\"_blank\" rel=\"noopener\">Agence spatiale europ\u00e9enne<\/a>Agence spatiale europ\u00e9enne a sign\u00e9 une lettre d&rsquo;intention avec Dassault Aviation, \u00e9tablissant les bases de leur coop\u00e9ration sur une version suborbitale r\u00e9duite de Vortex qui servira de banc d&rsquo;essai, puis ensuite la version cargo lorsqu&rsquo;elle sera mise en service. Ce banc d&rsquo;essai se concentrera sur la conception et les essais de technologies et composants cl\u00e9s, l&rsquo;\u00e9valuation de nouveaux mat\u00e9riaux et processus d&rsquo;int\u00e9gration, et \u00e9tudiera la faisabilit\u00e9 d&rsquo;int\u00e9grer de futures charges utiles sur le produit final. Cet accord englobe d&rsquo;autres activit\u00e9s, mais les deux parties n&rsquo;ont pas souhait\u00e9 en r\u00e9v\u00e9ler les d\u00e9tails et font l&rsquo;objet d&rsquo;une clause de <a href=\"https:\/\/www.futura-sciences.com\/tech\/definitions\/tech-confidentialite-1702\/\" class=\"typographies__SpanLink-sc-9uspqk-3 kVBOCJ\" universe=\"sciences\" target=\"_blank\" rel=\"noopener\">confidentialit\u00e9<\/a>confidentialit\u00e9.<\/p>\n<p>Phases de d\u00e9veloppement de vortex<\/p>\n<p>Le processus de d\u00e9veloppement de Vortex est structur\u00e9 en quatre phases avec l&rsquo;objectif d&rsquo;un premier vol de Vortex-D, d\u00e8s 2028\u00a0 :<\/p>\n<ul>\n<li>Phase 1 : VORTEX &#8211; D** &#8211; <a href=\"https:\/\/www.futura-sciences.com\/sciences\/definitions\/demonstrateur-rentree-atmospherique-vehicule-experimental-intermediaire-ixv-18326\/\" class=\"typographies__SpanLink-sc-9uspqk-3 kVBOCJ\" universe=\"sciences\" target=\"_blank\" rel=\"noopener\">D\u00e9monstrateur<\/a>D\u00e9monstrateur \u00e9chelle 1\/3.<\/li>\n<li>Phase 2 : VORTEX &#8211; S** &#8211; Smart Free Flyer \u00e9chelle 2\/3.<\/li>\n<li>Phase 3 : VORTEX &#8211; C** &#8211; Cargo \u00e9chelle 1.<\/li>\n<li>Phase 4 : VORTEX &#8211; M** &#8211; Habit\u00e9 \u00e9chelle 1.<\/li>\n<\/ul>\n<p>Conclusion<\/p>\n<p>Dans un contexte o\u00f9 l&rsquo;<a href=\"https:\/\/www.futura-sciences.com\/tech\/definitions\/technologie-autonomie-18346\/\" class=\"typographies__SpanLink-sc-9uspqk-3 kVBOCJ\" universe=\"sciences\" target=\"_blank\" rel=\"noopener\">autonomie<\/a>autonomie et la souverainet\u00e9 de l&rsquo;Europe en mati\u00e8re d&rsquo;acc\u00e8s \u00e0 l&rsquo;espace et d&rsquo;utilisation de l&rsquo;orbite basse sont primordiales, Vortex se positionne comme un projet prometteur. En renfor\u00e7ant l&rsquo;ind\u00e9pendance europ\u00e9enne dans le domaine spatial, tout en se pr\u00e9parant aux d\u00e9fis futurs, ce v\u00e9hicule pourrait jouer un r\u00f4le central dans l&rsquo;\u00e9mancipation et le renforcement de la pr\u00e9sence de l&rsquo;Europe dans l&rsquo;espace.<\/p>\n","protected":false},"excerpt":{"rendered":"Alors que l&rsquo;Europe se retrouve face \u00e0 la mont\u00e9e en puissance\u00a0am\u00e9ricaine\u00a0et chinoise dans le spatial, le pr\u00e9sident Emmanuel&hellip;\n","protected":false},"author":2,"featured_media":194913,"comment_status":"","ping_status":"","sticky":false,"template":"","format":"standard","meta":{"footnotes":""},"categories":[6],"tags":[33369,9354,33365,33366,33368,35,20286,33,34,6447,1011,27,33367,33370,33371],"class_list":{"0":"post-194912","1":"post","2":"type-post","3":"status-publish","4":"format-standard","5":"has-post-thumbnail","7":"category-economie","8":"tag-arsenalisation-de-lespace","9":"tag-astronautique","10":"tag-autonomie-de-lacces-a-lespace","11":"tag-avion-spatial-reutilisable","12":"tag-avion-spatial-vortex","13":"tag-business","14":"tag-dassault-aviation","15":"tag-economie","16":"tag-economy","17":"tag-esa","18":"tag-fr","19":"tag-france","20":"tag-militarisation-de-lespace","21":"tag-vehicule-orbital","22":"tag-vehicule-orbital-reutilisable"},"share_on_mastodon":{"url":"","error":""},"_links":{"self":[{"href":"https:\/\/www.europesays.com\/fr\/wp-json\/wp\/v2\/posts\/194912","targetHints":{"allow":["GET"]}}],"collection":[{"href":"https:\/\/www.europesays.com\/fr\/wp-json\/wp\/v2\/posts"}],"about":[{"href":"https:\/\/www.europesays.com\/fr\/wp-json\/wp\/v2\/types\/post"}],"author":[{"embeddable":true,"href":"https:\/\/www.europesays.com\/fr\/wp-json\/wp\/v2\/users\/2"}],"replies":[{"embeddable":true,"href":"https:\/\/www.europesays.com\/fr\/wp-json\/wp\/v2\/comments?post=194912"}],"version-history":[{"count":0,"href":"https:\/\/www.europesays.com\/fr\/wp-json\/wp\/v2\/posts\/194912\/revisions"}],"wp:featuredmedia":[{"embeddable":true,"href":"https:\/\/www.europesays.com\/fr\/wp-json\/wp\/v2\/media\/194913"}],"wp:attachment":[{"href":"https:\/\/www.europesays.com\/fr\/wp-json\/wp\/v2\/media?parent=194912"}],"wp:term":[{"taxonomy":"category","embeddable":true,"href":"https:\/\/www.europesays.com\/fr\/wp-json\/wp\/v2\/categories?post=194912"},{"taxonomy":"post_tag","embeddable":true,"href":"https:\/\/www.europesays.com\/fr\/wp-json\/wp\/v2\/tags?post=194912"}],"curies":[{"name":"wp","href":"https:\/\/api.w.org\/{rel}","templated":true}]}}