{"id":194918,"date":"2025-06-22T03:14:14","date_gmt":"2025-06-22T03:14:14","guid":{"rendered":"https:\/\/www.europesays.com\/fr\/194918\/"},"modified":"2025-06-22T03:14:14","modified_gmt":"2025-06-22T03:14:14","slug":"la-vasque-olympique-fete-son-retour-officiel-a-paris-sur-une-reprise-inedite-de-balavoine","status":"publish","type":"post","link":"https:\/\/www.europesays.com\/fr\/194918\/","title":{"rendered":"La vasque olympique f\u00eate son retour officiel \u00e0 Paris sur une reprise in\u00e9dite de Balavoine"},"content":{"rendered":"<p>        <img decoding=\"async\" loading=\"lazy\" src=\"https:\/\/www.europesays.com\/fr\/wp-content\/uploads\/2025\/06\/e4b6266_upload-1-nxmz1cicxyut-000-63ad3we.jpg\"  width=\"728\" height=\"485\" alt=\"La vasque olympique a fait son retour officiel dans le ciel de Paris ce samedi 21\u00a0juin 2025.\"\/>  <\/p>\n<p>GEOFFROY VAN DER HASSELT \/ AFP<\/p>\n<p>La vasque olympique a fait son retour officiel dans le ciel de Paris ce samedi 21\u00a0juin 2025.<\/p>\n<p class=\"asset asset-text\">FRANCE &#8211; Le 26\u00a0juillet\u00a02024, au bout d\u2019une c\u00e9r\u00e9monie d\u2019ouverture des <a href=\"https:\/\/www.huffingtonpost.fr\/jo-paris-2024\/article\/jo-paris-2024-vous-avez-le-blues-de-la-fin-des-jeux-vous-n-etes-pas-seul-et-c-est-normal_238120.html\" target=\"_blank\" rel=\"noopener\">JO de Paris<\/a> m\u00e9morable, les Fran\u00e7ais (et le monde) d\u00e9couvraient la majestueuse<a href=\"https:\/\/www.huffingtonpost.fr\/france\/article\/paris-on-sait-quand-et-comment-on-pourra-re-voir-la-vasque-olympique-aux-tuileries-cet-ete_250085.html\" target=\"_blank\" rel=\"noopener\"> vasque olympique<\/a>, allum\u00e9e par Teddy Riner et Marie-Jos\u00e9 P\u00e9rec. Un peu moins d\u2019un an plus tard, ce 21\u00a0juin\u00a02025, la vasque s\u2019est de nouveau \u00e9lev\u00e9e dans le ciel de Paris, au jardin des Tuileries. Le tout, devant un coucher de soleil ros\u00e9 rendant de nouveau l\u2019\u00e9v\u00e9nement marquant.<\/p>\n<p class=\"asset asset-text\">La vasque olympique &#8211; qui sera de nouveau \u00e0 Paris jusqu\u2019au 14\u00a0septembre et s\u2019\u00e9l\u00e8vera tous les soirs -, a officiellement fait son retour durant le concert de la F\u00eate de la musique, sous fond d\u2019une version in\u00e9dite du tube de Daniel Balavoine, \u00ab\u00a0Sauver l\u2019amour\u00a0\u00bb.<\/p>\n<p class=\"asset asset-text\">Le titre a \u00e9t\u00e9 repris dans une version \u00e9lectro concoct\u00e9e par\u00a0le compositeur Victor le Masne, directeur musical des c\u00e9r\u00e9monies des Jeux de Paris en 2024. C\u2019est \u00e0 lui que l\u2019on devait <a href=\"https:\/\/www.youtube.com\/watch?v=LOEoUZ1qgUA\" target=\"_blank\" rel=\"noopener\" title=\"Nouvelle fen\u00eatre\">le th\u00e8me officiel des JO<\/a>, Parade, qui s\u2019est log\u00e9 dans tous les cerveaux pendant tout un \u00e9t\u00e9&#8230; et qui fut rejou\u00e9 ce samedi 21\u00a0juin, au plus grand bonheur de tous les nostalgiques olympiques.<\/p>\n<p> La lecture de ce contenu est susceptible d\u2019entra\u00eener un d\u00e9p\u00f4t de cookies de la part de l\u2019op\u00e9rateur tiers qui l\u2019h\u00e9berge. Compte-tenu des choix que vous avez exprim\u00e9s en mati\u00e8re de d\u00e9p\u00f4t de cookies, nous avons bloqu\u00e9 l\u2019affichage de ce contenu. Si vous souhaitez y acc\u00e9der, vous devez accepter la cat\u00e9gorie de cookies \u201cContenus tiers\u201d en cliquant sur le bouton ci-dessous. <\/p>\n<p> Lire la Vid\u00e9o        Un concert de plus de 20\u00a0artistes    <\/p>\n<p class=\"asset asset-text\">Le concert de la F\u00eate de la musique, qui a d\u00e9but\u00e9 \u00e0 21h, r\u00e9unit pas moins de 21 artistes dont Abd al Malik, Alex Montembault (\u00ab\u00a0Starmania\u00a0\u00bb), Bernard Lavilliers, Jeanne Added, Kalash, le groupe La Femme ou encore les jeunes talents Solann, Max Baby et Marine, gagnante de la derni\u00e8re saison de la Star Academy.<\/p>\n<p> La lecture de ce contenu est susceptible d\u2019entra\u00eener un d\u00e9p\u00f4t de cookies de la part de l\u2019op\u00e9rateur tiers qui l\u2019h\u00e9berge. Compte-tenu des choix que vous avez exprim\u00e9s en mati\u00e8re de d\u00e9p\u00f4t de cookies, nous avons bloqu\u00e9 l\u2019affichage de ce contenu. Si vous souhaitez y acc\u00e9der, vous devez accepter la cat\u00e9gorie de cookies \u201cContenus tiers\u201d en cliquant sur le bouton ci-dessous. <\/p>\n<p> Lire la Vid\u00e9o        <\/p>\n<p class=\"asset asset-text\">La programmation inclut aussi des artistes \u00e0 l\u2019\u00e9cho international, comme la chanteuse Camille, oscaris\u00e9e avec son partenaire Cl\u00e9ment Ducol pour la musique du film \u00ab\u00a0Emilia Perez\u00a0\u00bb de Jacques Audiard, Christine and The Queens, projet artistique de Rahim Redcar qui a s\u00e9duit le public am\u00e9ricain, ou le trio de DJs Major Lazer, avec leur carton plan\u00e9taire \u00ab\u00a0Lean on\u00a0\u00bb.<\/p>\n","protected":false},"excerpt":{"rendered":"GEOFFROY VAN DER HASSELT \/ AFP La vasque olympique a fait son retour officiel dans le ciel de&hellip;\n","protected":false},"author":2,"featured_media":194919,"comment_status":"","ping_status":"","sticky":false,"template":"","format":"standard","meta":{"footnotes":""},"categories":[2],"tags":[11,1011,27,3996,7941,12,626],"class_list":{"0":"post-194918","1":"post","2":"type-post","3":"status-publish","4":"format-standard","5":"has-post-thumbnail","7":"category-actualites","8":"tag-actualites","9":"tag-fr","10":"tag-france","11":"tag-jeux-olympiques","12":"tag-jo-paris-2024","13":"tag-news","14":"tag-paris"},"share_on_mastodon":{"url":"https:\/\/pubeurope.com\/@fr\/114724841977163289","error":""},"_links":{"self":[{"href":"https:\/\/www.europesays.com\/fr\/wp-json\/wp\/v2\/posts\/194918","targetHints":{"allow":["GET"]}}],"collection":[{"href":"https:\/\/www.europesays.com\/fr\/wp-json\/wp\/v2\/posts"}],"about":[{"href":"https:\/\/www.europesays.com\/fr\/wp-json\/wp\/v2\/types\/post"}],"author":[{"embeddable":true,"href":"https:\/\/www.europesays.com\/fr\/wp-json\/wp\/v2\/users\/2"}],"replies":[{"embeddable":true,"href":"https:\/\/www.europesays.com\/fr\/wp-json\/wp\/v2\/comments?post=194918"}],"version-history":[{"count":0,"href":"https:\/\/www.europesays.com\/fr\/wp-json\/wp\/v2\/posts\/194918\/revisions"}],"wp:featuredmedia":[{"embeddable":true,"href":"https:\/\/www.europesays.com\/fr\/wp-json\/wp\/v2\/media\/194919"}],"wp:attachment":[{"href":"https:\/\/www.europesays.com\/fr\/wp-json\/wp\/v2\/media?parent=194918"}],"wp:term":[{"taxonomy":"category","embeddable":true,"href":"https:\/\/www.europesays.com\/fr\/wp-json\/wp\/v2\/categories?post=194918"},{"taxonomy":"post_tag","embeddable":true,"href":"https:\/\/www.europesays.com\/fr\/wp-json\/wp\/v2\/tags?post=194918"}],"curies":[{"name":"wp","href":"https:\/\/api.w.org\/{rel}","templated":true}]}}