{"id":194924,"date":"2025-06-22T03:19:43","date_gmt":"2025-06-22T03:19:43","guid":{"rendered":"https:\/\/www.europesays.com\/fr\/194924\/"},"modified":"2025-06-22T03:19:43","modified_gmt":"2025-06-22T03:19:43","slug":"xv-de-france-le-nanceien-paul-mallez-affrontera-langleterre-avec-les-bleus-ce-samedi","status":"publish","type":"post","link":"https:\/\/www.europesays.com\/fr\/194924\/","title":{"rendered":"XV de France. Le Nanc\u00e9ien Paul Mallez affrontera l\u2019Angleterre avec les Bleus ce samedi"},"content":{"rendered":"<p>C\u2019est officiel, la F\u00e9d\u00e9ration fran\u00e7aise de rugby vient de communiquer sur la composition de France A pour la rencontre face \u00e0 l\u2019Angleterre pr\u00e9vue ce samedi (16h15). Dans cette liste o\u00f9 beaucoup de joueurs \u00e0 0 s\u00e9lection figurent, un Nanc\u00e9ien\u00a0: Paul Mallez.<\/p>\n<p>Le pilier form\u00e9 au RC Pont-\u00e0-Mousson <a href=\"https:\/\/www.estrepublicain.fr\/sport\/2025\/06\/18\/paul-mallez-je-ne-veux-pas-juste-me-contenter-d-etre-ici\" target=\"_blank\" rel=\"noopener\">\u00e9tait \u00e0 Marcoussis depuis dimanche<\/a> pour pr\u00e9parer cette rencontre et se retrouve dans la liste des finisseurs o\u00f9 il portera le num\u00e9ro 17. Sous le maillot de France A, ce match ne comptera cependant pas comme une s\u00e9lection officielle.<\/p>\n","protected":false},"excerpt":{"rendered":"C\u2019est officiel, la F\u00e9d\u00e9ration fran\u00e7aise de rugby vient de communiquer sur la composition de France A pour la&hellip;\n","protected":false},"author":2,"featured_media":194925,"comment_status":"","ping_status":"","sticky":false,"template":"","format":"standard","meta":{"footnotes":""},"categories":[9635],"tags":[1111,11,1704,1777,674,1701,1011,27,775,1702,1703,12,25,479,517,1700,513],"class_list":{"0":"post-194924","1":"post","2":"type-post","3":"status-publish","4":"format-standard","5":"has-post-thumbnail","7":"category-nancy","8":"tag-actu","9":"tag-actualites","10":"tag-edition-nancy-et-agglomeration","11":"tag-eu","12":"tag-europe","13":"tag-fil-info-sport","14":"tag-fr","15":"tag-france","16":"tag-grand-est","17":"tag-nancy","18":"tag-nancy-ville-54b","19":"tag-news","20":"tag-republique-francaise","21":"tag-rugby","22":"tag-sport","23":"tag-sport-lorrain","24":"tag-xv-de-france"},"share_on_mastodon":{"url":"https:\/\/pubeurope.com\/@fr\/114724861630775914","error":""},"_links":{"self":[{"href":"https:\/\/www.europesays.com\/fr\/wp-json\/wp\/v2\/posts\/194924","targetHints":{"allow":["GET"]}}],"collection":[{"href":"https:\/\/www.europesays.com\/fr\/wp-json\/wp\/v2\/posts"}],"about":[{"href":"https:\/\/www.europesays.com\/fr\/wp-json\/wp\/v2\/types\/post"}],"author":[{"embeddable":true,"href":"https:\/\/www.europesays.com\/fr\/wp-json\/wp\/v2\/users\/2"}],"replies":[{"embeddable":true,"href":"https:\/\/www.europesays.com\/fr\/wp-json\/wp\/v2\/comments?post=194924"}],"version-history":[{"count":0,"href":"https:\/\/www.europesays.com\/fr\/wp-json\/wp\/v2\/posts\/194924\/revisions"}],"wp:featuredmedia":[{"embeddable":true,"href":"https:\/\/www.europesays.com\/fr\/wp-json\/wp\/v2\/media\/194925"}],"wp:attachment":[{"href":"https:\/\/www.europesays.com\/fr\/wp-json\/wp\/v2\/media?parent=194924"}],"wp:term":[{"taxonomy":"category","embeddable":true,"href":"https:\/\/www.europesays.com\/fr\/wp-json\/wp\/v2\/categories?post=194924"},{"taxonomy":"post_tag","embeddable":true,"href":"https:\/\/www.europesays.com\/fr\/wp-json\/wp\/v2\/tags?post=194924"}],"curies":[{"name":"wp","href":"https:\/\/api.w.org\/{rel}","templated":true}]}}