{"id":194932,"date":"2025-06-22T03:23:21","date_gmt":"2025-06-22T03:23:21","guid":{"rendered":"https:\/\/www.europesays.com\/fr\/194932\/"},"modified":"2025-06-22T03:23:21","modified_gmt":"2025-06-22T03:23:21","slug":"du-reve-au-cauchemar-pour-le-montpellierain-angel-gustan-aux-championnats-du-monde","status":"publish","type":"post","link":"https:\/\/www.europesays.com\/fr\/194932\/","title":{"rendered":"Du r\u00eave au cauchemar pour le Montpelli\u00e9rain Angel Gustan aux championnats du monde"},"content":{"rendered":"<p>\n                                                                S\u00e9lectionn\u00e9 avec l\u2019\u00e9quipe de France pour participer \u00e0 l\u2019\u00e9preuve par \u00e9quipe mixte des Mondiaux, l\u2019aventure s\u2019est mal termin\u00e9e pour le judoka du Montpellier Judo Olympic.\n                            <\/p>\n<p>L\u2019image n\u2019est pas belle \u00e0 voir. Battu par un Sud-Cor\u00e9en, Angel Gustan, touch\u00e9 aux cervicales, est \u00e9vacu\u00e9 du tatami sur une civi\u00e8re. Le Martiniquais se faisait pourtant une joie de participer aux championnats du monde avec les Bleus mais la belle histoire a tourn\u00e9 au vinaigre.<\/p>\n<p>Double championne olympique par \u00e9quipe mixte, la France misait beaucoup sur cette \u00e9preuve pour remporter une nouvelle m\u00e9daille en conclusion des championnats du monde, ce vendredi \u00e0 Budapest (Hongrie). Cela ne s\u2019est pas pass\u00e9 comme pr\u00e9vu.<\/p>\n<p>Fatale roulette<\/p>\n<p>En l\u2019absence de Teddy Riner, Angel Gustan a \u00e9t\u00e9 s\u00e9lectionn\u00e9 pour faire partie de l\u2019\u00e9quipe dans la cat\u00e9gorie +\u00a090\u00a0kg. Le Montpelli\u00e9rain commen\u00e7ait la comp\u00e9tition comme rempla\u00e7ant face \u00e0 la Russie (victoire 4-3 de la France qui \u00e9tait men\u00e9e 3-1), il entrait en lice en quarts de finale face \u00e0 la Cor\u00e9e du Sud.<\/p>\n<p>Le champion de France +\u00a0100\u00a0kg se retrouvait immobilis\u00e9 par Lee Seungyedo lors du troisi\u00e8me combat de la rencontre. Un peu plus tard, les deux \u00e9quipes \u00e9taient dos \u00e0 dos (3-3) et devaient se d\u00e9partager par un combat en or.<\/p>\n<p>Comme aux Jeux Olympiques, les organisateurs lan\u00e7aient la roulette qui avait d\u00e9sign\u00e9 Teddy Riner \u00e0 Paris l\u2019an dernier. Cette fois le sort a \u00e9t\u00e9 moins g\u00e9n\u00e9reux. Elle s\u2019arr\u00eatait sur la cat\u00e9gorie d\u2019Angel Gustan qui n\u2019\u00e9tait plus apte pour combattre.<\/p>\n<p>La France, incapable de pr\u00e9senter un judoka sur le\u00a0tatami, \u00e9tait alors \u00e9limin\u00e9e par la Cor\u00e9e du Sud. Cruel pour les Bleus et le Montpelli\u00e9rain Angel Gustan. Ils avaient encore l\u2019occasion d\u2019aller chercher le bronze, mais ils se sont ensuite nettement inclin\u00e9s en rep\u00eachages contre les Br\u00e9siliens. Rapidement men\u00e9s 3-0, les Fran\u00e7ais ont comme souvent \u00e9t\u00e9 sauv\u00e9s par Gaba pour revenir \u00e0 3-1. Mais Marie-Eve Gahi\u00e9 n\u2019a pas r\u00e9ussi \u00e0 prendre le dessus sur son adversaire Rafaela Silva, scellant le sort des Bleus (4-1).<\/p>\n","protected":false},"excerpt":{"rendered":"S\u00e9lectionn\u00e9 avec l\u2019\u00e9quipe de France pour participer \u00e0 l\u2019\u00e9preuve par \u00e9quipe mixte des Mondiaux, l\u2019aventure s\u2019est mal termin\u00e9e&hellip;\n","protected":false},"author":2,"featured_media":194933,"comment_status":"","ping_status":"","sticky":false,"template":"","format":"standard","meta":{"footnotes":""},"categories":[9599],"tags":[1111,11,1777,674,1011,27,2208,12,2680,25],"class_list":{"0":"post-194932","1":"post","2":"type-post","3":"status-publish","4":"format-standard","5":"has-post-thumbnail","7":"category-montpellier","8":"tag-actu","9":"tag-actualites","10":"tag-eu","11":"tag-europe","12":"tag-fr","13":"tag-france","14":"tag-montpellier","15":"tag-news","16":"tag-occitanie","17":"tag-republique-francaise"},"share_on_mastodon":{"url":"https:\/\/pubeurope.com\/@fr\/114724877319911062","error":""},"_links":{"self":[{"href":"https:\/\/www.europesays.com\/fr\/wp-json\/wp\/v2\/posts\/194932","targetHints":{"allow":["GET"]}}],"collection":[{"href":"https:\/\/www.europesays.com\/fr\/wp-json\/wp\/v2\/posts"}],"about":[{"href":"https:\/\/www.europesays.com\/fr\/wp-json\/wp\/v2\/types\/post"}],"author":[{"embeddable":true,"href":"https:\/\/www.europesays.com\/fr\/wp-json\/wp\/v2\/users\/2"}],"replies":[{"embeddable":true,"href":"https:\/\/www.europesays.com\/fr\/wp-json\/wp\/v2\/comments?post=194932"}],"version-history":[{"count":0,"href":"https:\/\/www.europesays.com\/fr\/wp-json\/wp\/v2\/posts\/194932\/revisions"}],"wp:featuredmedia":[{"embeddable":true,"href":"https:\/\/www.europesays.com\/fr\/wp-json\/wp\/v2\/media\/194933"}],"wp:attachment":[{"href":"https:\/\/www.europesays.com\/fr\/wp-json\/wp\/v2\/media?parent=194932"}],"wp:term":[{"taxonomy":"category","embeddable":true,"href":"https:\/\/www.europesays.com\/fr\/wp-json\/wp\/v2\/categories?post=194932"},{"taxonomy":"post_tag","embeddable":true,"href":"https:\/\/www.europesays.com\/fr\/wp-json\/wp\/v2\/tags?post=194932"}],"curies":[{"name":"wp","href":"https:\/\/api.w.org\/{rel}","templated":true}]}}