{"id":194940,"date":"2025-06-22T03:31:12","date_gmt":"2025-06-22T03:31:12","guid":{"rendered":"https:\/\/www.europesays.com\/fr\/194940\/"},"modified":"2025-06-22T03:31:12","modified_gmt":"2025-06-22T03:31:12","slug":"deces-dun-suspect-qui-setait-defenestre-pres-de-strasbourg-2","status":"publish","type":"post","link":"https:\/\/www.europesays.com\/fr\/194940\/","title":{"rendered":"D\u00e9c\u00e8s d\u2019un suspect qui s\u2019\u00e9tait d\u00e9fenestr\u00e9 pr\u00e8s de Strasbourg"},"content":{"rendered":"<p>Un homme qui s\u2019\u00e9tait d\u00e9fenestr\u00e9 pr\u00e8s de <a href=\"https:\/\/www.20minutes.fr\/strasbourg\/\" class=\"color-ultramarine c-link\" target=\"_blank\" rel=\"noopener\">Strasbourg<\/a> quelques jours apr\u00e8s avoir \u00e9t\u00e9 interpell\u00e9 dans le cadre d\u2019une op\u00e9ration contre un r\u00e9seau de <a href=\"https:\/\/www.20minutes.fr\/dossier\/pedophilie\" class=\"color-ultramarine c-link\" target=\"_blank\" rel=\"noopener\">p\u00e9docriminalit\u00e9<\/a> est d\u00e9c\u00e9d\u00e9, a indiqu\u00e9 samedi son avocat, Micha\u00ebl Wacquez. \u00ab\u00a0Il est d\u00e9c\u00e9d\u00e9 vendredi suite \u00e0 l\u2019arr\u00eat des soins. Il n\u2019y avait plus aucun espoir\u00a0\u00bb, a indiqu\u00e9 Micha\u00ebl Wacquez, confirmant une information des <a href=\"https:\/\/www.dna.fr\/faits-divers-justice\/2025\/06\/21\/l-eveque-gallican-soupconne-d-appartenir-a-un-reseau-pedocriminel-est-decede\" rel=\"nofollow noopener\" target=\"_blank\" class=\"color-ultramarine c-link\">Derni\u00e8res nouvelles d\u2019Alsace (DNA)<\/a>.<\/p>\n<p>Cet homme de 45 ans \u00e9tait hospitalis\u00e9 apr\u00e8s s\u2019\u00eatre jet\u00e9 du troisi\u00e8me \u00e9tage d\u2019un immeuble situ\u00e9 \u00e0 Geispolsheim, une commune de la grande banlieue strasbourgeoise, le 23\u00a0mai, quelques heures avant sa comparution pr\u00e9vue devant le tribunal de Strasbourg. Il avait \u00e9t\u00e9 interpell\u00e9 quatre jours plus t\u00f4t dans la commune voisine de Lingolsheim puis laiss\u00e9 libre dans l\u2019attente de sa comparution.<\/p>\n<p>55 hommes interpell\u00e9s partout en France<\/p>\n<p>Salari\u00e9 d\u2019un Ehpad, cet homme \u00e9tait \u00e9galement \u00ab\u00a0\u00e9v\u00eaque\u00a0\u00bb de l\u2019\u00c9glise gallicane, une association qui se pr\u00e9sente comme chr\u00e9tienne mais qui est s\u00e9par\u00e9e de l\u2019Eglise catholique et n\u2019est reconnue par aucune confession.<\/p>\n<\/p>\n<p>C\u2019\u00e9tait l\u2019un des 55 hommes interpell\u00e9s partout en France en mai dans le cadre d\u2019une op\u00e9ration de d\u00e9mant\u00e8lement d\u2019un r\u00e9seau de p\u00e9docriminalit\u00e9 qui \u00e9changeait sur la plateforme Telegram.<\/p>\n","protected":false},"excerpt":{"rendered":"Un homme qui s\u2019\u00e9tait d\u00e9fenestr\u00e9 pr\u00e8s de Strasbourg quelques jours apr\u00e8s avoir \u00e9t\u00e9 interpell\u00e9 dans le cadre d\u2019une&hellip;\n","protected":false},"author":2,"featured_media":194941,"comment_status":"","ping_status":"","sticky":false,"template":"","format":"standard","meta":{"footnotes":""},"categories":[2820],"tags":[1111,47,11,2389,2649,3983,1777,674,1011,27,775,12,1974,25,104,640,5748],"class_list":{"0":"post-194940","1":"post","2":"type-post","3":"status-publish","4":"format-standard","5":"has-post-thumbnail","7":"category-strasbourg","8":"tag-actu","9":"tag-actualite","10":"tag-actualites","11":"tag-alsace","12":"tag-bas-rhin","13":"tag-deces","14":"tag-eu","15":"tag-europe","16":"tag-fr","17":"tag-france","18":"tag-grand-est","19":"tag-news","20":"tag-pedocriminalite","21":"tag-republique-francaise","22":"tag-societe","23":"tag-strasbourg","24":"tag-suicide"},"share_on_mastodon":{"url":"https:\/\/pubeurope.com\/@fr\/114724908974628562","error":""},"_links":{"self":[{"href":"https:\/\/www.europesays.com\/fr\/wp-json\/wp\/v2\/posts\/194940","targetHints":{"allow":["GET"]}}],"collection":[{"href":"https:\/\/www.europesays.com\/fr\/wp-json\/wp\/v2\/posts"}],"about":[{"href":"https:\/\/www.europesays.com\/fr\/wp-json\/wp\/v2\/types\/post"}],"author":[{"embeddable":true,"href":"https:\/\/www.europesays.com\/fr\/wp-json\/wp\/v2\/users\/2"}],"replies":[{"embeddable":true,"href":"https:\/\/www.europesays.com\/fr\/wp-json\/wp\/v2\/comments?post=194940"}],"version-history":[{"count":0,"href":"https:\/\/www.europesays.com\/fr\/wp-json\/wp\/v2\/posts\/194940\/revisions"}],"wp:featuredmedia":[{"embeddable":true,"href":"https:\/\/www.europesays.com\/fr\/wp-json\/wp\/v2\/media\/194941"}],"wp:attachment":[{"href":"https:\/\/www.europesays.com\/fr\/wp-json\/wp\/v2\/media?parent=194940"}],"wp:term":[{"taxonomy":"category","embeddable":true,"href":"https:\/\/www.europesays.com\/fr\/wp-json\/wp\/v2\/categories?post=194940"},{"taxonomy":"post_tag","embeddable":true,"href":"https:\/\/www.europesays.com\/fr\/wp-json\/wp\/v2\/tags?post=194940"}],"curies":[{"name":"wp","href":"https:\/\/api.w.org\/{rel}","templated":true}]}}