{"id":194942,"date":"2025-06-22T03:33:23","date_gmt":"2025-06-22T03:33:23","guid":{"rendered":"https:\/\/www.europesays.com\/fr\/194942\/"},"modified":"2025-06-22T03:33:23","modified_gmt":"2025-06-22T03:33:23","slug":"80-ans-de-nice-matin-dominique-dabin-au-temps-des-trois-d","status":"publish","type":"post","link":"https:\/\/www.europesays.com\/fr\/194942\/","title":{"rendered":"80 ans de Nice-Matin\u00a0\u00bb : Dominique Dabin\u2005au temps des \u00ab\u00a0trois D"},"content":{"rendered":"<p>On les appelait les \u00ab\u00a0trois D\u00a0\u00bb. Dabin, Daures, Delserre. Trois reporters embl\u00e9matiques qui, dans le Var, ont port\u00e9 haut les couleurs de Nice-Matin. Le premier d\u2019entre eux a termin\u00e9 sa carri\u00e8re \u00e0 la t\u00eate de la r\u00e9daction\u2026 apr\u00e8s avoir \u00e9t\u00e9 \u00ab\u00a0saqu\u00e9\u00a0\u00bb pour indiscipline. Il raconte.<\/p>\n<p><strong>Comment est n\u00e9e votre vocation\u2005?<\/strong><\/p>\n<p>Je n\u2019en sais rien\u2005! [Il rit] A 14 ans, j\u2019ai simplement annonc\u00e9 \u00e0 mes parents que je voulais \u00eatre journaliste. Mon p\u00e8re, professeur agr\u00e9g\u00e9 d\u2019allemand, l\u2019a mal pris\u2005; il me pr\u00e9destinait \u00e0 de hautes \u00e9tudes. Apr\u00e8s mon bac et une ann\u00e9e de prop\u00e9deutique (1), j\u2019ai pr\u00e9sent\u00e9 le concours de l\u2019\u00c9cole sup\u00e9rieure de journalisme de Lille. J\u2019ai \u00e9t\u00e9 re\u00e7u \u00e0 l\u2019\u00e9crit, mais recal\u00e9 \u00e0 l\u2019oral. L\u2019examinateur m\u2019a reproch\u00e9 d\u2019\u00eatre\u2026 mal assis sur mon fauteuil\u2005! J\u2019\u00e9tais trop \u00ab\u00a0crisp\u00e9\u00a0\u00bb, dans une posture \u00ab\u00a0pas assez journalistique\u00a0\u00bb. Stup\u00e9fait par tant de b\u00eatise, j\u2019ai renonc\u00e9 \u00e0 me repr\u00e9senter.<\/p>\n<p><strong>Qu\u2019avez-vous fait\u2005?<\/strong><\/p>\n<p>L\u2019\u00c9cole de formation au m\u00e9tier d\u2019attach\u00e9 de presse (Efap) \u00e0 Paris. J\u2019ai ensuite accept\u00e9 un job \u00e0 l\u2019IUT de Tours qui m\u2019a permis de rencontrer Pierre Archambault, cofondateur de La Nouvelle R\u00e9publique, alors pr\u00e9sident du Syndicat national de la presse quotidienne r\u00e9gionale (SPQR). Il m\u2019a renvoy\u00e9 vers son vice-pr\u00e9sident, Michel Bavastro, p.-d.g. de Nice-Matin, qui cherchait \u00e0 \u00ab\u00a0rajeunir sa r\u00e9daction\u00a0\u00bb. C\u2019est comme \u00e7a que j\u2019ai d\u00e9barqu\u00e9 sur la C\u00f4te d\u2019Azur en 1969.<\/p>\n<p><strong>Vous avez d\u00e9but\u00e9 \u00e0 Nice\u2005?<\/strong><\/p>\n<p>Oui. Le premier jour, on m\u2019a mis en double au tribunal avec Angelo Rinaldi. Je suis arriv\u00e9 trente minutes avant le d\u00e9but de l\u2019audience. \u00c0 9\u2005heures, pas de Rinaldi. Ni \u00e0 10\u2005heures. Ni \u00e0 11\u2005heures. \u00c0 midi, je commen\u00e7ais \u00e0 paniquer lorsque je l\u2019ai vu d\u00e9bouler, en chemise rose parfum\u00e9e, sourire aux l\u00e8vres. Il a discut\u00e9 cinq minutes avec la greffi\u00e8re sans prendre de note, puis il m\u2019a entra\u00een\u00e9 au Bar du palais. L\u00e0-bas, il connaissait tout le monde\u2005! L\u2019apr\u00e8s-midi, je suis rentr\u00e9 \u00e9crire mon compte-rendu \u2013 laborieusement parce que je ne savais pas taper \u00e0 la machine. Et le lendemain, j\u2019ai d\u00e9couvert l\u2019article du futur acad\u00e9micien dans le journal\u2005: c\u2019\u00e9tait brillant, flamboyant&#8230; g\u00e9nial ! Alors que le mien \u00e9tait plat et scolaire. Le r\u00e9dacteur en chef adjoint, Guy Riffet, m\u2019a demand\u00e9\u2005: \u00ab\u00a0Vous mesurez le foss\u00e9 qui vous s\u00e9pare\u2005? Vous pensez r\u00e9ussir \u00e0 le combler\u2005?\u00a0\u00bb J\u2019ai eu le culot de r\u00e9pondre \u00ab\u00a0oui\u00a0\u00bb aux deux questions. J\u2019ai pass\u00e9 un mois au si\u00e8ge, sur l\u2019avenue Jean-M\u00e9decin, dans une r\u00e9daction de monstres sacr\u00e9s\u2005: Maurice Huleu, Jean-Claude V\u00e9rots, H\u00e9l\u00e8ne Vuichard, G\u00e9rard Comboul, Mario Brun\u2026 Ils m\u2019ont tout appris.<\/p>\n<p><strong>Titularis\u00e9, vous \u00eates mut\u00e9 \u00e0 Cannes\u2026 o\u00f9 les choses se passent moins bien\u2005?<\/strong><\/p>\n<p>Disons qu\u2019on m\u2019envoyait sur des reportages sans int\u00e9r\u00eat. Alors, je ne les couvrais pas et j\u2019en faisais d\u2019autres\u2005! [Il rit] J\u2019ai fini par \u00eatre convoqu\u00e9 par Michel Bavastro \u2013 la seule personne qui m\u2019ait jamais impressionn\u00e9 \u00e0 Nice-Matin. Il m\u2019a pass\u00e9 un savon\u2005: \u00ab\u00a0Je vous mute \u00e0 Hy\u00e8res. J\u2019ai inform\u00e9 votre responsable qui ne vous pardonnera aucun d\u00e9rapage\u2005!\u00a0\u00bb<\/p>\n<p><strong>Cela vous a calm\u00e9\u2005?<\/strong><\/p>\n<p>[Il sourit] Pas vraiment. J\u2019ai un peu d\u00e9conn\u00e9, n\u00e9gligeant ostensiblement les sujets inscrits \u00e0 mon tableau de service. Le chef d\u2019agence, Daniel Thouvenot, m\u2019a expliqu\u00e9 que mon attitude obligeait mes coll\u00e8gues \u00e0 faire mon travail\u2005: \u00ab\u00a0Vis-\u00e0-vis d\u2019eux, je suis oblig\u00e9 de te mettre une note de service. Mais je ne veux pas te casser. Je ne l\u2019enverrai pas \u00e0 Nice, \u00e0 condition que tu comprennes que, si le talent est individuel, la r\u00e9ussite est collective.\u00a0\u00bb Message re\u00e7u\u2005! Quelques mois plus tard, lorsque son adjoint a \u00e9t\u00e9 promu \u00e0 Sainte-Maxime, il m\u2019a demand\u00e9 de le remplacer. Et il a br\u00fbl\u00e9, devant moi, la fameuse note de service\u2026<\/p>\n<p><strong>D\u00e8s lors, vous, vous br\u00fblez les \u00e9tapes\u2026<\/strong><\/p>\n<p>En 1974, \u00e0 27 ans, j\u2019ai \u00e9t\u00e9 nomm\u00e9 chef d\u2019agence de Toulon. Un dr\u00f4le de poste, \u00e0 l\u2019\u00e9poque, puisqu\u2019il y avait tr\u00e8s peu de locale toulonnaise dans Le Var &#8211; Nice-Matin. L\u2019ouest du d\u00e9partement \u00e9tait dans la zone d\u2019influence de Var-matin R\u00e9publique, qui appartenait au maire de Marseille Gaston Defferre.<\/p>\n<p>              <img ci-src=\"https:\/\/www.nicematin.com\/histoire\/Carte+de+presse+Dominuque+Dabin-yDJa4FHO.jpg?ci_seal=c1ad84e0b2\" alt=\"\"\/><br \/>\n        La premi\u00e8re carte de presse de Dominique Dabin, dit \u00ab\u00a0Dominique Degen\u00e7ay\u00a0\u00bb, au d\u00e9but des ann\u00e9es soixante-dix.  <strong>Photo Lionel Paoli.<\/strong> <\/p>\n<p><strong>Que couvriez-vous alors\u2005?<\/strong><\/p>\n<p>La pr\u00e9fecture, le conseil g\u00e9n\u00e9ral [actuel conseil d\u00e9partemental, Ndlr], la politique et, bien s\u00fbr, les faits divers. Les d\u00e9buts ont \u00e9t\u00e9 compliqu\u00e9s. C\u2019\u00e9tait une \u00e9quipe de stars et de personnalit\u00e9s tr\u00e8s affirm\u00e9es. Certains vieux briscards acceptaient mal d\u2019\u00eatre dirig\u00e9s par un \u00ab\u00a0gamin\u00a0\u00bb. Le directeur d\u00e9partemental, R\u00e9my Daure, a re\u00e7u des coups de fil\u2005: \u00ab\u00a0Vous recrutez vos chefs au berceau\u2005?\u00a0\u00bb<\/p>\n<p><strong>Vous n\u2019avez pas dout\u00e9 de vous-m\u00eame\u2005?<\/strong><\/p>\n<p>Pas \u00e0 cette \u00e9poque. D\u2019autant que les choses, finalement, se sont tass\u00e9es assez vite. Un homme m\u2019a beaucoup appris\u2005: Jean-Pierre M\u00e9riadec. C\u2019\u00e9tait un mec incroyable, grand reporter, ami avec les flics comme avec les truands. Lui, il avait le nez creux\u2005; il \u00ab\u00a0sentait\u00a0\u00bb l\u2019info mieux que personne.<\/p>\n<p><strong>Vous avez pass\u00e9 dix ans \u00e0 ce poste\u2005?<\/strong><\/p>\n<p>Oui. C\u2019est beaucoup\u2026 [Il rit] Il a fallu ce temps-l\u00e0 pour que Michel Bavastro accepte une id\u00e9e que je d\u00e9fendais depuis des lustres\u2005: cr\u00e9er une cellule de reportage dans le Var. En 1984, enfin, avec Serge Delserre et Christian Daures, on a eu le feu vert. \u00c7a a \u00e9t\u00e9 le d\u00e9but d\u2019une p\u00e9riode formidable, marqu\u00e9e par les affaires Maurice Arreckx (2) et Yann Piat (3), qui a dur\u00e9 jusqu\u2019\u00e0 la fusion des deux journaux en 1998.<\/p>\n<p><strong>Comment avez-vous v\u00e9cu cette fusion\u2005?<\/strong><\/p>\n<p>Au d\u00e9but, assez mal. J\u2019ai m\u00eame song\u00e9 \u00e0 quitter Nice-Matin. Finalement, je suis rest\u00e9. J\u2019ai \u00e9t\u00e9 nomm\u00e9 chef du service Reportage, puis directeur adjoint du nouveau Var-matin aux c\u00f4t\u00e9s de Patrick Andrieu. En juillet 2000, lorsque ce dernier a \u00e9t\u00e9 nomm\u00e9 directeur de la r\u00e9daction, je lui ai succ\u00e9d\u00e9.<\/p>\n<p><strong>Comme vous l\u2019avez fait, en 2003, lorsqu\u2019il a \u00e9t\u00e9 \u00ab\u00a0remerci\u00e9\u00a0\u00bb par le p.-d.g.\u2005?<\/strong><\/p>\n<p>Michel Comboul m\u2019a contact\u00e9 en juillet 2003, l\u2019avant-veille de mon d\u00e9part en vacances. Il m\u2019a donn\u00e9 rendez-vous dans un restaurant, aux Arcs, et m\u2019a annonc\u00e9 que je remplacerai Patrick d\u00e8s mon retour. Je n\u2019\u00e9tais absolument pas candidat\u2005! Mais Comboul a insist\u00e9\u2005: \u00ab\u00a0C\u2019est le genre d\u2019offre qui ne se refuse pas.\u00a0\u00bb J\u2019ai donc pris le poste et, pendant plusieurs mois, \u00e7a a \u00e9t\u00e9 difficile. Je m\u2019attendais \u00e0 g\u00e9rer une r\u00e9daction\u2005; en fait, j\u2019\u00e9tais surtout l\u00e0 pour g\u00e9rer des emm\u2026<\/p>\n<p><strong>Vous \u00e9tiez plus \u00e9panoui dans votre r\u00f4le de grand reporter\u2005?<\/strong><\/p>\n<p>[Il rit] Incontestablement.<\/p>\n<p><strong>Vous avez quitt\u00e9 Nice-Matin en 2008. Si vous ne deviez garder qu\u2019un seul souvenir de ces trente-six ann\u00e9es\u2005?<\/strong><\/p>\n<p>Je garde tout\u2005! J\u2019ai aim\u00e9 passionn\u00e9ment ce m\u00e9tier sous tous ses aspects. [Il sourit] Il n\u2019existe pas de meilleur observatoire de l\u2019\u00e2me humaine.<\/p>\n<p>1. Supprim\u00e9e en 1966, cette formation offrait aux bacheliers une ann\u00e9e pr\u00e9paratoire avant d\u2019int\u00e9grer l\u2019enseignement sup\u00e9rieur.<br \/>&#13;<br \/>\n2. Maire de Toulon de 1959 \u00e0 1985, d\u00e9put\u00e9, s\u00e9nateur et pr\u00e9sident du conseil g\u00e9n\u00e9ral du Var, Arreckx a \u00e9t\u00e9 condamn\u00e9 pour corruption.<br \/>&#13;<br \/>\n3. La d\u00e9put\u00e9e du Var a \u00e9t\u00e9 assassin\u00e9e le 25 f\u00e9vrier 1994 \u00e0 Hy\u00e8res.<\/p>\n","protected":false},"excerpt":{"rendered":"On les appelait les \u00ab\u00a0trois D\u00a0\u00bb. Dabin, Daures, Delserre. Trois reporters embl\u00e9matiques qui, dans le Var, ont port\u00e9&hellip;\n","protected":false},"author":2,"featured_media":194943,"comment_status":"","ping_status":"","sticky":false,"template":"","format":"standard","meta":{"footnotes":""},"categories":[2819],"tags":[1111,11,251,1777,674,1011,27,937,500,12,2401,882,25],"class_list":{"0":"post-194942","1":"post","2":"type-post","3":"status-publish","4":"format-standard","5":"has-post-thumbnail","7":"category-nice","8":"tag-actu","9":"tag-actualites","10":"tag-culture","11":"tag-eu","12":"tag-europe","13":"tag-fr","14":"tag-france","15":"tag-histoire","16":"tag-medias","17":"tag-news","18":"tag-nice","19":"tag-provence-alpes-cote-dazur","20":"tag-republique-francaise"},"share_on_mastodon":{"url":"https:\/\/pubeurope.com\/@fr\/114724916631647756","error":""},"_links":{"self":[{"href":"https:\/\/www.europesays.com\/fr\/wp-json\/wp\/v2\/posts\/194942","targetHints":{"allow":["GET"]}}],"collection":[{"href":"https:\/\/www.europesays.com\/fr\/wp-json\/wp\/v2\/posts"}],"about":[{"href":"https:\/\/www.europesays.com\/fr\/wp-json\/wp\/v2\/types\/post"}],"author":[{"embeddable":true,"href":"https:\/\/www.europesays.com\/fr\/wp-json\/wp\/v2\/users\/2"}],"replies":[{"embeddable":true,"href":"https:\/\/www.europesays.com\/fr\/wp-json\/wp\/v2\/comments?post=194942"}],"version-history":[{"count":0,"href":"https:\/\/www.europesays.com\/fr\/wp-json\/wp\/v2\/posts\/194942\/revisions"}],"wp:featuredmedia":[{"embeddable":true,"href":"https:\/\/www.europesays.com\/fr\/wp-json\/wp\/v2\/media\/194943"}],"wp:attachment":[{"href":"https:\/\/www.europesays.com\/fr\/wp-json\/wp\/v2\/media?parent=194942"}],"wp:term":[{"taxonomy":"category","embeddable":true,"href":"https:\/\/www.europesays.com\/fr\/wp-json\/wp\/v2\/categories?post=194942"},{"taxonomy":"post_tag","embeddable":true,"href":"https:\/\/www.europesays.com\/fr\/wp-json\/wp\/v2\/tags?post=194942"}],"curies":[{"name":"wp","href":"https:\/\/api.w.org\/{rel}","templated":true}]}}