{"id":194944,"date":"2025-06-22T03:35:32","date_gmt":"2025-06-22T03:35:32","guid":{"rendered":"https:\/\/www.europesays.com\/fr\/194944\/"},"modified":"2025-06-22T03:35:32","modified_gmt":"2025-06-22T03:35:32","slug":"interdictions-drone-la-prefecture-prend-des-mesures-pour-la-fete-de-la-musique-a-nantes","status":"publish","type":"post","link":"https:\/\/www.europesays.com\/fr\/194944\/","title":{"rendered":"Interdictions, drone\u2026 La pr\u00e9fecture prend des mesures pour la f\u00eate de la musique \u00e0 Nantes"},"content":{"rendered":"<p>            Par<br \/>\n        <strong><br \/>\n            <a href=\"https:\/\/actu.fr\/auteur\/thomas-bernard\" title=\"Consulter tous les articles de Thomas Bernard\" target=\"_blank\" rel=\"noopener\">Thomas Bernard<\/a><br \/>\n        <\/strong><\/p>\n<p>        Publi\u00e9 le<\/p>\n<p>            21 juin 2025 \u00e0 8h06        <\/p>\n<p>Chanteurs, danseurs et spectateurs d\u00e9ambuleront dans les rues de <a href=\"https:\/\/actu.fr\/nantes\/\" target=\"_blank\" rel=\"noopener\">Nantes<\/a>, ce samedi 21 juin 2025 \u00e0 l\u2019occasion de <strong>la f\u00eate de la musique<\/strong>. \u00c0 l\u2019occasion de cet \u00e9v\u00e9nement culturel et festif, un arr\u00eat\u00e9 pr\u00e9fectoral \u00ab\u00a0pour garantir la s\u00e9curit\u00e9 de tous\u00a0\u00bb, a \u00e9t\u00e9 pris par Fabrice Rigoulet-Roze, pr\u00e9fet de la Loire-Atlantique.<\/p>\n<p>Interdictions et drones\u00a0<\/p>\n<p class=\" wall-content\">Du <strong>samedi 21 juin 2025 \u00e0 7 h au dimanche 22 juin 2025 \u00e0 8 h<\/strong>, sont interdits :\u00a0<\/p>\n<ul class=\" wall-content\">\n<li>L\u2019enl\u00e8vement ou le transport de tout carburant, par jerricans, cubitainers, bidons,<br \/>flacons ou r\u00e9cipients divers.<\/li>\n<li>Le port, le transport et l\u2019utilisation d\u2019artifices de divertissement.<\/li>\n<li>Le port et le transport d\u2019objets pouvant constituer une arme par destination.<\/li>\n<\/ul>\n<p class=\" wall-content\">De plus, un arr\u00eat\u00e9 de captation, d\u2019enregistrement et de transmission d\u2019images par drone a \u00e9t\u00e9 pris \u00e0 Nantes, <strong>ce samedi 21 juin de 18 h \u00e0 4 h du matin<\/strong>.<\/p>\n<p class=\" wall-content\">Selon <a href=\"https:\/\/www.loire-atlantique.gouv.fr\/contenu\/telechargement\/68062\/492315\/file\/RAA%20n%C2%B0104%20du%2019%20juin%202025.pdf\" target=\"_blank\" rel=\"noopener\">la carte annex\u00e9e \u00e0 l\u2019arr\u00eat\u00e9 pr\u00e9fectoral<\/a>, les drones pourront survoler le centre-ville, la gare, une partie du quartier Haut-Pav\u00e9s Saint-F\u00e9lix (\u00eele de Versailles, bords de l\u2019Erdre) et la partie sud-ouest de l\u2019\u00eele de Nantes (secteur Hangar \u00e0 bananes).\u00a0<\/p>\n<p>Vid\u00e9os : en ce moment sur Actu<\/p>\n<p class=\" wall-content\">Suivez toute l\u2019actualit\u00e9 de vos villes et m\u00e9dias favoris en vous inscrivant \u00e0 <a href=\"https:\/\/moncompte.actu.fr\" title=\"D\u00e9couvez Mon Actu\" rel=\"nofollow noopener\" data-trk=\"{&quot;cta&quot;:{&quot;action&quot;:&quot;https:\\\/\\\/moncompte.actu.fr&quot;,&quot;category&quot;:&quot;mon compte&quot;,&quot;from&quot;:&quot;article footer&quot;,&quot;name&quot;:&quot;Mon actu&quot;,&quot;type&quot;:&quot;cta&quot;}}\" target=\"_blank\">Mon Actu<\/a>.<\/p>\n","protected":false},"excerpt":{"rendered":"Par Thomas Bernard Publi\u00e9 le 21 juin 2025 \u00e0 8h06 Chanteurs, danseurs et spectateurs d\u00e9ambuleront dans les rues&hellip;\n","protected":false},"author":2,"featured_media":194945,"comment_status":"","ping_status":"","sticky":false,"template":"","format":"standard","meta":{"footnotes":""},"categories":[2818],"tags":[1111,11,1777,674,25885,1011,27,766,12,2636,25,104],"class_list":{"0":"post-194944","1":"post","2":"type-post","3":"status-publish","4":"format-standard","5":"has-post-thumbnail","7":"category-nantes","8":"tag-actu","9":"tag-actualites","10":"tag-eu","11":"tag-europe","12":"tag-fete-de-la-musique","13":"tag-fr","14":"tag-france","15":"tag-nantes","16":"tag-news","17":"tag-pays-de-la-loire","18":"tag-republique-francaise","19":"tag-societe"},"share_on_mastodon":{"url":"https:\/\/pubeurope.com\/@fr\/114724924467371025","error":""},"_links":{"self":[{"href":"https:\/\/www.europesays.com\/fr\/wp-json\/wp\/v2\/posts\/194944","targetHints":{"allow":["GET"]}}],"collection":[{"href":"https:\/\/www.europesays.com\/fr\/wp-json\/wp\/v2\/posts"}],"about":[{"href":"https:\/\/www.europesays.com\/fr\/wp-json\/wp\/v2\/types\/post"}],"author":[{"embeddable":true,"href":"https:\/\/www.europesays.com\/fr\/wp-json\/wp\/v2\/users\/2"}],"replies":[{"embeddable":true,"href":"https:\/\/www.europesays.com\/fr\/wp-json\/wp\/v2\/comments?post=194944"}],"version-history":[{"count":0,"href":"https:\/\/www.europesays.com\/fr\/wp-json\/wp\/v2\/posts\/194944\/revisions"}],"wp:featuredmedia":[{"embeddable":true,"href":"https:\/\/www.europesays.com\/fr\/wp-json\/wp\/v2\/media\/194945"}],"wp:attachment":[{"href":"https:\/\/www.europesays.com\/fr\/wp-json\/wp\/v2\/media?parent=194944"}],"wp:term":[{"taxonomy":"category","embeddable":true,"href":"https:\/\/www.europesays.com\/fr\/wp-json\/wp\/v2\/categories?post=194944"},{"taxonomy":"post_tag","embeddable":true,"href":"https:\/\/www.europesays.com\/fr\/wp-json\/wp\/v2\/tags?post=194944"}],"curies":[{"name":"wp","href":"https:\/\/api.w.org\/{rel}","templated":true}]}}