{"id":194948,"date":"2025-06-22T03:38:08","date_gmt":"2025-06-22T03:38:08","guid":{"rendered":"https:\/\/www.europesays.com\/fr\/194948\/"},"modified":"2025-06-22T03:38:08","modified_gmt":"2025-06-22T03:38:08","slug":"comment-bordeaux-va-se-servir-de-la-finale-de-lan-passe","status":"publish","type":"post","link":"https:\/\/www.europesays.com\/fr\/194948\/","title":{"rendered":"comment Bordeaux va se servir de la finale de l&rsquo;an pass\u00e9"},"content":{"rendered":"<p>            Par<br \/>\n        <strong><br \/>\n            <a href=\"https:\/\/actu.fr\/auteur\/thomas-corbet-actu-fr\" title=\"Consulter tous les articles de Thomas Corbet\" target=\"_blank\" rel=\"noopener\">Thomas Corbet<\/a><br \/>\n        <\/strong><\/p>\n<p>        Publi\u00e9 le<\/p>\n<p>            22 juin 2025 \u00e0 5h05        <\/p>\n<p>Auteur d\u2019une <a href=\"https:\/\/actu.fr\/sports\/rugby\/top-14\/demi-finale-top-14-le-coup-d-accelerateur-de-bordeaux-fatal-a-toulon-ce-qui-nous-a-plu-et-deplu_62807092.html\" target=\"_blank\" rel=\"noopener\">prestation probante<\/a> en demi-finale de Top 14 contre Toulon, <a href=\"https:\/\/actu.fr\/rugby\/equipe\/bordeaux-begles_64dd31517b8c09c4fec880dd\/\" target=\"_blank\" rel=\"noopener\">Bordeaux-B\u00e8gles<\/a> s\u2019est qualifi\u00e9 pour une <a href=\"https:\/\/actu.fr\/sports\/rugby\/top-14\/la-meme-finale-de-top-14-d-une-saison-a-l-autre-depuis-quand-ce-n-etait-plus-arrive_62807254.html\" target=\"_blank\" rel=\"noopener\">seconde finale cons\u00e9cutive<\/a> ou l\u2019attendra le Stade Toulousain. Et m\u00eame si l\u2019UBB a depuis remport\u00e9 un titre de Champions Cup et trois victoires de rang contre Toulouse, Maxime Lucu, Pierre Bochaton et Jefferson Poirot avouent avoir encore le <strong>cauchemar de la derni\u00e8re finale<\/strong> de Top 14 dans un coin de la t\u00eate. Et ils comptent bien s\u2019en servir\u2026<\/p>\n<p>Finale Toulouse \u2013 Bordeaux : le remake d\u2019un cauchemar<\/p>\n<p class=\" wall-content\">Perdre une finale ne s\u2019oublie jamais totalement. Autant dire que la monumentale gifle re\u00e7ue par Bordeaux-B\u00e8gles lors de la derni\u00e8re finale de Top 14 contre Toulouse a laiss\u00e9 des cicatrices ind\u00e9l\u00e9biles en Gironde.<\/p>\n<p class=\" wall-content\">Une d\u00e9faite 59-3, record absolu parti pour durer \u00e0 ce stade de la comp\u00e9tition, qui a certainement \u00e9t\u00e9 un des passages fondateurs de la magnifique saison 2024-2025 de l\u2019UBB. Au moment de retrouver les Rouge et Noir pour la revanche, forc\u00e9ment, tout le monde y repense.<\/p>\n<p class=\" wall-content\">Jefferson Poirot en premier : \u00ab\u00a0Ce soir il n\u2019y a pas d\u2019euphorie parce qu\u2019on a tous en t\u00eate le cauchemar qu\u2019on avait v\u00e9cu l\u2019an dernier en finale. On s\u2019\u00e9tait un peu laiss\u00e9s emporter par nos \u00e9motions apr\u00e8s la demie avec une euphorie un peu excessive. On a tous \u00e7a en m\u00e9moire et on a essay\u00e9 de garder de la ma\u00eetrise l\u00e0-dessus.\u00a0\u00bb<\/p>\n<p class=\" wall-content\">\u00ab\u00a0L\u2019ann\u00e9e derni\u00e8re, on a eu beaucoup d\u2019euphorie apr\u00e8s la demie et on en a pris 60 en finale. On sait tr\u00e8s bien le client et le club qui nous attend. Eux, ils sont habitu\u00e9s \u00e0 ces matchs-l\u00e0. Le probl\u00e8me, ce n\u2019est que notre deuxi\u00e8me finale depuis qu\u2019on est au club, il faut rester humbles aussi par rapport \u00e0 \u00e7a\u00a0\u00bb, appuie Maxime Lucu.<\/p>\n<p>Toulouse fait toujours peur<\/p>\n<p class=\" wall-content\">La seule chose qui pourrait permettre de d\u00e9finitivement \u00e9vacuer la d\u00e9route du V\u00e9lodrome serait sans doute de poser enfin les mains sur le bouclier de Brennus.<\/p>\n<p class=\" wall-content\">Pourtant, depuis cette terrible soir\u00e9e, l\u2019Union Bordeaux-B\u00e8gles semble avoir pris l\u2019ascendant sur son rival toulousain. Bilan cette saison : trois victoires dont une \u00e0 Ernest-Wallon et une autre en demi-finale de Champions Cup sur la route du titre. Pas suffisant pour rassurer les Girondins, manifestement.<\/p>\n<p class=\" wall-content\">\u00ab\u00a0Honn\u00eatement, \u00e7a va \u00eatre un match compl\u00e8tement diff\u00e9rent de ce qu\u2019on a pu vivre en Coupe d\u2019Europe. L\u00e0, tout est remis \u00e0 z\u00e9ro. C\u2019est le championnat. Et on sait tr\u00e8s bien que le Brennus est attitr\u00e9 au Stade Toulousain. M\u00eame si, cette ann\u00e9e, on a eu plut\u00f4t de la r\u00e9ussite contre eux, je peux vous dire qu\u2019on a encore beaucoup de traces de ce qui s\u2019est pass\u00e9 l\u2019ann\u00e9e derni\u00e8re. Quand vous jouez le Stade Toulousain, que ce soit apr\u00e8s deux victoires cons\u00e9cutives ou autres, je peux vous dire que la trouille est encore d\u00e9cupl\u00e9e\u00a0\u00bb, avoue Maxime Lucu.<\/p>\n<blockquote class=\"ac-article-quote wall-content\">\n<p>On ne se mettra jamais dans la peau du favori tant que ce sera Toulouse en finale, il y a le palmar\u00e8s et c&rsquo;est toujours une \u00e9quipe diff\u00e9rente en finale. Je me souviens de leur demi-finale l&rsquo;an dernier o\u00f9 tout le monde dit \u00ab\u00a0si La Rochelle \u00e9tait rest\u00e9e \u00e0 quinze, \u00e7a n&rsquo;aurait pas \u00e9t\u00e9 le m\u00eame match\u00a0\u00bb&#8230; Puis en finale ils nous avaient br\u00fbl\u00e9s s\u00e9v\u00e8re ! C&rsquo;est quelque chose qui est grav\u00e9, Toulouse en finale est toujours une \u00e9quipe diff\u00e9rente.<\/p>\n<p>    <strong>Jefferson Poirot<\/strong><br \/>\n        Pilier de Bordeaux-B\u00e8gles    <\/p><\/blockquote>\n<p>Exc\u00e8s de confiance impossible<\/p>\n<p class=\" wall-content\">Pourtant, ce Stade Toulousain diminu\u00e9, ce Stade Toulousain secou\u00e9 par Bayonne, n\u2019a-t-il pas l\u2019air plus prenable que jamais ? Et \u00e0 l\u2019inverse, l\u2019UBB a-t-elle jamais eu l\u2019air plus s\u00fbre de ses forces que cette ann\u00e9e ? Non, tous ces voyants largement dans le vert ne suffiront pas \u00e0 rassurer les nouveaux Champions d\u2019Europe.<\/p>\n<p class=\" wall-content\">\u00ab\u00a0Le rapport de force, sur ce que vous avez vu ces deux derniers mois, parce qu\u2019on ne retient que la fin, c\u2019est une illusion. Je sais le respect qu\u2019on a pour le Stade Toulousain, leur capacit\u00e9 de remise en question, leur capacit\u00e9 de motivation quand ils ont tr\u00e9buch\u00e9. Donc je sais que \u00e7a va \u00eatre un choc XXXL, que toutes les moindres choses laiss\u00e9es au hasard, les moindres petits d\u00e9tails d\u2019autosatisfaction, on va les reprendre dans la figure samedi, parce qu\u2019il n\u2019y a que des grands joueurs en face\u00a0\u00bb, pr\u00e9vient Yannick Bru.<\/p>\n<p class=\" wall-content\">Faisant \u00e9cho aux propos de Pierre Bochaton : \u00ab\u00a0On n\u2019a pas moins peur. On sait tr\u00e8s bien que si on arrive confiants sur un match comme \u00e7a contre Toulouse, on en prendra encore 59. \u00c7a avait \u00e9t\u00e9 une humiliation qui n\u2019avait pas \u00e9t\u00e9 facile \u00e0 faire passer.\u00a0\u00bb<\/p>\n<p class=\" wall-content\">\u00ab\u00a0Il faut avoir un esprit de revanche mais ne pas rester bloqu\u00e9s dessus car ce n\u2019est pas ce qui nous fera gagner le match\u00a0\u00bb, temp\u00e8re-t-il n\u00e9anmoins.<\/p>\n<p class=\" wall-content\">Revanche, revanche de la revanche, cons\u00e9cration toulousaine avec un tripl\u00e9 historique ou doubl\u00e9 bordelais qui le serait tout autant, la finale de Top 14 sera quoi qu\u2019il arrive inoubliable.\u00a0<\/p>\n<p class=\" wall-content\">Suivez toute l\u2019actualit\u00e9 de vos villes et m\u00e9dias favoris en vous inscrivant \u00e0 <a href=\"https:\/\/moncompte.actu.fr\" title=\"D\u00e9couvez Mon Actu\" rel=\"nofollow noopener\" data-trk=\"{&quot;cta&quot;:{&quot;action&quot;:&quot;https:\\\/\\\/moncompte.actu.fr&quot;,&quot;category&quot;:&quot;mon compte&quot;,&quot;from&quot;:&quot;article footer&quot;,&quot;name&quot;:&quot;Mon actu&quot;,&quot;type&quot;:&quot;cta&quot;}}\" target=\"_blank\">Mon Actu<\/a>.<\/p>\n<ul class=\"ac-article-tag wall-content\">\n<li><a href=\"https:\/\/actu.fr\/tag\/maxime-lucu\" data-trk=\"{&quot;cta&quot;:{&quot;action&quot;:&quot;Maxime Lucu&quot;,&quot;category&quot;:&quot;tag&quot;,&quot;from&quot;:&quot;article footer&quot;,&quot;name&quot;:&quot;Maxime Lucu&quot;,&quot;type&quot;:&quot;cta&quot;}}\" target=\"_blank\" rel=\"noopener\">#Maxime Lucu<\/a><\/li>\n<li><a href=\"https:\/\/actu.fr\/tag\/usb-union-bordeaux-begles\" data-trk=\"{&quot;cta&quot;:{&quot;action&quot;:&quot;UBB Union Bordeaux B\\u00e8gles&quot;,&quot;category&quot;:&quot;tag&quot;,&quot;from&quot;:&quot;article footer&quot;,&quot;name&quot;:&quot;UBB Union Bordeaux B\\u00e8gles&quot;,&quot;type&quot;:&quot;cta&quot;}}\" target=\"_blank\" rel=\"noopener\">#UBB Union Bordeaux B\u00e8gles<\/a><\/li>\n<\/ul>\n","protected":false},"excerpt":{"rendered":"Par Thomas Corbet Publi\u00e9 le 22 juin 2025 \u00e0 5h05 Auteur d\u2019une prestation probante en demi-finale de Top&hellip;\n","protected":false},"author":2,"featured_media":194949,"comment_status":"","ping_status":"","sticky":false,"template":"","format":"standard","meta":{"footnotes":""},"categories":[2817],"tags":[1111,11,1997,1777,674,1011,27,33373,12,2219,25,479,60,478,4435],"class_list":{"0":"post-194948","1":"post","2":"type-post","3":"status-publish","4":"format-standard","5":"has-post-thumbnail","7":"category-bordeaux","8":"tag-actu","9":"tag-actualites","10":"tag-bordeaux","11":"tag-eu","12":"tag-europe","13":"tag-fr","14":"tag-france","15":"tag-maxime-lucu","16":"tag-news","17":"tag-nouvelle-aquitaine","18":"tag-republique-francaise","19":"tag-rugby","20":"tag-sports","21":"tag-top-14","22":"tag-ubb-union-bordeaux-begles"},"share_on_mastodon":{"url":"https:\/\/pubeurope.com\/@fr\/114724936326919828","error":""},"_links":{"self":[{"href":"https:\/\/www.europesays.com\/fr\/wp-json\/wp\/v2\/posts\/194948","targetHints":{"allow":["GET"]}}],"collection":[{"href":"https:\/\/www.europesays.com\/fr\/wp-json\/wp\/v2\/posts"}],"about":[{"href":"https:\/\/www.europesays.com\/fr\/wp-json\/wp\/v2\/types\/post"}],"author":[{"embeddable":true,"href":"https:\/\/www.europesays.com\/fr\/wp-json\/wp\/v2\/users\/2"}],"replies":[{"embeddable":true,"href":"https:\/\/www.europesays.com\/fr\/wp-json\/wp\/v2\/comments?post=194948"}],"version-history":[{"count":0,"href":"https:\/\/www.europesays.com\/fr\/wp-json\/wp\/v2\/posts\/194948\/revisions"}],"wp:featuredmedia":[{"embeddable":true,"href":"https:\/\/www.europesays.com\/fr\/wp-json\/wp\/v2\/media\/194949"}],"wp:attachment":[{"href":"https:\/\/www.europesays.com\/fr\/wp-json\/wp\/v2\/media?parent=194948"}],"wp:term":[{"taxonomy":"category","embeddable":true,"href":"https:\/\/www.europesays.com\/fr\/wp-json\/wp\/v2\/categories?post=194948"},{"taxonomy":"post_tag","embeddable":true,"href":"https:\/\/www.europesays.com\/fr\/wp-json\/wp\/v2\/tags?post=194948"}],"curies":[{"name":"wp","href":"https:\/\/api.w.org\/{rel}","templated":true}]}}