{"id":194955,"date":"2025-06-22T03:43:13","date_gmt":"2025-06-22T03:43:13","guid":{"rendered":"https:\/\/www.europesays.com\/fr\/194955\/"},"modified":"2025-06-22T03:43:13","modified_gmt":"2025-06-22T03:43:13","slug":"une-remise-en-cause-des-droits-a-la-sante-sexuelle","status":"publish","type":"post","link":"https:\/\/www.europesays.com\/fr\/194955\/","title":{"rendered":"une remise en cause des droits \u00e0 la sant\u00e9 sexuelle"},"content":{"rendered":"<p>\u00ab\u00a0L\u2019\u00c9tat et les collectivit\u00e9s territoriales se d\u00e9sengagent financi\u00e8rement progressivement, et nous observons des baisses et des coupes budg\u00e9taires partout sur le territoire.\u00a0\u00bb Le<a href=\"https:\/\/www.laprovence.com\/article\/sante\/32303985373358\/planning-familial-le-reseau-associatif-alerte-sur-la-baisse-de-ses-subventions\" target=\"_blank\" rel=\"nofollow noopener\"> Planning Familial tire la sonnette d\u2019alarme<\/a>, d\u00e9non\u00e7ant la baisse de ses financements publics et la menace croissante qui p\u00e8se sur l\u2019acc\u00e8s \u00e0 la sant\u00e9 sexuelle en France. L\u2019association d\u00e9nonce un \u00ab\u00a0choix politique\u00a0\u00bb et lance une campagne de soutien en ligne, notamment via la cr\u00e9ation d\u2019une cagnotte. \u00c0 ce jour, neuf associations du r\u00e9seau sont directement concern\u00e9es par ces baisses de subventions, mais l\u2019inqui\u00e9tude gagne du terrain.<\/p>\n<p>\u00ab\u00a0\u00c0 peine 45% de notre budget a \u00e9t\u00e9 vot\u00e9\u00a0\u00bb<\/p>\n<p>\u00ab\u00a0Concernant nos financements 2025, nous sommes soumis \u00e0 de fortes incertitudes\u00a0: \u00e0 ce jour, \u00e0 peine 45% de notre budget a \u00e9t\u00e9 vot\u00e9\u00a0\u00bb, s\u2019alarme Laurence Buffet, directrice du <a href=\"https:\/\/www.laprovence.com\/article\/societe\/15083082911708\/ivg-dans-la-constitution-au-planning-familial-de-marseille-on-aurait-prefere-parler-dun-droit\" target=\"_blank\" rel=\"nofollow noopener\">Planning Familial \u00e0 Marseille<\/a>. \u00ab\u00a0Par ailleurs, nous avons une hausse de 10% de nos charges. \u00c7a correspond \u00e0 une baisse de nos activit\u00e9s, une baisse d\u2019accueil de nos publics et bien entendu, au licenciement de salari\u00e9s.\u00a0\u00bb Si la directrice souligne le soutient dont l\u2019association fait preuve localement, elle \u00ab\u00a0craint que des tensions politiques \u00e0 la R\u00e9gion aient des cons\u00e9quences sur nos financements\u00a0\u00bb et a \u00ab\u00a0des inqui\u00e9tudes concernant le d\u00e9partement\u00a0\u00bb.<\/p>\n","protected":false},"excerpt":{"rendered":"\u00ab\u00a0L\u2019\u00c9tat et les collectivit\u00e9s territoriales se d\u00e9sengagent financi\u00e8rement progressivement, et nous observons des baisses et des coupes budg\u00e9taires&hellip;\n","protected":false},"author":2,"featured_media":194956,"comment_status":"","ping_status":"","sticky":false,"template":"","format":"standard","meta":{"footnotes":""},"categories":[2814],"tags":[17,1111,11,898,1777,674,19458,4666,1011,27,884,12,33374,882,25,71,1447,3356,96],"class_list":{"0":"post-194955","1":"post","2":"type-post","3":"status-publish","4":"format-standard","5":"has-post-thumbnail","7":"category-marseille","8":"tag-17","9":"tag-actu","10":"tag-actualites","11":"tag-alerte","12":"tag-eu","13":"tag-europe","14":"tag-familial","15":"tag-financiere","16":"tag-fr","17":"tag-france","18":"tag-marseille","19":"tag-news","20":"tag-planning","21":"tag-provence-alpes-cote-dazur","22":"tag-republique-francaise","23":"tag-sante","24":"tag-situation","25":"tag-sur","26":"tag-une"},"share_on_mastodon":{"url":"https:\/\/pubeurope.com\/@fr\/114724956028655011","error":""},"_links":{"self":[{"href":"https:\/\/www.europesays.com\/fr\/wp-json\/wp\/v2\/posts\/194955","targetHints":{"allow":["GET"]}}],"collection":[{"href":"https:\/\/www.europesays.com\/fr\/wp-json\/wp\/v2\/posts"}],"about":[{"href":"https:\/\/www.europesays.com\/fr\/wp-json\/wp\/v2\/types\/post"}],"author":[{"embeddable":true,"href":"https:\/\/www.europesays.com\/fr\/wp-json\/wp\/v2\/users\/2"}],"replies":[{"embeddable":true,"href":"https:\/\/www.europesays.com\/fr\/wp-json\/wp\/v2\/comments?post=194955"}],"version-history":[{"count":0,"href":"https:\/\/www.europesays.com\/fr\/wp-json\/wp\/v2\/posts\/194955\/revisions"}],"wp:featuredmedia":[{"embeddable":true,"href":"https:\/\/www.europesays.com\/fr\/wp-json\/wp\/v2\/media\/194956"}],"wp:attachment":[{"href":"https:\/\/www.europesays.com\/fr\/wp-json\/wp\/v2\/media?parent=194955"}],"wp:term":[{"taxonomy":"category","embeddable":true,"href":"https:\/\/www.europesays.com\/fr\/wp-json\/wp\/v2\/categories?post=194955"},{"taxonomy":"post_tag","embeddable":true,"href":"https:\/\/www.europesays.com\/fr\/wp-json\/wp\/v2\/tags?post=194955"}],"curies":[{"name":"wp","href":"https:\/\/api.w.org\/{rel}","templated":true}]}}