{"id":194963,"date":"2025-06-22T03:47:18","date_gmt":"2025-06-22T03:47:18","guid":{"rendered":"https:\/\/www.europesays.com\/fr\/194963\/"},"modified":"2025-06-22T03:47:18","modified_gmt":"2025-06-22T03:47:18","slug":"ile-de-france-ouvrir-les-bouches-a-incendie-une-idee-doublement-dangereuse","status":"publish","type":"post","link":"https:\/\/www.europesays.com\/fr\/194963\/","title":{"rendered":"\u00cele-de-France\u00a0: ouvrir les bouches \u00e0 incendie, une id\u00e9e doublement dangereuse"},"content":{"rendered":"\n<p lang=\"fr-FR\" style=\"margin-bottom: 0cm;\">Les sapeurs-pompiers alertent en \u00cele-de-France sur les risques d\u2019ouvrir une bouche \u00e0 incendie. Pendant l\u2019\u00e9t\u00e9 le ph\u00e9nom\u00e8ne prend de l\u2019ampleur chez certains jeunes qui veulent se rafra\u00eechir. Mais en 2015, environ 250.000 m\u00e8tres cubes avaient \u00e9t\u00e9 gaspill\u00e9s pendant l\u2019\u00e9t\u00e9 avec l\u2019ouverture de plusieurs centaines de bornes. Un risque pour les pompiers de ne pas pouvoir r\u00e9agir vite en cas d\u2019incendie. En 2019, un enfant de 6 ans avait \u00e9t\u00e9 gri\u00e8vement bless\u00e9 apr\u00e8s avoir \u00e9t\u00e9 projet\u00e9 en l\u2019air par un geyser \u00e0 Saint-Denis. La pratique est sanctionn\u00e9e \u00e0 hauteur de cinq ans de prison et 75\u2009000 euros d\u2019amende.<\/p>\n<p lang=\"fr-FR\" style=\"margin-bottom: 0cm;\">\u00a0<\/p>\n<p lang=\"fr-FR\" style=\"margin-bottom: 0cm;\">\u00a0<\/p>\n<p lang=\"fr-FR\" style=\"margin-bottom: 0cm;\">Nicolas Chacun &#8211; Benjamin Foucault<\/p>\n<p>!function(f,b,e,v,n,t,s){if(f.fbq)return;n=f.fbq=function(){n.callMethod?<br \/>\nn.callMethod.apply(n,arguments):n.queue.push(arguments)};if(!f._fbq)f._fbq=n;<br \/>\nn.push=n;n.loaded=!0;n.version=&rsquo;2.0&prime;;n.queue=[];t=b.createElement(e);t.async=!0;<br \/>\nt.src=v;s=b.getElementsByTagName(e)[0];s.parentNode.insertBefore(t,s)}(window,<br \/>\ndocument,&rsquo;script&rsquo;,&rsquo;https:\/\/connect.facebook.net\/en_US\/fbevents.js&rsquo;);<br \/>\nfbq(&lsquo;init&rsquo;, &lsquo;278974969201861&rsquo;); \/\/ Insert your pixel ID here.<br \/>\nfbq(&lsquo;track&rsquo;, &lsquo;PageView&rsquo;);<\/p>\n","protected":false},"excerpt":{"rendered":"Les sapeurs-pompiers alertent en \u00cele-de-France sur les risques d\u2019ouvrir une bouche \u00e0 incendie. Pendant l\u2019\u00e9t\u00e9 le ph\u00e9nom\u00e8ne prend&hellip;\n","protected":false},"author":2,"featured_media":194964,"comment_status":"","ping_status":"","sticky":false,"template":"","format":"standard","meta":{"footnotes":""},"categories":[1592],"tags":[1111,11,1933,1936,1777,1939,674,1011,27,662,1934,12,1940,626,1935,25,1937,1941,1938],"class_list":{"0":"post-194963","1":"post","2":"type-post","3":"status-publish","4":"format-standard","5":"has-post-thumbnail","7":"category-ile-de-france","8":"tag-actu","9":"tag-actualites","10":"tag-actualites-locales","11":"tag-essonne","12":"tag-eu","13":"tag-eure-et-loir","14":"tag-europe","15":"tag-fr","16":"tag-france","17":"tag-ile-de-france","18":"tag-infos-locales","19":"tag-news","20":"tag-oise","21":"tag-paris","22":"tag-pres-de-chez-vous","23":"tag-republique-francaise","24":"tag-seine-et-marne","25":"tag-somme","26":"tag-yvelines"},"share_on_mastodon":{"url":"https:\/\/pubeurope.com\/@fr\/114724971689899963","error":""},"_links":{"self":[{"href":"https:\/\/www.europesays.com\/fr\/wp-json\/wp\/v2\/posts\/194963","targetHints":{"allow":["GET"]}}],"collection":[{"href":"https:\/\/www.europesays.com\/fr\/wp-json\/wp\/v2\/posts"}],"about":[{"href":"https:\/\/www.europesays.com\/fr\/wp-json\/wp\/v2\/types\/post"}],"author":[{"embeddable":true,"href":"https:\/\/www.europesays.com\/fr\/wp-json\/wp\/v2\/users\/2"}],"replies":[{"embeddable":true,"href":"https:\/\/www.europesays.com\/fr\/wp-json\/wp\/v2\/comments?post=194963"}],"version-history":[{"count":0,"href":"https:\/\/www.europesays.com\/fr\/wp-json\/wp\/v2\/posts\/194963\/revisions"}],"wp:featuredmedia":[{"embeddable":true,"href":"https:\/\/www.europesays.com\/fr\/wp-json\/wp\/v2\/media\/194964"}],"wp:attachment":[{"href":"https:\/\/www.europesays.com\/fr\/wp-json\/wp\/v2\/media?parent=194963"}],"wp:term":[{"taxonomy":"category","embeddable":true,"href":"https:\/\/www.europesays.com\/fr\/wp-json\/wp\/v2\/categories?post=194963"},{"taxonomy":"post_tag","embeddable":true,"href":"https:\/\/www.europesays.com\/fr\/wp-json\/wp\/v2\/tags?post=194963"}],"curies":[{"name":"wp","href":"https:\/\/api.w.org\/{rel}","templated":true}]}}