{"id":194971,"date":"2025-06-22T03:52:10","date_gmt":"2025-06-22T03:52:10","guid":{"rendered":"https:\/\/www.europesays.com\/fr\/194971\/"},"modified":"2025-06-22T03:52:10","modified_gmt":"2025-06-22T03:52:10","slug":"monaco-paris-basketball-a-quelle-heure-sur-quelle-chaine-tv-voir-le-match-4-de-la-finale-de-betclic-elite","status":"publish","type":"post","link":"https:\/\/www.europesays.com\/fr\/194971\/","title":{"rendered":"Monaco-Paris Basketball\u00a0: \u00e0 quelle heure, sur quelle cha\u00eene TV voir le match 4 de la finale de Betclic \u00c9lite\u00a0?"},"content":{"rendered":"<p class=\"paragraph text_align_left lp-f-body-02\">C\u2019est la derni\u00e8re chance pour le Paris Basketball pour s\u2019\u00e9viter de jouer toute sa saison sur un match. En gagnant les deux premiers matchs de <a href=\"https:\/\/www.leparisien.fr\/sports\/basket\/\" target=\"_blank\" rel=\"noreferrer noopener\">la s\u00e9rie des finales<\/a> qui se jouent au meilleur des cinq rencontres, le Paris Basketball a mis une grosse pression sur Monaco.<\/p>\n<p class=\"paragraph text_align_left lp-f-body-02\">Mais Monaco n\u2019est pas le r\u00e9cent finaliste de l\u2019Euroligue pour rien. Lors d\u2019un match 3 d\u2019abord mal embarqu\u00e9 (+ 12 \u00e0 la pause pour les Parisiens), il a renvers\u00e9 la vapeur pour finalement<a href=\"https:\/\/www.leparisien.fr\/sports\/basket\/monaco-paris-basketball-81-78-paris-perd-une-balle-de-match-et-relance-la-finale-du-championnat-de-france-20-06-2025-Y4C7LAD35RGFBFJCPXMDJYVW7I.php\" target=\"_blank\" rel=\"noreferrer noopener\"> s\u2019imposer (81-78) vendredi<\/a>.<\/p>\n<p class=\"paragraph text_align_left lp-f-body-02\">Du coup, la confiance des joueurs de <a href=\"https:\/\/www.leparisien.fr\/sports\/basket\/\" target=\"_blank\" rel=\"noreferrer noopener\">basket <\/a>parisiens n\u00e9e des deux premi\u00e8res victoires (94-82 et <a href=\"https:\/\/www.leparisien.fr\/sports\/basket\/paris-basketball-monaco-92-67-euphoriques-les-parisiens-ecrasent-monaco-et-se-rapprochent-du-titre-de-champion-17-06-2025-ENQBVTU445GP5ANK3OQ5OXI7KA.php\" target=\"_blank\" rel=\"noreferrer noopener\">surtout 92-67<\/a>) s\u2019est un peu \u00e9tiol\u00e9e. \u00c0 l\u2019image de la peur du joueur de tennis qui sert pour une balle de match, Paris devra enfin se lib\u00e9rer \u00e9motionnellement pour gagner ce match 4 et s\u2019\u00e9viter les angoisses d\u2019un match 5, sous tr\u00e8s haute tension psychologique.<\/p>\n<p class=\"paragraph text_align_left lp-f-body-02\">Quoi qu\u2019il arrive, pour Monaco, c\u2019est le dernier match de la saison \u00e0 la salle Gaston-Medecin. <a href=\"https:\/\/www.leparisien.fr\/sports\/basket\/paris-basketball-monaco-les-dates-et-le-programme-de-la-finale-du-championnat-de-france-11-06-2025-YNUY2QYC6VB6TBJTVD6AN2SJTU.php\" target=\"_blank\" rel=\"noreferrer noopener\">En cas de match 5<\/a>, la rencontre se jouera le mardi 24 juin \u00e0 20h30 \u00e0 Paris, qui a obtenu cet avantage en finissant premier de la saison r\u00e9guli\u00e8re.<\/p>\n<p class=\"paragraph text_align_left lp-f-body-02\"><b>Le match 4 entre Monaco et Paris Basketball de la finale du Championnat de France Betclic \u00c9lite se jouera ce dimanche 22 juin \u00e0 16h30. Il est \u00e0 suivre en direct sur DAZN.<\/b><\/p>\n","protected":false},"excerpt":{"rendered":"C\u2019est la derni\u00e8re chance pour le Paris Basketball pour s\u2019\u00e9viter de jouer toute sa saison sur un match.&hellip;\n","protected":false},"author":2,"featured_media":194972,"comment_status":"","ping_status":"","sticky":false,"template":"","format":"standard","meta":{"footnotes":""},"categories":[1888],"tags":[11,1465,1777,674,1011,27,12,626,25,60],"class_list":{"0":"post-194971","1":"post","2":"type-post","3":"status-publish","4":"format-standard","5":"has-post-thumbnail","7":"category-paris","8":"tag-actualites","9":"tag-basket","10":"tag-eu","11":"tag-europe","12":"tag-fr","13":"tag-france","14":"tag-news","15":"tag-paris","16":"tag-republique-francaise","17":"tag-sports"},"share_on_mastodon":{"url":"https:\/\/pubeurope.com\/@fr\/114724991951848814","error":""},"_links":{"self":[{"href":"https:\/\/www.europesays.com\/fr\/wp-json\/wp\/v2\/posts\/194971","targetHints":{"allow":["GET"]}}],"collection":[{"href":"https:\/\/www.europesays.com\/fr\/wp-json\/wp\/v2\/posts"}],"about":[{"href":"https:\/\/www.europesays.com\/fr\/wp-json\/wp\/v2\/types\/post"}],"author":[{"embeddable":true,"href":"https:\/\/www.europesays.com\/fr\/wp-json\/wp\/v2\/users\/2"}],"replies":[{"embeddable":true,"href":"https:\/\/www.europesays.com\/fr\/wp-json\/wp\/v2\/comments?post=194971"}],"version-history":[{"count":0,"href":"https:\/\/www.europesays.com\/fr\/wp-json\/wp\/v2\/posts\/194971\/revisions"}],"wp:featuredmedia":[{"embeddable":true,"href":"https:\/\/www.europesays.com\/fr\/wp-json\/wp\/v2\/media\/194972"}],"wp:attachment":[{"href":"https:\/\/www.europesays.com\/fr\/wp-json\/wp\/v2\/media?parent=194971"}],"wp:term":[{"taxonomy":"category","embeddable":true,"href":"https:\/\/www.europesays.com\/fr\/wp-json\/wp\/v2\/categories?post=194971"},{"taxonomy":"post_tag","embeddable":true,"href":"https:\/\/www.europesays.com\/fr\/wp-json\/wp\/v2\/tags?post=194971"}],"curies":[{"name":"wp","href":"https:\/\/api.w.org\/{rel}","templated":true}]}}