{"id":194981,"date":"2025-06-22T03:57:10","date_gmt":"2025-06-22T03:57:10","guid":{"rendered":"https:\/\/www.europesays.com\/fr\/194981\/"},"modified":"2025-06-22T03:57:10","modified_gmt":"2025-06-22T03:57:10","slug":"hand-mondial-juniors-2025-3e-defaite-de-la-tunisie-contre-lallemagne","status":"publish","type":"post","link":"https:\/\/www.europesays.com\/fr\/194981\/","title":{"rendered":"Hand \u2013 Mondial Juniors 2025 : 3e d\u00e9faite de la Tunisie, contre l&rsquo;Allemagne"},"content":{"rendered":"<p>La s\u00e9lection tunisienne Juniors de handball poursuit en Pologne sa participation au Mondial 2025, qui aura lieu du 18 au 29 juin.<\/p>\n<p>Apr\u00e8s une d\u00e9faite contre les suisses et les serbes dans le groupe G, les Aiglons tunisiens ont \u00e9t\u00e9 battus ce samedi apr\u00e8s-midi, par leurs homologues allemands <strong>26-39<\/strong>.<\/p>\n<p>Il reste au programme de la s\u00e9lection tunisienne Juniors de handball les matches de classement avec les s\u00e9lections de la Serbie, l\u2019Arabie Saoudite et le Bahre\u00efn.<\/p>\n","protected":false},"excerpt":{"rendered":"La s\u00e9lection tunisienne Juniors de handball poursuit en Pologne sa participation au Mondial 2025, qui aura lieu du&hellip;\n","protected":false},"author":2,"featured_media":194982,"comment_status":"","ping_status":"","sticky":false,"template":"","format":"standard","meta":{"footnotes":""},"categories":[1587],"tags":[11,672,1804,1805,1803,1777,674,1801,12,1802],"class_list":{"0":"post-194981","1":"post","2":"type-post","3":"status-publish","4":"format-standard","5":"has-post-thumbnail","7":"category-allemagne","8":"tag-actualites","9":"tag-allemagne","10":"tag-bundesrepublik-deutschland","11":"tag-de","12":"tag-deutschland","13":"tag-eu","14":"tag-europe","15":"tag-germany","16":"tag-news","17":"tag-republique-federale-dallemagne"},"share_on_mastodon":{"url":"https:\/\/pubeurope.com\/@fr\/114725011024070585","error":""},"_links":{"self":[{"href":"https:\/\/www.europesays.com\/fr\/wp-json\/wp\/v2\/posts\/194981","targetHints":{"allow":["GET"]}}],"collection":[{"href":"https:\/\/www.europesays.com\/fr\/wp-json\/wp\/v2\/posts"}],"about":[{"href":"https:\/\/www.europesays.com\/fr\/wp-json\/wp\/v2\/types\/post"}],"author":[{"embeddable":true,"href":"https:\/\/www.europesays.com\/fr\/wp-json\/wp\/v2\/users\/2"}],"replies":[{"embeddable":true,"href":"https:\/\/www.europesays.com\/fr\/wp-json\/wp\/v2\/comments?post=194981"}],"version-history":[{"count":0,"href":"https:\/\/www.europesays.com\/fr\/wp-json\/wp\/v2\/posts\/194981\/revisions"}],"wp:featuredmedia":[{"embeddable":true,"href":"https:\/\/www.europesays.com\/fr\/wp-json\/wp\/v2\/media\/194982"}],"wp:attachment":[{"href":"https:\/\/www.europesays.com\/fr\/wp-json\/wp\/v2\/media?parent=194981"}],"wp:term":[{"taxonomy":"category","embeddable":true,"href":"https:\/\/www.europesays.com\/fr\/wp-json\/wp\/v2\/categories?post=194981"},{"taxonomy":"post_tag","embeddable":true,"href":"https:\/\/www.europesays.com\/fr\/wp-json\/wp\/v2\/tags?post=194981"}],"curies":[{"name":"wp","href":"https:\/\/api.w.org\/{rel}","templated":true}]}}