{"id":194993,"date":"2025-06-22T04:05:11","date_gmt":"2025-06-22T04:05:11","guid":{"rendered":"https:\/\/www.europesays.com\/fr\/194993\/"},"modified":"2025-06-22T04:05:11","modified_gmt":"2025-06-22T04:05:11","slug":"lancien-capitaine-de-lequipe-decosse-ian-mclauchlan-est-decede-a-83-ans","status":"publish","type":"post","link":"https:\/\/www.europesays.com\/fr\/194993\/","title":{"rendered":"l\u2019ancien capitaine de l\u2019\u00e9quipe d\u2019\u00c9cosse Ian McLauchlan est d\u00e9c\u00e9d\u00e9 \u00e0 83 ans"},"content":{"rendered":"<p>Avec 43 s\u00e9lections au sein du XV du Chardon, l\u2019ancien pilier aura marqu\u00e9 une \u00e9poque. Il a \u00e9t\u00e9 intronis\u00e9 au Temple de la renomm\u00e9e du rugby \u00e9cossais en 2017.<\/p>\n<p class=\"fig-paragraph\">L\u2019\u00c9cosse est en deuil ce samedi apr\u00e8s avoir appris le d\u00e9c\u00e8s de Ian McLauchlan, capitaine de l\u2019\u00e9quipe nationale durant 19 rencontres et grande figure des\u00a0<a href=\"http:\/\/www.lefigaro.fr\/sports\/rugby\/rugby-les-lions-britanniques-et-irlandais-avec-le-toulousain-kinghorn-itoje-nomme-capitaine-20250508\" data-fig-type=\"NewsFlash\" data-gtm-custom-categorie=\"navigation\" data-gtm-custom-action=\"crossclick\" data-gtm-custom-label=\"Contextuel\" data-gtm-event=\"customEventSPE\" data-fig-domain=\"LEFIGARO\" target=\"_blank\" rel=\"noopener\">Lions Britanniques<\/a>, \u00e0 l\u2019\u00e2ge de 83 ans. Le pilier, n\u00e9 \u00e0 Tarbolton, a particip\u00e9 aux tourn\u00e9es r\u00e9ussies des Lions en Nouvelle-Z\u00e9lande et en Afrique du Sud en 1971 et 1974, gagnant le surnom de \u00abMighty Mouse\u00bb.<\/p>\n<p class=\"fig-paragraph\">Il a ensuite servi le rugby \u00e9cossais en tant que membre du conseil d\u2019administration pendant une cinquantaine d\u2019ann\u00e9es. Il fut ainsi intronis\u00e9 au Temple de la renomm\u00e9e du rugby \u00e9cossais en 2017, et fait officier de l\u2019ordre de l\u2019Empire Britannique l\u2019ann\u00e9e suivante. La f\u00e9d\u00e9ration \u00e9cossaise s\u2019est dite \u00abextr\u00eamement attrist\u00e9e\u00bb d\u2019apprendre son d\u00e9c\u00e8s vendredi.<\/p>\n","protected":false},"excerpt":{"rendered":"Avec 43 s\u00e9lections au sein du XV du Chardon, l\u2019ancien pilier aura marqu\u00e9 une \u00e9poque. Il a \u00e9t\u00e9&hellip;\n","protected":false},"author":2,"featured_media":194994,"comment_status":"","ping_status":"","sticky":false,"template":"","format":"standard","meta":{"footnotes":""},"categories":[1416],"tags":[2306,525,2309,1981,2313,1089,451,814,1011,27,955,2308,2311,1980,479,1468,2259,2307,60,478,2310,2312,513,33375],"class_list":{"0":"post-194993","1":"post","2":"type-post","3":"status-publish","4":"format-standard","5":"has-post-thumbnail","7":"category-rugby","8":"tag-6-nations","9":"tag-calendrier","10":"tag-challenge-europeen","11":"tag-classement","12":"tag-clermont","13":"tag-coupe-deurope","14":"tag-coupe-du-monde","15":"tag-direct","16":"tag-fr","17":"tag-france","18":"tag-match","19":"tag-pro-d2","20":"tag-racing","21":"tag-resultats","22":"tag-rugby","23":"tag-rugby-football","24":"tag-score","25":"tag-six-nations","26":"tag-sports","27":"tag-top-14","28":"tag-toulon","29":"tag-toulouse","30":"tag-xv-de-france","31":"tag-xv-du-chardon"},"share_on_mastodon":{"url":"https:\/\/pubeurope.com\/@fr\/114725042471424431","error":""},"_links":{"self":[{"href":"https:\/\/www.europesays.com\/fr\/wp-json\/wp\/v2\/posts\/194993","targetHints":{"allow":["GET"]}}],"collection":[{"href":"https:\/\/www.europesays.com\/fr\/wp-json\/wp\/v2\/posts"}],"about":[{"href":"https:\/\/www.europesays.com\/fr\/wp-json\/wp\/v2\/types\/post"}],"author":[{"embeddable":true,"href":"https:\/\/www.europesays.com\/fr\/wp-json\/wp\/v2\/users\/2"}],"replies":[{"embeddable":true,"href":"https:\/\/www.europesays.com\/fr\/wp-json\/wp\/v2\/comments?post=194993"}],"version-history":[{"count":0,"href":"https:\/\/www.europesays.com\/fr\/wp-json\/wp\/v2\/posts\/194993\/revisions"}],"wp:featuredmedia":[{"embeddable":true,"href":"https:\/\/www.europesays.com\/fr\/wp-json\/wp\/v2\/media\/194994"}],"wp:attachment":[{"href":"https:\/\/www.europesays.com\/fr\/wp-json\/wp\/v2\/media?parent=194993"}],"wp:term":[{"taxonomy":"category","embeddable":true,"href":"https:\/\/www.europesays.com\/fr\/wp-json\/wp\/v2\/categories?post=194993"},{"taxonomy":"post_tag","embeddable":true,"href":"https:\/\/www.europesays.com\/fr\/wp-json\/wp\/v2\/tags?post=194993"}],"curies":[{"name":"wp","href":"https:\/\/api.w.org\/{rel}","templated":true}]}}