{"id":195005,"date":"2025-06-22T04:12:17","date_gmt":"2025-06-22T04:12:17","guid":{"rendered":"https:\/\/www.europesays.com\/fr\/195005\/"},"modified":"2025-06-22T04:12:17","modified_gmt":"2025-06-22T04:12:17","slug":"noemie-lenoir-livre-un-temoignage-poignant-sur-son-addiction-a-lalcool","status":"publish","type":"post","link":"https:\/\/www.europesays.com\/fr\/195005\/","title":{"rendered":"No\u00e9mie Lenoir livre un t\u00e9moignage poignant sur son addiction \u00e0 l&rsquo;alcool"},"content":{"rendered":"<p>Ce samedi 21 juin, No\u00e9mie Lenoir \u00e9tait invit\u00e9e sur le plateau de C l&rsquo;hebdo. Une semaine apr\u00e8s avoir bris\u00e9 le silence sur son combat contre l&rsquo;alcoolisme, la mannequin livre un t\u00e9moignage bouleversant sur la p\u00e9riode la plus compliqu\u00e9e de sa vie. <\/p>\n<p>Il y a une semaine, <a href=\"https:\/\/www.programme-tv.net\/news\/tv\/229357-il-ma-fallu-du-temps-pour-men-relever-noemie-lenoir-revient-sur-un-episode-traumatisant-de-sa-vie-lors-dune-camera-cachee-video\/\" data-api-deeplink=\"teleloisirs:\/\/news\/229357\" target=\"_blank\" rel=\"noopener\">No\u00e9mie Lenoir<\/a> prenait la parole pour la premi\u00e8re fois pour \u00e9voquer un sujet qui lui tient \u00e0 c\u0153ur : <a href=\"https:\/\/www.programme-tv.net\/news\/people\/380638-je-suis-alcoolique-noemie-lenoir-brise-le-silence-sur-son-addiction-son-temoignage-bouleversant\/\" data-api-deeplink=\"teleloisirs:\/\/news\/380638\" target=\"_blank\" rel=\"noopener\">son combat contre son addiction \u00e0 l&rsquo;alcool.<\/a> \u00ab\u00a0Le jour o\u00f9 je me suis rendu compte que ce n&rsquo;\u00e9tait plus normal, c&rsquo;est quand j&rsquo;\u00e9tais seule \u00e0 la maison et que j&rsquo;ouvrais mes bouteilles de ros\u00e9\u00a0\u00bb, a confi\u00e9 la mannequin de 45 ans dans une vid\u00e9o d\u00e9voil\u00e9e par Konbini. Un t\u00e9moignage bouleversant qu&rsquo;elle a souhait\u00e9 rendre public afin d&rsquo;aider les personnes qui souffrent de situation similaire : \u00ab\u00a0Aujourd&rsquo;hui, en tant qu&rsquo;alcoolique, j&rsquo;ai envie de dire aux gens qui sont alcooliques qu&rsquo;ils ne sont pas seuls\u00a0\u00bb, a-t-elle pr\u00e9cis\u00e9 aupr\u00e8s du m\u00e9dia. Ce samedi 21 juin, l&rsquo;ancienne \u00e9g\u00e9rie de Victoria&rsquo;s Secret est revenue sur son combat, sur le plateau de <a href=\"https:\/\/www.programme-tv.net\/news\/tv\/377226-cest-pas-vrai-judith-chemla-recadre-aurelie-casse-apres-une-question-maladroite-sur-les-violences-conjugales-dans-c-lhebdo-video\/\" data-api-deeplink=\"teleloisirs:\/\/news\/377226\" target=\"_blank\" rel=\"noopener\">C l&rsquo;hebdo<\/a>.<\/p>\n<p>\u00ab\u00a0\u00c7a finissait toujours par des bagarres\u00a0\u00bb : No\u00e9mie Lenoir se confie sur la p\u00e9riode la plus compliqu\u00e9e de sa vie<\/p>\n<p>Invit\u00e9e sur le plateau de C l&rsquo;hebdo pour \u00e9voquer son combat contre l&rsquo;alcoolisme, No\u00e9mie Lenoir a livr\u00e9 un t\u00e9moignage poignant. C&rsquo;est \u00e0 l&rsquo;\u00e2ge de 19 ans que tout a bascul\u00e9 pour la mannequin. Face \u00e0 <a href=\"https:\/\/www.programme-tv.net\/biographie\/290705-casse-aurelie\/\" data-link-people=\"fa9ee17f-62be-47fc-81ae-93c470d7a709\" target=\"_blank\" rel=\"noopener\">Aur\u00e9lie Casse<\/a>, elle s&rsquo;est souvenue : \u00ab\u00a0J&rsquo;ai jamais \u00e9t\u00e9 vraiment \u00e0 tituber dans la rue et tout \u00e7a&#8230; <b>Mais, par contre, ce que faisait ressortir l&rsquo;alcool de moi en soir\u00e9e, c&rsquo;est que je me battais tout le temps. <\/b>J&rsquo;allais au VIP, <a href=\"https:\/\/www.programme-tv.net\/biographie\/46554-roch-jean\/\" data-link-people=\"73bc42ba-ed05-4b56-bf89-db8452e98310\" target=\"_blank\" rel=\"noopener\">Jean-Roch<\/a> me disait toujours : &lsquo;No\u00e9mie pas de bagarre cette fois&rsquo;,<b> <\/b><b>mais \u00e7a finissait toujours par des bagarres.<\/b><b> <\/b>Au fil du temps, j&rsquo;ai commenc\u00e9 \u00e0 boire toute seule et c&rsquo;est l\u00e0 o\u00f9 je me suis dit : il y a quelque chose de pas normal\u00a0\u00bb, le d\u00e9but d&rsquo;une descente aux enfers pour la maman de deux enfants, en parall\u00e8le d&rsquo;une carri\u00e8re \u00e0 son apog\u00e9e. <\/p>\n<p>                        \u00ab\u00a0C&rsquo;est mon alcoolisme\u00a0\u00bb : No\u00e9mie Lenoir adresse un message fort aux personnes souffrant de la m\u00eame maladie<\/p>\n<p>Son addiction \u00e0 l&rsquo;alcool a entra\u00een\u00e9 No\u00e9mie Lenoir au plus bas&#8230; Dans la m\u00eame \u00e9mission, la mannequin a \u00e9voqu\u00e9 sa tentative de suicide \u00e0 28 ans : \u00ab\u00a0Ce n&rsquo;est qu&rsquo;aujourd&rsquo;hui que je me rends compte que ce n&rsquo;est pas la faute de qui que ce soit, c&rsquo;est mon alcoolisme\u00a0\u00bb, confie-t-elle sur ce passage \u00e0 vide. \u00ab\u00a0J&rsquo;avais pas pos\u00e9 des mots, j&rsquo;avais personne pour m&rsquo;\u00e9couter. J&rsquo;ai commenc\u00e9 \u00e0 15 ans le mannequinat et, au lieu de faire ma crise d&rsquo;adolescence, j&rsquo;essayais de plaire aux autres, je ne faisais pas de b\u00eatises&#8230; Du coup, j&rsquo;ai pas eu cette r\u00e9bellion d&rsquo;adolescente et j&rsquo;ai sombr\u00e9 dans l&rsquo;alcool\u00a0\u00bb, a-t-elle poursuivi, avant d&rsquo;adresser un message aux personnes souffrant de la m\u00eame maladie : \u00ab\u00a0<b>Il ne faut pas attendre que \u00e7a aille mal pour demander de l&rsquo;aide<\/b>\u00ab\u00a0.<\/p>\n","protected":false},"excerpt":{"rendered":"Ce samedi 21 juin, No\u00e9mie Lenoir \u00e9tait invit\u00e9e sur le plateau de C l&rsquo;hebdo. Une semaine apr\u00e8s avoir&hellip;\n","protected":false},"author":2,"featured_media":195006,"comment_status":"","ping_status":"","sticky":false,"template":"","format":"standard","meta":{"footnotes":""},"categories":[1359],"tags":[20291,244,58,59,1011,27,33376,973,1630],"class_list":{"0":"post-195005","1":"post","2":"type-post","3":"status-publish","4":"format-standard","5":"has-post-thumbnail","7":"category-people","8":"tag-c-lhebdo","9":"tag-commentaire","10":"tag-divertissement","11":"tag-entertainment","12":"tag-fr","13":"tag-france","14":"tag-nou00e9mie-lenoir","15":"tag-people","16":"tag-zapping"},"share_on_mastodon":{"url":"https:\/\/pubeurope.com\/@fr\/114725069958786069","error":""},"_links":{"self":[{"href":"https:\/\/www.europesays.com\/fr\/wp-json\/wp\/v2\/posts\/195005","targetHints":{"allow":["GET"]}}],"collection":[{"href":"https:\/\/www.europesays.com\/fr\/wp-json\/wp\/v2\/posts"}],"about":[{"href":"https:\/\/www.europesays.com\/fr\/wp-json\/wp\/v2\/types\/post"}],"author":[{"embeddable":true,"href":"https:\/\/www.europesays.com\/fr\/wp-json\/wp\/v2\/users\/2"}],"replies":[{"embeddable":true,"href":"https:\/\/www.europesays.com\/fr\/wp-json\/wp\/v2\/comments?post=195005"}],"version-history":[{"count":0,"href":"https:\/\/www.europesays.com\/fr\/wp-json\/wp\/v2\/posts\/195005\/revisions"}],"wp:featuredmedia":[{"embeddable":true,"href":"https:\/\/www.europesays.com\/fr\/wp-json\/wp\/v2\/media\/195006"}],"wp:attachment":[{"href":"https:\/\/www.europesays.com\/fr\/wp-json\/wp\/v2\/media?parent=195005"}],"wp:term":[{"taxonomy":"category","embeddable":true,"href":"https:\/\/www.europesays.com\/fr\/wp-json\/wp\/v2\/categories?post=195005"},{"taxonomy":"post_tag","embeddable":true,"href":"https:\/\/www.europesays.com\/fr\/wp-json\/wp\/v2\/tags?post=195005"}],"curies":[{"name":"wp","href":"https:\/\/api.w.org\/{rel}","templated":true}]}}