{"id":195014,"date":"2025-06-22T04:18:10","date_gmt":"2025-06-22T04:18:10","guid":{"rendered":"https:\/\/www.europesays.com\/fr\/195014\/"},"modified":"2025-06-22T04:18:10","modified_gmt":"2025-06-22T04:18:10","slug":"respirer-cette-odeur-ralentirait-la-progression-de-la-maladie-dalzheimer","status":"publish","type":"post","link":"https:\/\/www.europesays.com\/fr\/195014\/","title":{"rendered":"Respirer cette odeur ralentirait la progression de la maladie d&rsquo;Alzheimer"},"content":{"rendered":"<p>Les chercheurs espagnols de l\u2019Institut CIMA (Universit\u00e9 de Navarre) viennent de faire une d\u00e9couverte assez surprenante sur l&rsquo;impact de certaines odeurs sur le cerveau. Dans une \u00e9tude men\u00e9e sur les souris et publi\u00e9e dans Frontiers in Immunology ils montrent que l\u2019inhalation de menthol permet de ralentir la progression de la maladie d&rsquo;Alzheimer.<\/p>\n<p>Cette \u00e9tude, pilot\u00e9e par l\u2019immunologiste Juan Jos\u00e9 Lasarte, d\u00e9montre qu\u2019une exposition contr\u00f4l\u00e9e au menthol r\u00e9duit l\u2019inflammation c\u00e9r\u00e9brale et pr\u00e9serve la m\u00e9moire.<\/p>\n<p>Tout passe par le canal olfactif<\/p>\n<p>Pendant 6 mois, des souris ont inhal\u00e9 du menthol une semaine par mois. Les chercheurs ont ensuite analys\u00e9 leurs performances dans un test de conditionnement \u00e0 la peur (le \u201cfreezing\u201d) et les ont compar\u00e9es \u00e0 celles de souris non expos\u00e9es \u00e0 cette odeur. Leurs cerveaux ont ensuite \u00e9t\u00e9 analys\u00e9s pour mesurer leurs niveaux d\u2019inflammation.<\/p>\n<p>Les r\u00e9sultats montrent que l\u2019inhalation de menthol a significativement r\u00e9duit les niveaux de l\u2019interleukine\u20111\u2011beta (IL\u20111\u03b2) dans le cortex pr\u00e9frontal des souris, un marqueur bien connu de l\u2019inflammation c\u00e9r\u00e9brale. Les chercheurs pr\u00e9cisent qu&rsquo;une exposition au menthol durant 6 mois pr\u00e9vient la d\u00e9t\u00e9rioration cognitive observ\u00e9e chez les souris atteintes de la maladie d&rsquo;Alzheimer. (&#8230;)<\/p>\n<p><a href=\"https:\/\/www.topsante.com\/medecine\/maladies_neurologiques\/alzheimer\/respirer-cette-odeur-ralentirait-la-progression-de-la-maladie-dalzheimer-918599?utm_campaign=partenariat&amp;utm_source=yahoo-articles&amp;utm_medium=flux\" rel=\"nofollow noopener\" target=\"_blank\" data-ylk=\"slk:Lire la suite sur Top Sant\u00e9;elm:context_link;itc:0;sec:content-canvas\" class=\"link \">Lire la suite sur Top Sant\u00e9<\/a><\/p>\n<p><a href=\"https:\/\/www.topsante.com\/medecine\/ne-negligez-pas-vos-sueurs-nocturnes-sous-pretexte-quil-fait-chaud-elles-pourraient-etre-le-signe-de-2-graves-maladies-alerte-un-medecin-918586?utm_campaign=partenariat&amp;utm_source=yahoo-articles&amp;utm_medium=flux\" rel=\"nofollow noopener\" target=\"_blank\" data-ylk=\"slk:Ne n\u00e9gligez pas vos sueurs nocturnes sous pr\u00e9texte qu&#039;il fait chaud, elles pourraient \u00eatre le signe de 2 graves maladies, alerte un m\u00e9decin;elm:context_link;itc:0;sec:content-canvas\" class=\"link \">Ne n\u00e9gligez pas vos sueurs nocturnes sous pr\u00e9texte qu&rsquo;il fait chaud, elles pourraient \u00eatre le signe de 2 graves maladies, alerte un m\u00e9decin<\/a><br \/><a href=\"https:\/\/www.topsante.com\/medecine\/environnement_et_sante\/voici-les-boissons-qui-contiennent-le-plus-de-microplastiques-et-cela-va-vous-surprendre-918570?utm_campaign=partenariat&amp;utm_source=yahoo-articles&amp;utm_medium=flux\" rel=\"nofollow noopener\" target=\"_blank\" data-ylk=\"slk:Voici les boissons qui contiennent le plus de microplastiques et cela va vous surprendre;elm:context_link;itc:0;sec:content-canvas\" class=\"link \">Voici les boissons qui contiennent le plus de microplastiques et cela va vous surprendre<\/a><br \/><a href=\"https:\/\/www.topsante.com\/medecine\/cancers\/on-ma-dit-que-je-dramatisais-que-ce-symptome-netait-rien-et-pendant-ce-temps-une-tumeur-de-12-centimetres-ecrasait-mes-poumons-918579?utm_campaign=partenariat&amp;utm_source=yahoo-articles&amp;utm_medium=flux\" rel=\"nofollow noopener\" target=\"_blank\" data-ylk=\"slk:&quot;On m\u2019a dit que je dramatisais, que ce sympt\u00f4me n\u2019\u00e9tait rien, et pendant ce temps, une tumeur de 12 centim\u00e8tres \u00e9crasait mes poumons&quot;;elm:context_link;itc:0;sec:content-canvas\" class=\"link \">\u00ab\u00a0On m\u2019a dit que je dramatisais, que ce sympt\u00f4me n\u2019\u00e9tait rien, et pendant ce temps, une tumeur de 12 centim\u00e8tres \u00e9crasait mes poumons\u00a0\u00bb<\/a><br \/><a href=\"https:\/\/www.topsante.com\/forme_bien_etre\/bien_dans_sa_peau\/mes_complexes\/vous-avez-du-mal-a-rester-concentre-ce-que-revelent-les-neurosciences-918540?utm_campaign=partenariat&amp;utm_source=yahoo-articles&amp;utm_medium=flux\" rel=\"nofollow noopener\" target=\"_blank\" data-ylk=\"slk:Vous avez du mal \u00e0 rester concentr\u00e9 ? Ce que r\u00e9v\u00e8lent les neurosciences;elm:context_link;itc:0;sec:content-canvas\" class=\"link \">Vous avez du mal \u00e0 rester concentr\u00e9 ? Ce que r\u00e9v\u00e8lent les neurosciences<\/a><br \/><a href=\"https:\/\/www.topsante.com\/medecine\/maladies_neurologiques\/alzheimer\/je-suis-neurologue-et-voici-le-symptome-dalzheimer-que-personne-ne-connait-qui-survient-avant-la-perte-de-memoire-918563?utm_campaign=partenariat&amp;utm_source=yahoo-articles&amp;utm_medium=flux\" rel=\"nofollow noopener\" target=\"_blank\" data-ylk=\"slk:\u201cJe suis neurologue et voici le sympt\u00f4me d&#039;Alzheimer que personne ne connait, qui survient avant la perte de m\u00e9moire\u201d;elm:context_link;itc:0;sec:content-canvas\" class=\"link \">\u201cJe suis neurologue et voici le sympt\u00f4me d&rsquo;Alzheimer que personne ne connait, qui survient avant la perte de m\u00e9moire\u201d<\/a><\/p>\n","protected":false},"excerpt":{"rendered":"Les chercheurs espagnols de l\u2019Institut CIMA (Universit\u00e9 de Navarre) viennent de faire une d\u00e9couverte assez surprenante sur l&rsquo;impact&hellip;\n","protected":false},"author":2,"featured_media":195015,"comment_status":"","ping_status":"","sticky":false,"template":"","format":"standard","meta":{"footnotes":""},"categories":[10],"tags":[1011,27,72,33377,277,71],"class_list":{"0":"post-195014","1":"post","2":"type-post","3":"status-publish","4":"format-standard","5":"has-post-thumbnail","7":"category-sante","8":"tag-fr","9":"tag-france","10":"tag-health","11":"tag-linflammation","12":"tag-maladie-dalzheimer","13":"tag-sante"},"share_on_mastodon":{"url":"https:\/\/pubeurope.com\/@fr\/114725093603548483","error":""},"_links":{"self":[{"href":"https:\/\/www.europesays.com\/fr\/wp-json\/wp\/v2\/posts\/195014","targetHints":{"allow":["GET"]}}],"collection":[{"href":"https:\/\/www.europesays.com\/fr\/wp-json\/wp\/v2\/posts"}],"about":[{"href":"https:\/\/www.europesays.com\/fr\/wp-json\/wp\/v2\/types\/post"}],"author":[{"embeddable":true,"href":"https:\/\/www.europesays.com\/fr\/wp-json\/wp\/v2\/users\/2"}],"replies":[{"embeddable":true,"href":"https:\/\/www.europesays.com\/fr\/wp-json\/wp\/v2\/comments?post=195014"}],"version-history":[{"count":0,"href":"https:\/\/www.europesays.com\/fr\/wp-json\/wp\/v2\/posts\/195014\/revisions"}],"wp:featuredmedia":[{"embeddable":true,"href":"https:\/\/www.europesays.com\/fr\/wp-json\/wp\/v2\/media\/195015"}],"wp:attachment":[{"href":"https:\/\/www.europesays.com\/fr\/wp-json\/wp\/v2\/media?parent=195014"}],"wp:term":[{"taxonomy":"category","embeddable":true,"href":"https:\/\/www.europesays.com\/fr\/wp-json\/wp\/v2\/categories?post=195014"},{"taxonomy":"post_tag","embeddable":true,"href":"https:\/\/www.europesays.com\/fr\/wp-json\/wp\/v2\/tags?post=195014"}],"curies":[{"name":"wp","href":"https:\/\/api.w.org\/{rel}","templated":true}]}}