{"id":195026,"date":"2025-06-22T04:24:13","date_gmt":"2025-06-22T04:24:13","guid":{"rendered":"https:\/\/www.europesays.com\/fr\/195026\/"},"modified":"2025-06-22T04:24:13","modified_gmt":"2025-06-22T04:24:13","slug":"en-pleine-canicule-orages-violents-confirmes-dans-le-rhone-dimanche-voici-les-secteurs-concernes","status":"publish","type":"post","link":"https:\/\/www.europesays.com\/fr\/195026\/","title":{"rendered":"En pleine canicule, orages violents confirm\u00e9s dans le Rh\u00f4ne dimanche : voici les secteurs concern\u00e9s"},"content":{"rendered":"<p>            Par<br \/>\n        <strong><br \/>\n            <a href=\"https:\/\/actu.fr\/auteur\/redaction-lyon\" title=\"Consulter tous les articles de R\u00e9daction Lyon\" rel=\"nofollow noopener\" target=\"_blank\">R\u00e9daction Lyon<\/a><br \/>\n        <\/strong><\/p>\n<p>        Publi\u00e9 le<\/p>\n<p>            21 juin 2025 \u00e0 16h17        <\/p>\n<p>Une alerte <a href=\"https:\/\/actu.fr\/meteo\/pic-de-canicule-atteint-ce-samedi-jusqu-a-39-c-degres-attendus-voici-ou-il-va-faire-le-plus-chaud-en-france_62805973.html\" rel=\"nofollow noopener\" target=\"_blank\">canicule<\/a> et des orages violents en approche ce dimanche. <a href=\"https:\/\/actu.fr\/tag\/meteo-france\" rel=\"nofollow noopener\" target=\"_blank\">M\u00e9t\u00e9o-France<\/a> a <strong>prolong\u00e9 la vigilance orange canicule pour le d\u00e9partement du Rh\u00f4ne dimanche 22 juin<\/strong> apr\u00e8s deux jours de vigilance cons\u00e9cutive. La <a href=\"https:\/\/actu.fr\/auvergne-rhone-alpes\/lyon_69123\/lyon-en-pleine-canicule-un-gros-probleme-decouvert-a-la-piscine-du-rhone-ce-qu-il-se-passe_62799336.html\" rel=\"nofollow noopener\" target=\"_blank\">vague de chaleur<\/a> va se poursuivre avec l\u2019arriv\u00e9e possible d\u2019<a href=\"https:\/\/actu.fr\/meteo\/canicule-apres-de-fortes-chaleurs-des-orages-violents-vont-frapper-le-rhone-a-quoi-s-attendre_62799272.html\" rel=\"nofollow noopener\" target=\"_blank\">orages violents<\/a> localis\u00e9s.<\/p>\n<p class=\" wall-content\">Le pic de canicule devrait toucher le Rh\u00f4ne et Lyon dimanche avec des maximales de 38\u00b0C tandis que la m\u00e9t\u00e9o s\u2019annonce perturb\u00e9e dans l\u2019apr\u00e8s-midi avec une nouvelle s\u00e9quence orageuse.<\/p>\n<p class=\" wall-content\">\n<p>Des orages vont \u00e9clater dimanche apr\u00e8s-midi<\/p>\n<p class=\" wall-content\">Les orages doivent arriver ce dimanche dans l\u2019apr\u00e8s-midi sur une bonne partie du Rh\u00f4ne, selon M\u00e9t\u00e9o-France. Ces secteurs seront possiblement concern\u00e9s :\u00a0<\/p>\n<ul class=\" wall-content\">\n<li>Lyon<\/li>\n<li>Neuville-sur-Sa\u00f4ne<\/li>\n<li>Pusignan<\/li>\n<li>Soucieu-en-Jarrest<\/li>\n<li>Vienne<\/li>\n<li>Villefranche-sur-Sa\u00f4ne<\/li>\n<li>L\u2019Arbresle\u00a0<\/li>\n<li>Tarare<\/li>\n<li>Thizy<\/li>\n<li>Saint-Symphorien-sur-Coize<\/li>\n<li>Belleville-en-Beaujolais<\/li>\n<\/ul>\n<p>    <img   decoding=\"async\" loading=\"lazy\" src=\"https:\/\/www.europesays.com\/fr\/wp-content\/uploads\/2025\/06\/capture-decran-2025-06-21-a-161511-960x640.png\" alt=\"Des orages possiblement violents sont annonc\u00e9s sur le Rh\u00f4ne dimanche.\" width=\"960\" height=\"640\"\/><br \/>\n    Des orages possiblement violents sont annonc\u00e9s sur le Rh\u00f4ne dimanche. (\u00a9M\u00e9t\u00e9o-France)<\/p>\n<p class=\" wall-content\">Les temp\u00e9ratures resteront \u00e9lev\u00e9es avec des maximales de 32 \u00e0 36\u00b0C dans l\u2019apr\u00e8s-midi. C\u2019est \u00e0 Lyon qui fera le plus chaud.<\/p>\n<p>Nouveaux orages lundi dans le Rh\u00f4ne<\/p>\n<p class=\" wall-content\">M\u00e9t\u00e9o-France pr\u00e9voit une nouvelle journ\u00e9e d\u2019orages, matin et apr\u00e8s-midi, sur l\u2019ensemble du Rh\u00f4ne ce lundi 23 juin.\u00a0<\/p>\n<p class=\" wall-content\">Le risque d\u2019orages localement forts peut potentiellement concerner tout le d\u00e9partement \u00e0 ce stade des pr\u00e9visions.<\/p>\n<p class=\" wall-content\">Suivez toute l\u2019actualit\u00e9 de vos villes et m\u00e9dias favoris en vous inscrivant \u00e0 <a href=\"https:\/\/moncompte.actu.fr\" title=\"D\u00e9couvez Mon Actu\" rel=\"nofollow noopener\" data-trk=\"{&quot;cta&quot;:{&quot;action&quot;:&quot;https:\\\/\\\/moncompte.actu.fr&quot;,&quot;category&quot;:&quot;mon compte&quot;,&quot;from&quot;:&quot;article footer&quot;,&quot;name&quot;:&quot;Mon actu&quot;,&quot;type&quot;:&quot;cta&quot;}}\" target=\"_blank\">Mon Actu<\/a>.<\/p>\n","protected":false},"excerpt":{"rendered":"Par R\u00e9daction Lyon Publi\u00e9 le 21 juin 2025 \u00e0 16h17 Une alerte canicule et des orages violents en&hellip;\n","protected":false},"author":2,"featured_media":195027,"comment_status":"","ping_status":"","sticky":false,"template":"","format":"standard","meta":{"footnotes":""},"categories":[4],"tags":[11,6698,1011,27,2487,2357,12,4594,25],"class_list":{"0":"post-195026","1":"post","2":"type-post","3":"status-publish","4":"format-standard","5":"has-post-thumbnail","7":"category-france","8":"tag-actualites","9":"tag-canicule","10":"tag-fr","11":"tag-france","12":"tag-meteo","13":"tag-meteo-france","14":"tag-news","15":"tag-orages","16":"tag-republique-francaise"},"share_on_mastodon":{"url":"https:\/\/pubeurope.com\/@fr\/114725117387730482","error":""},"_links":{"self":[{"href":"https:\/\/www.europesays.com\/fr\/wp-json\/wp\/v2\/posts\/195026","targetHints":{"allow":["GET"]}}],"collection":[{"href":"https:\/\/www.europesays.com\/fr\/wp-json\/wp\/v2\/posts"}],"about":[{"href":"https:\/\/www.europesays.com\/fr\/wp-json\/wp\/v2\/types\/post"}],"author":[{"embeddable":true,"href":"https:\/\/www.europesays.com\/fr\/wp-json\/wp\/v2\/users\/2"}],"replies":[{"embeddable":true,"href":"https:\/\/www.europesays.com\/fr\/wp-json\/wp\/v2\/comments?post=195026"}],"version-history":[{"count":0,"href":"https:\/\/www.europesays.com\/fr\/wp-json\/wp\/v2\/posts\/195026\/revisions"}],"wp:featuredmedia":[{"embeddable":true,"href":"https:\/\/www.europesays.com\/fr\/wp-json\/wp\/v2\/media\/195027"}],"wp:attachment":[{"href":"https:\/\/www.europesays.com\/fr\/wp-json\/wp\/v2\/media?parent=195026"}],"wp:term":[{"taxonomy":"category","embeddable":true,"href":"https:\/\/www.europesays.com\/fr\/wp-json\/wp\/v2\/categories?post=195026"},{"taxonomy":"post_tag","embeddable":true,"href":"https:\/\/www.europesays.com\/fr\/wp-json\/wp\/v2\/tags?post=195026"}],"curies":[{"name":"wp","href":"https:\/\/api.w.org\/{rel}","templated":true}]}}