{"id":195028,"date":"2025-06-22T04:25:17","date_gmt":"2025-06-22T04:25:17","guid":{"rendered":"https:\/\/www.europesays.com\/fr\/195028\/"},"modified":"2025-06-22T04:25:17","modified_gmt":"2025-06-22T04:25:17","slug":"lois-boisson-ce-nest-pas-grand-monde-benneteau-pas-scandalise-par-la-non-invitation-de-la-francaise","status":"publish","type":"post","link":"https:\/\/www.europesays.com\/fr\/195028\/","title":{"rendered":"\u00ab\u00a0Lo\u00efs Boisson, ce n\u2019est pas grand monde\u00a0\u00bb, Benneteau pas scandalis\u00e9 par la non-invitation de la Fran\u00e7aise"},"content":{"rendered":"<p>Lo\u00efs Boisson <a href=\"https:\/\/www.20minutes.fr\/sport\/tennis\/wimbledon\/4159138-20250618-wimbledon-2025-lois-boisson-invitee-anglais-va-devoir-passer-qualifications\" class=\"color-ultramarine c-link\" target=\"_blank\" rel=\"noopener\">priv\u00e9e de wild card \u00e0 Wimbledon<\/a>, incident diplomatique ou d\u00e9cision logique\u00a0? L\u2019ancien s\u00e9lectionneur de la Billie Jean King Cup, Julien Benneteau, s\u2019inscrit dans la deuxi\u00e8me cat\u00e9gorie. \u00ab\u00a0Les Anglais n\u2019en ont rien \u00e0 foutre, <a href=\"https:\/\/rmcsport.bfmtv.com\/tennis\/wimbledon\/lois-boisson-non-invitee-a-wimbledon-les-anglais-n-en-ont-rien-a-foutre-assure-julien-benneteau_AV-202506210161.html\" rel=\"nofollow noopener\" target=\"_blank\" class=\"color-ultramarine c-link\">tranche s\u00e8chement l\u2019ancien joueur au micro de RMC<\/a>. Ils font ce qu\u2019ils veulent. Ils ne transgressent aucune r\u00e8gle, c\u2019est pour \u00e7a que \u00e7a n\u2019est pas injuste. Lo\u00efs Boisson n\u2019a pas de chance\u00a0: il y a beaucoup de jeunes joueuses anglaises qui poussent et ils ont privil\u00e9gi\u00e9 \u00e7a. Dans d\u2019autres g\u00e9n\u00e9rations il n\u2019y avait pas d\u2019Anglaises, ils donnaient \u00e0 des \u00e9trang\u00e8res.\u00a0\u00bb<\/p>\n<p>L\u2019analyse est un peu brutale dans la forme, d\u2019autant plus que <a href=\"https:\/\/www.20minutes.fr\/sport\/tennis\/roland-garros\/4156975-20250604-roland-garros-2025-lois-boisson-exploit-forge-mental-acier-trempe\" class=\"color-ultramarine c-link\" target=\"_blank\" rel=\"noopener\">la Fran\u00e7aise sort d\u2019une demi-finale \u00e0 Roland-Garros<\/a>. Mais il est \u00e9galement juste de rappeler que la jeune joueuse n\u2019a litt\u00e9ralement aucune r\u00e9f\u00e9rence sur gazon et que, ce faisant, elle va devoir faire ses preuves avant de b\u00e9n\u00e9ficier d\u2019un quelconque statut sp\u00e9cial sur cette surface. \u00ab\u00a0Avant de donner des wild cards, les Anglais regardent aussi le pass\u00e9 que tu as sur gazon\u00a0\u00bb, confirme Benneteau.<\/p>\n<\/p>\n<p>\u00ab\u00a0Pour l\u2019instant Lo\u00efs Boisson ce n\u2019est pas grand monde. [\u2026] On entend qu\u2019elle est la nouvelle p\u00e9pite du tennis mondial, mais il ne faut pas s\u2019enflammer. Elle peut tr\u00e8s bien perdre au 2e tour des qualifs de Wimbledon et \u00e7a sera normal. Il ne faudra pas dire que ce n\u2019\u00e9tait qu\u2019un feu de pailles, c\u2019est normal dans son processus.\u00a0\u00bb Il faut creuser loin pour trouver du positif dans le discours de Julien Benneteau.<\/p>\n","protected":false},"excerpt":{"rendered":"Lo\u00efs Boisson priv\u00e9e de wild card \u00e0 Wimbledon, incident diplomatique ou d\u00e9cision logique\u00a0? L\u2019ancien s\u00e9lectionneur de la Billie&hellip;\n","protected":false},"author":2,"featured_media":195029,"comment_status":"","ping_status":"","sticky":false,"template":"","format":"standard","meta":{"footnotes":""},"categories":[2],"tags":[11,1011,27,10535,12,4171,517,1467,4173],"class_list":{"0":"post-195028","1":"post","2":"type-post","3":"status-publish","4":"format-standard","5":"has-post-thumbnail","7":"category-actualites","8":"tag-actualites","9":"tag-fr","10":"tag-france","11":"tag-lois-boisson","12":"tag-news","13":"tag-roland-garros","14":"tag-sport","15":"tag-tennis","16":"tag-wimbledon"},"share_on_mastodon":{"url":"https:\/\/pubeurope.com\/@fr\/114725121153628136","error":""},"_links":{"self":[{"href":"https:\/\/www.europesays.com\/fr\/wp-json\/wp\/v2\/posts\/195028","targetHints":{"allow":["GET"]}}],"collection":[{"href":"https:\/\/www.europesays.com\/fr\/wp-json\/wp\/v2\/posts"}],"about":[{"href":"https:\/\/www.europesays.com\/fr\/wp-json\/wp\/v2\/types\/post"}],"author":[{"embeddable":true,"href":"https:\/\/www.europesays.com\/fr\/wp-json\/wp\/v2\/users\/2"}],"replies":[{"embeddable":true,"href":"https:\/\/www.europesays.com\/fr\/wp-json\/wp\/v2\/comments?post=195028"}],"version-history":[{"count":0,"href":"https:\/\/www.europesays.com\/fr\/wp-json\/wp\/v2\/posts\/195028\/revisions"}],"wp:featuredmedia":[{"embeddable":true,"href":"https:\/\/www.europesays.com\/fr\/wp-json\/wp\/v2\/media\/195029"}],"wp:attachment":[{"href":"https:\/\/www.europesays.com\/fr\/wp-json\/wp\/v2\/media?parent=195028"}],"wp:term":[{"taxonomy":"category","embeddable":true,"href":"https:\/\/www.europesays.com\/fr\/wp-json\/wp\/v2\/categories?post=195028"},{"taxonomy":"post_tag","embeddable":true,"href":"https:\/\/www.europesays.com\/fr\/wp-json\/wp\/v2\/tags?post=195028"}],"curies":[{"name":"wp","href":"https:\/\/api.w.org\/{rel}","templated":true}]}}