{"id":195030,"date":"2025-06-22T04:26:15","date_gmt":"2025-06-22T04:26:15","guid":{"rendered":"https:\/\/www.europesays.com\/fr\/195030\/"},"modified":"2025-06-22T04:26:15","modified_gmt":"2025-06-22T04:26:15","slug":"un-chemin-pieton-relie-le-parc-fraisse-et-le-complexe-sportif","status":"publish","type":"post","link":"https:\/\/www.europesays.com\/fr\/195030\/","title":{"rendered":"un chemin pi\u00e9ton relie le parc Fraisse et le complexe sportif"},"content":{"rendered":"<p>Initi\u00e9 en 2019, ce projet \u00e9tait inscrit dans le cadre du programme \u00c9quipements communautaires multilocaux (ECM), men\u00e9 par Saint-\u00c9tienne M\u00e9tropole, pour valoriser les territoires et favoriser leurs d\u00e9veloppements touristiques.<\/p>\n<p>\u00c0 Sorbiers, il a pris la forme d\u2019une boucle pi\u00e9tonne multimodale, qui relie toutes les particularit\u00e9s paysag\u00e8res de la partie basse de la commune. \u00ab Nous voulions mettre en valeur le parc Fraisse et son ch\u00e2teau, ses arbres remarquables ou encore sa biodiversit\u00e9, en l\u2019int\u00e9grant dans un itin\u00e9raire s\u00e9curis\u00e9, agr\u00e9able et accessible \u00e0 tous. Cette boucle permet de rallier d\u2019autres \u00e9quipements de la commune, comme le complexe sportif du Valjoly et la future piscine intercommunale\u00a0\u00bb, a rappel\u00e9 Marie-Christine Thivant, maire de Sorbiers, lors de l\u2019inauguration.<\/p>\n<p>  De nouveaux am\u00e9nagements \u00e0 l\u2019int\u00e9rieur du parc et un nouveau sentier<\/p>\n<p>Un premier cheminement pi\u00e9ton parcourait d\u00e9j\u00e0 les derri\u00e8res du complexe sportif, et les \u00e9lus sont partis de ce point de d\u00e9part pour le prolonger et le transformer en boucle.<\/p>\n<p>Pour cela, plusieurs travaux ont \u00e9t\u00e9 n\u00e9cessaires\u00a0: <a href=\"https:\/\/www.leprogres.fr\/societe\/2024\/02\/25\/le-parking-du-complexe-sportif-sera-en-travaux-jusqu-a-la-mi-aout\" target=\"_blank\" rel=\"nofollow noopener\">la refonte compl\u00e8te du parking<\/a> du complexe sportif, n\u00e9cessaire pour garantir la s\u00e9curit\u00e9 et l\u2019accessibilit\u00e9 de la zone, de nouveaux am\u00e9nagements \u00e0 l\u2019int\u00e9rieur du parc Fraisse (microarchitecture bois r\u00e9alis\u00e9e \u00e0 l\u2019occasion de la Biennale du design 2022 et cr\u00e9ation d\u2019un nouveau sentier interm\u00e9diaire dans le parc).<\/p>\n<p>  Un budget de 980\u00a0000\u00a0euros<\/p>\n<p>La mat\u00e9rialisation de la boucle a \u00e9t\u00e9 r\u00e9alis\u00e9e gr\u00e2ce \u00e0 quatre portes d\u2019entr\u00e9e r\u00e9parties selon les quatre coins cardinaux\u00a0: la Porte de l\u2019Onzon \u00e0 l\u2019est, la Porte de la Conciergerie pr\u00e8s du rond-point du Valjoly au sud, la Porte Ren\u00e9 Cassin \u00e0 l\u2019ouest du Parc et la porte des Eversins au nord pr\u00e8s du carrefour du magasin Plein Champ.<\/p>\n<p>Une grande partie des travaux a \u00e9t\u00e9 r\u00e9alis\u00e9e en co-maitrise d\u2019ouvrage avec Saint-Etienne M\u00e9tropole avec le concours de l\u2019\u00c9tat (dans le cadre de la dotation de soutien \u00e0 l\u2019investissement local) et de l\u2019Agence de l\u2019eau Loire-Bretagne.<\/p>\n<p>Le budget total s\u2019\u00e9l\u00e8ve \u00e0 980\u00a0000\u00a0euros, avec un reste \u00e0 charge d\u2019environ 520\u00a0000\u00a0euros pour Sorbiers.<\/p>\n","protected":false},"excerpt":{"rendered":"Initi\u00e9 en 2019, ce projet \u00e9tait inscrit dans le cadre du programme \u00c9quipements communautaires multilocaux (ECM), men\u00e9 par&hellip;\n","protected":false},"author":2,"featured_media":195031,"comment_status":"","ping_status":"","sticky":false,"template":"","format":"standard","meta":{"footnotes":""},"categories":[9653],"tags":[1111,11,2430,7539,436,1777,674,1011,27,12,25,4001,9664,17204],"class_list":{"0":"post-195030","1":"post","2":"type-post","3":"status-publish","4":"format-standard","5":"has-post-thumbnail","7":"category-saint-etienne","8":"tag-actu","9":"tag-actualites","10":"tag-auvergne-rhone-alpes","11":"tag-edition-loire-sud","12":"tag-environnement","13":"tag-eu","14":"tag-europe","15":"tag-fr","16":"tag-france","17":"tag-news","18":"tag-republique-francaise","19":"tag-saint-etienne","20":"tag-saint-etienne-bassin","21":"tag-sorbiers"},"share_on_mastodon":{"url":"https:\/\/pubeurope.com\/@fr\/114725125048989918","error":""},"_links":{"self":[{"href":"https:\/\/www.europesays.com\/fr\/wp-json\/wp\/v2\/posts\/195030","targetHints":{"allow":["GET"]}}],"collection":[{"href":"https:\/\/www.europesays.com\/fr\/wp-json\/wp\/v2\/posts"}],"about":[{"href":"https:\/\/www.europesays.com\/fr\/wp-json\/wp\/v2\/types\/post"}],"author":[{"embeddable":true,"href":"https:\/\/www.europesays.com\/fr\/wp-json\/wp\/v2\/users\/2"}],"replies":[{"embeddable":true,"href":"https:\/\/www.europesays.com\/fr\/wp-json\/wp\/v2\/comments?post=195030"}],"version-history":[{"count":0,"href":"https:\/\/www.europesays.com\/fr\/wp-json\/wp\/v2\/posts\/195030\/revisions"}],"wp:featuredmedia":[{"embeddable":true,"href":"https:\/\/www.europesays.com\/fr\/wp-json\/wp\/v2\/media\/195031"}],"wp:attachment":[{"href":"https:\/\/www.europesays.com\/fr\/wp-json\/wp\/v2\/media?parent=195030"}],"wp:term":[{"taxonomy":"category","embeddable":true,"href":"https:\/\/www.europesays.com\/fr\/wp-json\/wp\/v2\/categories?post=195030"},{"taxonomy":"post_tag","embeddable":true,"href":"https:\/\/www.europesays.com\/fr\/wp-json\/wp\/v2\/tags?post=195030"}],"curies":[{"name":"wp","href":"https:\/\/api.w.org\/{rel}","templated":true}]}}