{"id":195036,"date":"2025-06-22T04:29:11","date_gmt":"2025-06-22T04:29:11","guid":{"rendered":"https:\/\/www.europesays.com\/fr\/195036\/"},"modified":"2025-06-22T04:29:11","modified_gmt":"2025-06-22T04:29:11","slug":"omnisports-un-an-de-plus-pour-deux-anciens-de-las-nancy-lorraine-des-diaporamas-a-la-pelle-le-verdict-au-tour-de-suisse-on-en-parle-au-cafe-des-sports","status":"publish","type":"post","link":"https:\/\/www.europesays.com\/fr\/195036\/","title":{"rendered":"Omnisports Un an de plus pour deux anciens de l\u2019AS Nancy Lorraine, des diaporamas \u00e0 la pelle, le verdict au Tour de Suisse\u2026 On en parle au caf\u00e9 des sports\u00a0!"},"content":{"rendered":"<p>  Joyeux anniversaire<\/p>\n<p>Deux anciens de l\u2019ASNL vont sabrer le Champagne ce dimanche. H\u00e9ros de la finale de la coupe de la Ligue 2006, Kim f\u00eate ses 45 ans. Quant \u00e0 Ernest Seka, <a href=\"https:\/\/www.estrepublicain.fr\/sport\/2025\/03\/02\/des-coups-de-pied-arretes-trop-souvent-gaches-une-forte-affluence-mal-anticipee-ce-qu-on-a-aime-et-pas-aime-apres-as-nancy-lorraine-boulogne\" target=\"_blank\" rel=\"noopener\">que l\u2019on avait revu \u00e0 Picot en mars dernier<\/a> , il souffle ses 38 bougies.<\/p>\n<p>  Sur le web<\/p>\n<p>Ce dimanche, sur notre site, ne manquez pas nos diaporamas du jour gr\u00e2ce \u00e0 nos photographes qui seront aux 6 Jours du Toulois, aux r\u00e9gionaux d\u2019athl\u00e9tisme jeunes \u00e0 Tomblaine, au slalom auto de Bl\u00e2mont, au Grand Prix cycliste de Pierreville et au All Star Game Top Foot 54 \u00e0 Pulnoy.<\/p>\n<p>  \u00c0 la t\u00e9l\u00e9<\/p>\n<p><strong>14\u00a0h\u00a0:<\/strong> MOTO. Grand Prix d\u2019Italie (Canal +)<\/p>\n<p><strong>15\u00a0h\u00a005 :<\/strong> CYCLISME. Tour de Suisse. Derni\u00e8re \u00e9tape (Eurosport 1, L\u2019\u00c9quipe)<\/p>\n<p><strong>16\u00a0h\u00a030\u00a0:<\/strong> BASKET. Finale Betclic \u00c9lite. Monco-Paris, Match 4 (DAZN)<\/p>\n<p><strong>18\u00a0h\u00a0:<\/strong> FOOT. Euro espoirs. 1\/4 de finale. France &#8211; Danemark (W9)<\/p>\n<p><strong>2\u00a0h\u00a0:<\/strong> BASKET. NBA. Match 7. Oklahoma &#8211; Indiana (beIN Sports 1)<\/p>\n","protected":false},"excerpt":{"rendered":"Joyeux anniversaire Deux anciens de l\u2019ASNL vont sabrer le Champagne ce dimanche. H\u00e9ros de la finale de la&hellip;\n","protected":false},"author":2,"featured_media":195037,"comment_status":"","ping_status":"","sticky":false,"template":"","format":"standard","meta":{"footnotes":""},"categories":[9635],"tags":[1111,11,3703,3602,1707,1704,1706,1705,10174,1777,674,107,1701,63,1011,27,775,1702,1703,12,25,517,1700],"class_list":{"0":"post-195036","1":"post","2":"type-post","3":"status-publish","4":"format-standard","5":"has-post-thumbnail","7":"category-nancy","8":"tag-actu","9":"tag-actualites","10":"tag-asnl","11":"tag-edition-bar-le-duc","12":"tag-edition-luneville","13":"tag-edition-nancy-et-agglomeration","14":"tag-edition-pont-a-mousson","15":"tag-edition-toul","16":"tag-edition-verdun","17":"tag-eu","18":"tag-europe","19":"tag-fil-info","20":"tag-fil-info-sport","21":"tag-football","22":"tag-fr","23":"tag-france","24":"tag-grand-est","25":"tag-nancy","26":"tag-nancy-ville-54b","27":"tag-news","28":"tag-republique-francaise","29":"tag-sport","30":"tag-sport-lorrain"},"share_on_mastodon":{"url":"https:\/\/pubeurope.com\/@fr\/114725137004595560","error":""},"_links":{"self":[{"href":"https:\/\/www.europesays.com\/fr\/wp-json\/wp\/v2\/posts\/195036","targetHints":{"allow":["GET"]}}],"collection":[{"href":"https:\/\/www.europesays.com\/fr\/wp-json\/wp\/v2\/posts"}],"about":[{"href":"https:\/\/www.europesays.com\/fr\/wp-json\/wp\/v2\/types\/post"}],"author":[{"embeddable":true,"href":"https:\/\/www.europesays.com\/fr\/wp-json\/wp\/v2\/users\/2"}],"replies":[{"embeddable":true,"href":"https:\/\/www.europesays.com\/fr\/wp-json\/wp\/v2\/comments?post=195036"}],"version-history":[{"count":0,"href":"https:\/\/www.europesays.com\/fr\/wp-json\/wp\/v2\/posts\/195036\/revisions"}],"wp:featuredmedia":[{"embeddable":true,"href":"https:\/\/www.europesays.com\/fr\/wp-json\/wp\/v2\/media\/195037"}],"wp:attachment":[{"href":"https:\/\/www.europesays.com\/fr\/wp-json\/wp\/v2\/media?parent=195036"}],"wp:term":[{"taxonomy":"category","embeddable":true,"href":"https:\/\/www.europesays.com\/fr\/wp-json\/wp\/v2\/categories?post=195036"},{"taxonomy":"post_tag","embeddable":true,"href":"https:\/\/www.europesays.com\/fr\/wp-json\/wp\/v2\/tags?post=195036"}],"curies":[{"name":"wp","href":"https:\/\/api.w.org\/{rel}","templated":true}]}}