{"id":195050,"date":"2025-06-22T04:40:22","date_gmt":"2025-06-22T04:40:22","guid":{"rendered":"https:\/\/www.europesays.com\/fr\/195050\/"},"modified":"2025-06-22T04:40:22","modified_gmt":"2025-06-22T04:40:22","slug":"a-strasbourg-des-villas-pour-accueillir-des-associations-de-protection-de-lenvironnement","status":"publish","type":"post","link":"https:\/\/www.europesays.com\/fr\/195050\/","title":{"rendered":"\u00c0 Strasbourg, des villas pour accueillir des associations de protection de l&rsquo;environnement"},"content":{"rendered":"<p class=\"wp-block-post-excerpt__excerpt\">Jeudi 12 juin, la municipalit\u00e9 \u00e9cologiste a annonc\u00e9 la r\u00e9novation des villas Goeb \u00e0 la Robertsau <\/p>\n<p class=\"font-sans\">\n\t\t\tCet article est en acc\u00e8s libre. Pour soutenir Rue89 Strasbourg,<br \/>\n\t\t\t<a class=\"underline\" href=\"https:\/\/www.rue89strasbourg.com\/abonnement\" target=\"_blank\" rel=\"noopener\">abonnez-vous<\/a>.\n\t\t<\/p>\n<p>Anis Foucard<\/p>\n<p>Publi\u00e9 le 22 juin 2025\u00a0\u00a0\u00b7\u00a0\u00a0<\/p>\n<p>Imprim\u00e9 le 22 juin 2025 \u00e0 06h00\u00a0\u00a0\u00b7\u00a0\u00a0<\/p>\n<p>\t\t\t\t\t2\u00a0minutes\n<\/p>\n<p> <strong>afin d\u2019accueillir une maison des associations de protection de la nature et de l\u2019environnement. Ce projet fait suite \u00e0 l\u2019\u00e9chec du plan EurOasis. <\/strong><\/p>\n<p>Les associations \u00e9cologistes ont rarement leurs locaux dans des villas. Sauf \u00e0 Strasbourg, o\u00f9 les b\u00e2tisses Goeb au Sud de la Robertsau doivent \u00eatre r\u00e9nov\u00e9es pour \u00eatre lou\u00e9es par les associations de d\u00e9fense de l\u2019environnement et autres organisations naturalistes <a href=\"https:\/\/alsacenature.org\/\" target=\"_blank\" rel=\"noreferrer noopener\">Alsace Nature<\/a>, <a href=\"https:\/\/www.odonat-grandest.fr\/\" target=\"_blank\" rel=\"noreferrer noopener\">Odonat<\/a>, <a href=\"https:\/\/www.bufo-alsace.org\/\" target=\"_blank\" rel=\"noreferrer noopener\">Bufo<\/a>, <a href=\"https:\/\/gepma.org\/\" target=\"_blank\" rel=\"noreferrer noopener\">Gepma<\/a>, <a href=\"https:\/\/zds.fr\/\" target=\"_blank\" rel=\"noreferrer noopener\">Z\u00e9ro D\u00e9chet Strasbourg<\/a>, <a href=\"https:\/\/fne-grandest.fr\/\" target=\"_blank\" rel=\"noreferrer noopener\">France Nature Environnement Grand Est<\/a>. Les travaux d\u00e9marreront en 2026 pour un co\u00fbt total estim\u00e9 \u00e0 trois millions d\u2019euros. L\u2019emm\u00e9nagement est pr\u00e9vu au second semestre 2027.<\/p>\n<p><a href=\"https:\/\/www.rue89strasbourg.com\/la-newsletter\" target=\"_blank\" rel=\"noopener\"><img loading=\"lazy\" decoding=\"async\" width=\"970\" height=\"250\" src=\"https:\/\/www.europesays.com\/fr\/wp-content\/uploads\/2025\/06\/bannie\u0300re-autopromo-2025-desktop-1.gif\" alt=\"\" class=\"wp-image-347550\" style=\"width:792px;height:auto\"\/><\/a><\/p>\n<p><a href=\"https:\/\/www.rue89strasbourg.com\/la-newsletter\" target=\"_blank\" rel=\"noopener\"><img loading=\"lazy\" decoding=\"async\" width=\"300\" height=\"300\" src=\"https:\/\/www.europesays.com\/fr\/wp-content\/uploads\/2025\/06\/bannie\u0300res-autopromo-300x300-2.gif\" alt=\"\" class=\"wp-image-347551\"\/><\/a><\/p>\n<p>Plus de 20 000 m\u00b2 pour les associations environnementales<\/p>\n<p>La r\u00e9novation se fera sous la supervision du cabinet d\u2019architectes Rey \u2013 De Cr\u00e9cy \u00e0 partir de mat\u00e9riaux durables et bio-sourc\u00e9s, comme la paille, le bois, la brique et le mobilier issu du r\u00e9emploi. Le terrain est divis\u00e9 en deux sites. Le premier, d\u2019une surface de 5\u00a0700\u00a0m\u00e8tres carr\u00e9s (m\u00b2), accueille les villas Jacoutot et Cigale de respectivement 500\u00a0m\u00b2 et 70 m\u00b2. Le second site s\u2019\u00e9tend sur une surface de 16 700 m\u00b2. Il est compos\u00e9 de deux villas qu\u2019il faudra s\u00e9curiser par des op\u00e9rations de d\u00e9samiantage, curage et \u00e9tanch\u00e9it\u00e9 en vue d\u2019un projet ult\u00e9rieur.<\/p>\n<p><img loading=\"lazy\" decoding=\"async\" width=\"792\" height=\"594\" src=\"https:\/\/www.europesays.com\/fr\/wp-content\/uploads\/2025\/06\/54586278324-1b84204208-k-792x594.jpg\" alt=\"\" class=\"wp-image-346823\"  \/> La villa Jacoutot qui accueillera l\u2019essentiel des bureaux des associationsPhoto\u00a0: Anis Foucard \/ Rue89 Strasbourg<\/p>\n<p>Ces villas se situent \u00e0 proximit\u00e9 du parc de l\u2019Orangerie dans un \u00e9crin de verdure. Les bosquets autour des villas seront pr\u00e9serv\u00e9s et g\u00e9r\u00e9s par les six associations locataires. Le futur site pourra \u00eatre ponctuellement ouvert au public lors de sorties guid\u00e9es ou d\u2019actions d\u2019\u00e9ducation \u00e0 l\u2019environnement.<\/p>\n<p>\t\tL\u2019\u00e9chec d\u2019EurOasis<\/p>\n<p>En 2017, la Ville de Strasbourg a choisi de c\u00e9der \u00ab\u00a0en l\u2019\u00e9tat\u00a0\u00bb pour 412 500 euros ce lot de deux hectares de terrain et de trois b\u00e2timents \u00e0 l\u2019association EurOasis. Cette derni\u00e8re devait r\u00e9aliser d\u2019importants travaux et r\u00e9unir 3,5 millions d\u2019euros pour accueillir une auberge de jeunesse, un restaurant, une micro-cr\u00e8che, une \u00e9cole alternative, de la permaculture, du yoga, des s\u00e9minaires ou encore un espace de coworking. Des tensions internes, la d\u00e9couverte de pollutions \u00e0 l\u2019amiante et au plomb dans les structures et un conflit juridique avec le voisin ont <a href=\"https:\/\/www.rue89strasbourg.com\/ville-renovera-villas-abandonnees-robertsau-euroasis-210308\" target=\"_blank\" rel=\"noreferrer noopener\">men\u00e9 \u00e0 l\u2019abandon du projet<\/a>. Le jardin Jacoutot est aujourd\u2019hui le seul vestige du projet EurOasis qui sera pr\u00e9serv\u00e9. Le projet de r\u00e9novation sera soumis au vote des \u00e9lus lors du prochain conseil municipal le 23 juin.<\/p>\n","protected":false},"excerpt":{"rendered":"Jeudi 12 juin, la municipalit\u00e9 \u00e9cologiste a annonc\u00e9 la r\u00e9novation des villas Goeb \u00e0 la Robertsau Cet article&hellip;\n","protected":false},"author":2,"featured_media":195051,"comment_status":"","ping_status":"","sticky":false,"template":"","format":"standard","meta":{"footnotes":""},"categories":[2820],"tags":[1111,11,436,1777,674,1011,27,775,12,25,640,3911],"class_list":{"0":"post-195050","1":"post","2":"type-post","3":"status-publish","4":"format-standard","5":"has-post-thumbnail","7":"category-strasbourg","8":"tag-actu","9":"tag-actualites","10":"tag-environnement","11":"tag-eu","12":"tag-europe","13":"tag-fr","14":"tag-france","15":"tag-grand-est","16":"tag-news","17":"tag-republique-francaise","18":"tag-strasbourg","19":"tag-ville-de-strasbourg"},"share_on_mastodon":{"url":"https:\/\/pubeurope.com\/@fr\/114725180203214903","error":""},"_links":{"self":[{"href":"https:\/\/www.europesays.com\/fr\/wp-json\/wp\/v2\/posts\/195050","targetHints":{"allow":["GET"]}}],"collection":[{"href":"https:\/\/www.europesays.com\/fr\/wp-json\/wp\/v2\/posts"}],"about":[{"href":"https:\/\/www.europesays.com\/fr\/wp-json\/wp\/v2\/types\/post"}],"author":[{"embeddable":true,"href":"https:\/\/www.europesays.com\/fr\/wp-json\/wp\/v2\/users\/2"}],"replies":[{"embeddable":true,"href":"https:\/\/www.europesays.com\/fr\/wp-json\/wp\/v2\/comments?post=195050"}],"version-history":[{"count":0,"href":"https:\/\/www.europesays.com\/fr\/wp-json\/wp\/v2\/posts\/195050\/revisions"}],"wp:featuredmedia":[{"embeddable":true,"href":"https:\/\/www.europesays.com\/fr\/wp-json\/wp\/v2\/media\/195051"}],"wp:attachment":[{"href":"https:\/\/www.europesays.com\/fr\/wp-json\/wp\/v2\/media?parent=195050"}],"wp:term":[{"taxonomy":"category","embeddable":true,"href":"https:\/\/www.europesays.com\/fr\/wp-json\/wp\/v2\/categories?post=195050"},{"taxonomy":"post_tag","embeddable":true,"href":"https:\/\/www.europesays.com\/fr\/wp-json\/wp\/v2\/tags?post=195050"}],"curies":[{"name":"wp","href":"https:\/\/api.w.org\/{rel}","templated":true}]}}