{"id":195067,"date":"2025-06-22T04:53:27","date_gmt":"2025-06-22T04:53:27","guid":{"rendered":"https:\/\/www.europesays.com\/fr\/195067\/"},"modified":"2025-06-22T04:53:27","modified_gmt":"2025-06-22T04:53:27","slug":"juliette-meadel-aux-assises-metropolitaines","status":"publish","type":"post","link":"https:\/\/www.europesays.com\/fr\/195067\/","title":{"rendered":"Juliette M\u00e9adel aux assises m\u00e9tropolitaines"},"content":{"rendered":"\n<p>\u00ab Ces premi\u00e8res Assises m\u00e9tropolitaines de la politique de la ville sont la concr\u00e9tisation d\u2019une aventure qui dure depuis un an\u00a0\u00bb, se f\u00e9licite Martine Vassal, pr\u00e9sidente (DVD) du D\u00e9partement des Bouches-du-Rh\u00f4ne et de la M\u00e9tropole Aix-Marseille-Provence. Au c\u0153ur de la Friche Belle de Mai, ce jeudi, elle ouvre la premi\u00e8re \u00e9dition de cet \u00e9v\u00e9nement in\u00e9dit en lien avec le Contrat des possibles, dispositif construit avec 16 communes et qui pose un cadre pour les politiques de la Ville \u00e0 l\u2019\u00e9chelon m\u00e9tropolitain. Et avec un affichage autour d\u2019une concertation avec les acteurs de terrain, notamment associations et collectifs d\u2019habitants\u00a0: \u00ab\u00a0Il engage tout le monde, c\u2019est une promesse pour les habitants\u00a0\u00bb. La ministre de la politique de la Ville, Juliette M\u00e9adel \u00e9tait l\u2019invit\u00e9e vedette de l\u2019\u00e9v\u00e9nement, qu\u2019elle salue largement\u00a0: \u00ab\u00a0Ces Assises disent qu\u2019on est en train de construire l\u2019avenir. Elles mettent au c\u0153ur la co-construction avec les habitants et c\u2019est d\u00e9terminant\u00a0\u00bb.<\/p>\n<p> \u00ab\u00a0Des r\u00e9sultats concrets\u00a0\u00bb\n              <\/p>\n<p>Elle en profite pour rappeler sa vision de la politique de la ville, tout en f\u00e9licitant le travail accompli autour de ces Assises\u00a0: \u00ab\u00a0\u00c0 Marseille, il y a une extraordinaire envie d\u2019avancer. (&#8230;) Pour moi, le ma\u00eetre mot, c\u2019est l\u2019enfant de la ville\u00a0\u00bb. Avant de d\u00e9velopper\u00a0: \u00ab\u00a0On a bien conscience que, quand on est dans un environnement urbain pauvre, qu\u2019on ne peut pas partir en vacances, qu\u2019on n\u2019a pas d\u2019argent pour faire des activit\u00e9s le mercredi, on a des enfants des personnes en situation de vuln\u00e9rabilit\u00e9\u00a0\u00bb. Et de citer le maire (PCF) de Port-de-Bouc, Laurent Belsola\u00a0: \u00ab\u00a0Il me disait que les plus de 15 ans non scolaris\u00e9s repr\u00e9sentent environ 45% des jeunes adolescents [\u00e0 l\u2019\u00e9chelle de sa ville]\u00a0\u00bb. De son c\u00f4t\u00e9, Martine Vassal met en avant \u00ab\u00a0des r\u00e9sultats concrets\u00a0\u00bb, avec notamment \u00ab 85 projets des quartiers avec des financements innovants, des budgets participatifs et une gouvernance partag\u00e9e\u00a0\u00bb.<\/p>\n","protected":false},"excerpt":{"rendered":"\u00ab Ces premi\u00e8res Assises m\u00e9tropolitaines de la politique de la ville sont la concr\u00e9tisation d\u2019une aventure qui dure&hellip;\n","protected":false},"author":2,"featured_media":195068,"comment_status":"","ping_status":"","sticky":false,"template":"","format":"standard","meta":{"footnotes":""},"categories":[2814],"tags":[1111,11,1777,674,1011,27,33378,884,12,882,25],"class_list":{"0":"post-195067","1":"post","2":"type-post","3":"status-publish","4":"format-standard","5":"has-post-thumbnail","7":"category-marseille","8":"tag-actu","9":"tag-actualites","10":"tag-eu","11":"tag-europe","12":"tag-fr","13":"tag-france","14":"tag-juliette-meadel","15":"tag-marseille","16":"tag-news","17":"tag-provence-alpes-cote-dazur","18":"tag-republique-francaise"},"share_on_mastodon":{"url":"https:\/\/pubeurope.com\/@fr\/114725231203467910","error":""},"_links":{"self":[{"href":"https:\/\/www.europesays.com\/fr\/wp-json\/wp\/v2\/posts\/195067","targetHints":{"allow":["GET"]}}],"collection":[{"href":"https:\/\/www.europesays.com\/fr\/wp-json\/wp\/v2\/posts"}],"about":[{"href":"https:\/\/www.europesays.com\/fr\/wp-json\/wp\/v2\/types\/post"}],"author":[{"embeddable":true,"href":"https:\/\/www.europesays.com\/fr\/wp-json\/wp\/v2\/users\/2"}],"replies":[{"embeddable":true,"href":"https:\/\/www.europesays.com\/fr\/wp-json\/wp\/v2\/comments?post=195067"}],"version-history":[{"count":0,"href":"https:\/\/www.europesays.com\/fr\/wp-json\/wp\/v2\/posts\/195067\/revisions"}],"wp:featuredmedia":[{"embeddable":true,"href":"https:\/\/www.europesays.com\/fr\/wp-json\/wp\/v2\/media\/195068"}],"wp:attachment":[{"href":"https:\/\/www.europesays.com\/fr\/wp-json\/wp\/v2\/media?parent=195067"}],"wp:term":[{"taxonomy":"category","embeddable":true,"href":"https:\/\/www.europesays.com\/fr\/wp-json\/wp\/v2\/categories?post=195067"},{"taxonomy":"post_tag","embeddable":true,"href":"https:\/\/www.europesays.com\/fr\/wp-json\/wp\/v2\/tags?post=195067"}],"curies":[{"name":"wp","href":"https:\/\/api.w.org\/{rel}","templated":true}]}}