{"id":195069,"date":"2025-06-22T04:54:17","date_gmt":"2025-06-22T04:54:17","guid":{"rendered":"https:\/\/www.europesays.com\/fr\/195069\/"},"modified":"2025-06-22T04:54:17","modified_gmt":"2025-06-22T04:54:17","slug":"ligue-1-un-mercato-ultra-mouvemente-en-vue-a-marseille","status":"publish","type":"post","link":"https:\/\/www.europesays.com\/fr\/195069\/","title":{"rendered":"Ligue 1, un mercato ultra-mouvement\u00e9 en vue \u00e0 Marseille"},"content":{"rendered":"<p data-testid=\"article-teaser\">Qualifi\u00e9 pour la Ligue des Champions la saison prochaine, l\u2019OM s\u2019appr\u00eate \u00e0 chambouler tout son vestiaire cet \u00e9t\u00e9.<\/p>\n<p>Le Vieux-Port s\u2019appr\u00eate \u00e0 vivre un \u00e9t\u00e9 des plus bouillants. \u00c0 l\u2019Olympique de Marseille, le mercato estival 2025 s\u2019annonce particuli\u00e8rement intense. Entre ambitions renouvel\u00e9es, objectifs en Ligue des Champions et exigences physiques \u00e9lev\u00e9es, la direction olympienne est pr\u00eate \u00e0 orchestrer une v\u00e9ritable r\u00e9volution dans son effectif.<\/p>\n<p>L&rsquo;article continue ci-dessous<\/p>\n","protected":false},"excerpt":{"rendered":"Qualifi\u00e9 pour la Ligue des Champions la saison prochaine, l\u2019OM s\u2019appr\u00eate \u00e0 chambouler tout son vestiaire cet \u00e9t\u00e9.&hellip;\n","protected":false},"author":2,"featured_media":112885,"comment_status":"","ping_status":"","sticky":false,"template":"","format":"standard","meta":{"footnotes":""},"categories":[2814],"tags":[1111,11,1777,674,1011,27,66,884,1434,12,882,25,28401],"class_list":{"0":"post-195069","1":"post","2":"type-post","3":"status-publish","4":"format-standard","5":"has-post-thumbnail","7":"category-marseille","8":"tag-actu","9":"tag-actualites","10":"tag-eu","11":"tag-europe","12":"tag-fr","13":"tag-france","14":"tag-ligue-1","15":"tag-marseille","16":"tag-mercato","17":"tag-news","18":"tag-provence-alpes-cote-dazur","19":"tag-republique-francaise","20":"tag-transfers"},"share_on_mastodon":{"url":"https:\/\/pubeurope.com\/@fr\/114725235138325147","error":""},"_links":{"self":[{"href":"https:\/\/www.europesays.com\/fr\/wp-json\/wp\/v2\/posts\/195069","targetHints":{"allow":["GET"]}}],"collection":[{"href":"https:\/\/www.europesays.com\/fr\/wp-json\/wp\/v2\/posts"}],"about":[{"href":"https:\/\/www.europesays.com\/fr\/wp-json\/wp\/v2\/types\/post"}],"author":[{"embeddable":true,"href":"https:\/\/www.europesays.com\/fr\/wp-json\/wp\/v2\/users\/2"}],"replies":[{"embeddable":true,"href":"https:\/\/www.europesays.com\/fr\/wp-json\/wp\/v2\/comments?post=195069"}],"version-history":[{"count":0,"href":"https:\/\/www.europesays.com\/fr\/wp-json\/wp\/v2\/posts\/195069\/revisions"}],"wp:featuredmedia":[{"embeddable":true,"href":"https:\/\/www.europesays.com\/fr\/wp-json\/wp\/v2\/media\/112885"}],"wp:attachment":[{"href":"https:\/\/www.europesays.com\/fr\/wp-json\/wp\/v2\/media?parent=195069"}],"wp:term":[{"taxonomy":"category","embeddable":true,"href":"https:\/\/www.europesays.com\/fr\/wp-json\/wp\/v2\/categories?post=195069"},{"taxonomy":"post_tag","embeddable":true,"href":"https:\/\/www.europesays.com\/fr\/wp-json\/wp\/v2\/tags?post=195069"}],"curies":[{"name":"wp","href":"https:\/\/api.w.org\/{rel}","templated":true}]}}