{"id":195070,"date":"2025-06-22T04:55:12","date_gmt":"2025-06-22T04:55:12","guid":{"rendered":"https:\/\/www.europesays.com\/fr\/195070\/"},"modified":"2025-06-22T04:55:12","modified_gmt":"2025-06-22T04:55:12","slug":"lyon-la-rue-de-la-republique-entierement-pietonne-ce-qui-change-desormais-pour-vous","status":"publish","type":"post","link":"https:\/\/www.europesays.com\/fr\/195070\/","title":{"rendered":"Lyon. La rue de la R\u00e9publique enti\u00e8rement pi\u00e9tonne, ce qui change d\u00e9sormais pour vous"},"content":{"rendered":"<p>            Par<br \/>\n        <strong><br \/>\n            <a href=\"https:\/\/actu.fr\/auteur\/nicolas-zaugra\" title=\"Consulter tous les articles de Nicolas Zaugra\" rel=\"nofollow noopener\" target=\"_blank\">Nicolas Zaugra<\/a><br \/>\n        <\/strong><\/p>\n<p>        Publi\u00e9 le<\/p>\n<p>            22 juin 2025 \u00e0 6h48        <\/p>\n<p>\u00ab\u00a0C\u2019est une r\u00e9volution\u00a0\u00bb, assure <a href=\"https:\/\/actu.fr\/auvergne-rhone-alpes\/lyon_69123\/lyon-gregory-doucet-et-la-mairie-renvoyes-dans-les-choux-apres-avoir-banni-un-commercant_62792589.html\" rel=\"nofollow noopener\" target=\"_blank\">Gr\u00e9gory Doucet<\/a> le maire \u00e9cologiste de Lyon. Il y a trois ans, les \u00e9lus de la Ville et de la M\u00e9tropole pr\u00e9sentaient leur <a href=\"https:\/\/actu.fr\/auvergne-rhone-alpes\/lyon_69123\/lyon-moins-de-voitures-plus-de-velos-et-pietons-comment-la-presqu-ile-va-etre-transformee_51530001.html\" rel=\"nofollow noopener\" target=\"_blank\">projet de r\u00e9am\u00e9nagement de la Presqu\u2019\u00eele<\/a> dans le centre-ville de <a href=\"https:\/\/actu.fr\/auvergne-rhone-alpes\/lyon_69123\" rel=\"nofollow noopener\" target=\"_blank\">Lyon<\/a>.<\/p>\n<p class=\" wall-content\">Parmi les mesures phares : la mise en place d\u2019une <strong>Zone \u00e0 trafic limit\u00e9 (ZTL)<\/strong> plut\u00f4t qu\u2019une pi\u00e9tonisation int\u00e9grale. L\u2019un des changements majeur inaugur\u00e9 ce samedi 21 juin 2025 par les \u00e9lus : la <a href=\"https:\/\/actu.fr\/auvergne-rhone-alpes\/lyon_69123\/bientot-la-fin-des-bus-rue-de-la-republique-et-place-des-terreaux-a-lyon_51540015.html\" rel=\"nofollow noopener\" target=\"_blank\">rue de la R\u00e9publique<\/a> est devenue pi\u00e9tonne dans son int\u00e9gralit\u00e9.<\/p>\n<p>Une \u00ab\u00a0aire pi\u00e9tonne\u00a0\u00bb entre Cordeliers et Terreaux<\/p>\n<p class=\" wall-content\">C\u2019est une \u00ab\u00a0aire pi\u00e9tonne\u00a0\u00bb qui a \u00e9t\u00e9 am\u00e9nag\u00e9e sur la rue de la R\u00e9publique entre Cordeliers et Terreaux pour continuer l\u2019axe pi\u00e9ton d\u00e9j\u00e0 transform\u00e9 par le pass\u00e9 depuis la place Bellecour. La <a href=\"https:\/\/actu.fr\/auvergne-rhone-alpes\/lyon_69123\/lyon-les-elus-ecologistes-reculent-la-pietonnisation-d-une-rue-de-la-presqu-ile-annulee_62219299.html\" rel=\"nofollow noopener\" target=\"_blank\">rue Joseph Serlin<\/a> entre la place de la Com\u00e9die et des Terreaux est aussi pi\u00e9tonne. Elle sera compl\u00e8tement transform\u00e9e et v\u00e9g\u00e9talis\u00e9e. V\u00e9g\u00e9talisation, plantation d\u2019arbres, installation des bancs, la rue sera totalement refaite. Le chantier doit d\u00e9marrer cet \u00e9t\u00e9.<\/p>\n<p class=\" wall-content\">Des cubes en granit, des marquages au sol et des panneaux ont \u00e9t\u00e9 install\u00e9s sur la rue de la R\u00e9publique pour permettre aux pi\u00e9tons d\u2019\u00eatre prioritaires. Du mobilier urbain provisoire sera install\u00e9 durant l\u2019\u00e9t\u00e9. \u00ab\u00a0Et ce pour plusieurs ann\u00e9es. On est parti pour plusieurs ann\u00e9es d\u2019am\u00e9nagement transitoires, on va r\u00e9fl\u00e9chir \u00e0 l\u2019\u00e9volution d\u00e9finitive de cet espace. On y va en douceur, on s\u2019appuiera sur l\u2019exp\u00e9rience de chacun\u00a0\u00bb, affirme le maire de Lyon interrog\u00e9 par actu Lyon.<\/p>\n<p>    <img   decoding=\"async\" loading=\"lazy\" src=\"https:\/\/www.europesays.com\/fr\/wp-content\/uploads\/2025\/06\/rue-de-la-republique-aire-pietonne-lyon-960x640.jpg\" alt=\"L'une des entr\u00e9es d'aire pi\u00e9tonne rue de la R\u00e9publique \u00e0 Lyon.\" width=\"960\" height=\"640\"\/><br \/>\n    L\u2019une des entr\u00e9es d\u2019aire pi\u00e9tonne rue de la R\u00e9publique \u00e0 Lyon. (\u00a9Nicolas Zaugra\/ actu Lyon)<\/p>\n<p class=\" wall-content\">La Ville compte toutefois v\u00e9g\u00e9taliser davantage le nord de la rue de la R\u00e9publique avec des travaux d\u00e9finitifs \u00e0 venir. Les <a href=\"https:\/\/actu.fr\/auvergne-rhone-alpes\/lyon_69123\/lyon-on-n-a-pas-le-choix-de-grands-arbres-abattus-rue-de-la-republique-voici-pourquoi_62724986.html\" rel=\"nofollow noopener\" target=\"_blank\">arbres coup\u00e9s r\u00e9cemment<\/a>, car malades, seront replant\u00e9s cet automne et des espaces verts cr\u00e9\u00e9s. Les fosses contenant ces arbres seront agrandies, selon Gr\u00e9gory Doucet.<\/p>\n<p>Des conflits entre pi\u00e9tons, cyclistes et trottinettes ?\u00a0<\/p>\n<p class=\" wall-content\">Sur cette nouvelle rue pi\u00e9tonne, tout le monde va-t-il r\u00e9ussir \u00e0 cohabiter ? Les cyclistes et usagers de trottinettes doivent rouler au pas. \u00ab\u00a0Il y aura un temps d\u2019adaptation mais les jours de forte affluence comme ce samedi, il y aura beaucoup de pi\u00e9tons, les cyclistes devront ralentir\u00a0\u00bb, assure Fabien Bagnon, vice-pr\u00e9sident aux mobilit\u00e9s \u00e0 la M\u00e9tropole, aupr\u00e8s d\u2019actu Lyon.<\/p>\n<p class=\" wall-content\">L\u2019\u00e9lu \u00e9cologiste assure \u00eatre optimiste, \u00ab\u00a0plus que pr\u00e9vu\u00a0\u00bb. \u00ab\u00a0Je suis \u00e9pat\u00e9 par l\u2019appropriation rapide des pi\u00e9tons sur la rue de la R\u00e9publique\u00a0\u00bb, dit-il en observant la foule venue aussi pour la F\u00eate de la musique ce samedi.<\/p>\n<p class=\" wall-content\">Certains v\u00e9hicules peuvent encore circuler dans cette rue majeure mais sous conditions : livraisons de 6h \u00e0 13h, riverains ayant un badge d\u2019acc\u00e8s, personnes ayant rendez-vous chez le m\u00e9decins, secours et forces de l\u2019ordre\u2026<\/p>\n<p>Les bus report\u00e9s sur la rue Grenette<\/p>\n<p class=\" wall-content\">Une zone fait toutefois exception \u00e0 la r\u00e8gle\u2009: la <a href=\"https:\/\/actu.fr\/auvergne-rhone-alpes\/lyon_69123\/lyon-cette-rue-est-en-travaux-depuis-un-an-le-cauchemar-des-uns-l-espoir-des-autres_62607039.html\" rel=\"nofollow noopener\" target=\"_blank\">rue Grenette<\/a>, qui traverse la Presqu\u2019\u00eele d\u2019Est en Ouest. \u00ab\u2009C\u2019est la seule rue o\u00f9 des verbalisations seront possibles d\u00e8s samedi, via un dispositif de vid\u00e9o-verbalisation, car aucune voiture n\u2019y est autoris\u00e9e \u00e0 circuler. Elle est exclusivement r\u00e9serv\u00e9e aux bus\u2009\u00bb, pr\u00e9vient Valentin Lungenstrass.<\/p>\n<p class=\" wall-content\">Tous les bus venant de la Part-Dieu sont d\u00e9sormais report\u00e9s sur la rue Grenette r\u00e9am\u00e9nag\u00e9e dans la douleur et face \u00e0 des commer\u00e7ants parfois hostiles. Les arr\u00eats de bus rue de la R\u00e9publique seront bient\u00f4t d\u00e9mont\u00e9s.<\/p>\n<p>    <img   decoding=\"async\" loading=\"lazy\" src=\"https:\/\/www.europesays.com\/fr\/wp-content\/uploads\/2025\/06\/rue-grenette-bus-lyon-960x640.jpg\" alt=\"La rue Grenette sert d\u00e9sormais de couloir bus et v\u00e9los.\" width=\"960\" height=\"640\"\/><br \/>\n    La rue Grenette sert d\u00e9sormais de couloir bus et v\u00e9los. (\u00a9Nicolas Zaugra\/ actu Lyon)La ZTL pas encore totalement finie, encore des travaux<\/p>\n<p class=\" wall-content\">La nouvelle ZTL n\u2019est en tout cas pas totalement achev\u00e9e et il reste encore travaux et adaptations \u00e0 pr\u00e9voir cet \u00e9t\u00e9 et au-del\u00e0.<\/p>\n<p class=\" wall-content\">Seules deux bornes sont pr\u00eates et des travaux sont encore pr\u00e9vus dans certaines rues dont Joseph Sarlin ou des arbres \u00e0 planter sur Edouard Herriot. Mais des espaces sont aussi am\u00e9nag\u00e9s provisoirement comme la place des Cordeliers qui fera l\u2019objet d\u2019un plus vaste chantier de transformation dans un prochain mandat.\u00a0<\/p>\n<p class=\" wall-content\">Suivez toute l\u2019actualit\u00e9 de vos villes et m\u00e9dias favoris en vous inscrivant \u00e0 <a href=\"https:\/\/moncompte.actu.fr\" title=\"D\u00e9couvez Mon Actu\" rel=\"nofollow noopener\" data-trk=\"{&quot;cta&quot;:{&quot;action&quot;:&quot;https:\\\/\\\/moncompte.actu.fr&quot;,&quot;category&quot;:&quot;mon compte&quot;,&quot;from&quot;:&quot;article footer&quot;,&quot;name&quot;:&quot;Mon actu&quot;,&quot;type&quot;:&quot;cta&quot;}}\" target=\"_blank\">Mon Actu<\/a>.<\/p>\n","protected":false},"excerpt":{"rendered":"Par Nicolas Zaugra Publi\u00e9 le 22 juin 2025 \u00e0 6h48 \u00ab\u00a0C\u2019est une r\u00e9volution\u00a0\u00bb, assure Gr\u00e9gory Doucet le maire&hellip;\n","protected":false},"author":2,"featured_media":195071,"comment_status":"","ping_status":"","sticky":false,"template":"","format":"standard","meta":{"footnotes":""},"categories":[1889],"tags":[1111,11,2430,1777,674,1011,27,5226,2428,3434,12,2809,25,104],"class_list":{"0":"post-195070","1":"post","2":"type-post","3":"status-publish","4":"format-standard","5":"has-post-thumbnail","7":"category-lyon","8":"tag-actu","9":"tag-actualites","10":"tag-auvergne-rhone-alpes","11":"tag-eu","12":"tag-europe","13":"tag-fr","14":"tag-france","15":"tag-gregory-doucet","16":"tag-lyon","17":"tag-municipales-2026","18":"tag-news","19":"tag-presquile","20":"tag-republique-francaise","21":"tag-societe"},"share_on_mastodon":{"url":"https:\/\/pubeurope.com\/@fr\/114725239166465767","error":""},"_links":{"self":[{"href":"https:\/\/www.europesays.com\/fr\/wp-json\/wp\/v2\/posts\/195070","targetHints":{"allow":["GET"]}}],"collection":[{"href":"https:\/\/www.europesays.com\/fr\/wp-json\/wp\/v2\/posts"}],"about":[{"href":"https:\/\/www.europesays.com\/fr\/wp-json\/wp\/v2\/types\/post"}],"author":[{"embeddable":true,"href":"https:\/\/www.europesays.com\/fr\/wp-json\/wp\/v2\/users\/2"}],"replies":[{"embeddable":true,"href":"https:\/\/www.europesays.com\/fr\/wp-json\/wp\/v2\/comments?post=195070"}],"version-history":[{"count":0,"href":"https:\/\/www.europesays.com\/fr\/wp-json\/wp\/v2\/posts\/195070\/revisions"}],"wp:featuredmedia":[{"embeddable":true,"href":"https:\/\/www.europesays.com\/fr\/wp-json\/wp\/v2\/media\/195071"}],"wp:attachment":[{"href":"https:\/\/www.europesays.com\/fr\/wp-json\/wp\/v2\/media?parent=195070"}],"wp:term":[{"taxonomy":"category","embeddable":true,"href":"https:\/\/www.europesays.com\/fr\/wp-json\/wp\/v2\/categories?post=195070"},{"taxonomy":"post_tag","embeddable":true,"href":"https:\/\/www.europesays.com\/fr\/wp-json\/wp\/v2\/tags?post=195070"}],"curies":[{"name":"wp","href":"https:\/\/api.w.org\/{rel}","templated":true}]}}