{"id":195075,"date":"2025-06-22T04:58:08","date_gmt":"2025-06-22T04:58:08","guid":{"rendered":"https:\/\/www.europesays.com\/fr\/195075\/"},"modified":"2025-06-22T04:58:08","modified_gmt":"2025-06-22T04:58:08","slug":"les-dates-devoilees-le-coup-denvoi-bientot-donne-a-paris-et-en-ile-de-france","status":"publish","type":"post","link":"https:\/\/www.europesays.com\/fr\/195075\/","title":{"rendered":"les dates d\u00e9voil\u00e9es, le coup d&rsquo;envoi bient\u00f4t donn\u00e9 \u00e0 Paris et en \u00cele-de-France"},"content":{"rendered":"<p>            Par<br \/>\n        <strong><br \/>\n            <a href=\"https:\/\/actu.fr\/auteur\/redaction-paris\" title=\"Consulter tous les articles de R\u00e9daction Paris\" rel=\"nofollow noopener\" target=\"_blank\">R\u00e9daction Paris<\/a><br \/>\n        <\/strong><\/p>\n<p>        Publi\u00e9 le<\/p>\n<p>            22 juin 2025 \u00e0 6h14        <\/p>\n<p>Les amateurs de bonnes affaires vont \u00eatre aux anges : les <a href=\"https:\/\/actu.fr\/tag\/soldes\" rel=\"nofollow noopener\" target=\"_blank\">soldes<\/a> d\u2019\u00e9t\u00e9 2025 sont bient\u00f4t de retour.\u00a0L\u2019occasion de compl\u00e9ter sa garde-robe avec des pi\u00e8ces plus estivales. \u00c0 Paris et en \u00cele-de-France, comme dans le reste du pays, le coup d\u2019envoi sera donn\u00e9 <strong>mercredi 25 juin 2025<\/strong> \u00e0 8 heures.<\/p>\n<p>Un mois de soldes<\/p>\n<p class=\" wall-content\">Chaque ann\u00e9e, tous les six mois, les soldes reviennent pour quatre semaines. La fin des d\u00e9marques est donc act\u00e9e au <strong>mardi 22 juillet 2025<\/strong> inclus. Un rituel clairement encadr\u00e9 par le Code du commerce et un arr\u00eat\u00e9 de 2019.<\/p>\n<p class=\" wall-content\">Comme l\u2019explique\u00a0actu.fr, une r\u00e9glementation s\u2019applique aussi pour les <strong>commerces en ligne<\/strong> : les dates des soldes sont align\u00e9es sur les dates nationales du commerce traditionnel, quel que soit le lieu du si\u00e8ge de l\u2019entreprise.\u00a0<\/p>\n<p class=\" wall-content\">Si vous avez pr\u00e9vu des vacances en Corse, en Guadeloupe, en Martinique, \u00e0 Saint-Barth\u00e9lemy, \u00e0 Saint-Martin ou \u00e0 Saint-Pierre-et-Miquelon, attention, les <strong>dates sont diff\u00e9rentes<\/strong>. Elles ont lieu du 9 juillet au 5 ao\u00fbt 2025 inclus sur l\u2019\u00eele de Beaut\u00e9 et entre septembre et octobre dans les d\u00e9partements d\u2019outre-mer.\u00a0<\/p>\n<p class=\" wall-content\">Suivez toute l\u2019actualit\u00e9 de vos villes et m\u00e9dias favoris en vous inscrivant \u00e0 <a href=\"https:\/\/moncompte.actu.fr\" title=\"D\u00e9couvez Mon Actu\" rel=\"nofollow noopener\" data-trk=\"{&quot;cta&quot;:{&quot;action&quot;:&quot;https:\\\/\\\/moncompte.actu.fr&quot;,&quot;category&quot;:&quot;mon compte&quot;,&quot;from&quot;:&quot;article footer&quot;,&quot;name&quot;:&quot;Mon actu&quot;,&quot;type&quot;:&quot;cta&quot;}}\" target=\"_blank\">Mon Actu<\/a>.<\/p>\n","protected":false},"excerpt":{"rendered":"Par R\u00e9daction Paris Publi\u00e9 le 22 juin 2025 \u00e0 6h14 Les amateurs de bonnes affaires vont \u00eatre aux&hellip;\n","protected":false},"author":2,"featured_media":195076,"comment_status":"","ping_status":"","sticky":false,"template":"","format":"standard","meta":{"footnotes":""},"categories":[1592],"tags":[1111,11,215,33,1777,674,1011,27,662,12,626,25,11772],"class_list":{"0":"post-195075","1":"post","2":"type-post","3":"status-publish","4":"format-standard","5":"has-post-thumbnail","7":"category-ile-de-france","8":"tag-actu","9":"tag-actualites","10":"tag-commerce","11":"tag-economie","12":"tag-eu","13":"tag-europe","14":"tag-fr","15":"tag-france","16":"tag-ile-de-france","17":"tag-news","18":"tag-paris","19":"tag-republique-francaise","20":"tag-soldes"},"share_on_mastodon":{"url":"https:\/\/pubeurope.com\/@fr\/114725250859551519","error":""},"_links":{"self":[{"href":"https:\/\/www.europesays.com\/fr\/wp-json\/wp\/v2\/posts\/195075","targetHints":{"allow":["GET"]}}],"collection":[{"href":"https:\/\/www.europesays.com\/fr\/wp-json\/wp\/v2\/posts"}],"about":[{"href":"https:\/\/www.europesays.com\/fr\/wp-json\/wp\/v2\/types\/post"}],"author":[{"embeddable":true,"href":"https:\/\/www.europesays.com\/fr\/wp-json\/wp\/v2\/users\/2"}],"replies":[{"embeddable":true,"href":"https:\/\/www.europesays.com\/fr\/wp-json\/wp\/v2\/comments?post=195075"}],"version-history":[{"count":0,"href":"https:\/\/www.europesays.com\/fr\/wp-json\/wp\/v2\/posts\/195075\/revisions"}],"wp:featuredmedia":[{"embeddable":true,"href":"https:\/\/www.europesays.com\/fr\/wp-json\/wp\/v2\/media\/195076"}],"wp:attachment":[{"href":"https:\/\/www.europesays.com\/fr\/wp-json\/wp\/v2\/media?parent=195075"}],"wp:term":[{"taxonomy":"category","embeddable":true,"href":"https:\/\/www.europesays.com\/fr\/wp-json\/wp\/v2\/categories?post=195075"},{"taxonomy":"post_tag","embeddable":true,"href":"https:\/\/www.europesays.com\/fr\/wp-json\/wp\/v2\/tags?post=195075"}],"curies":[{"name":"wp","href":"https:\/\/api.w.org\/{rel}","templated":true}]}}