{"id":195093,"date":"2025-06-22T05:07:12","date_gmt":"2025-06-22T05:07:12","guid":{"rendered":"https:\/\/www.europesays.com\/fr\/195093\/"},"modified":"2025-06-22T05:07:12","modified_gmt":"2025-06-22T05:07:12","slug":"rtl-infos-allemagne-violente-collision-frontale-samedi-une-des-voitures-est-immatriculee-au-luxembourg","status":"publish","type":"post","link":"https:\/\/www.europesays.com\/fr\/195093\/","title":{"rendered":"RTL Infos &#8211; Allemagne: Violente collision frontale samedi, une des voitures est immatricul\u00e9e au Luxembourg"},"content":{"rendered":"<p class=\"article-body__summary\">\n                            Un grave accident s&rsquo;est produit samedi en milieu d&rsquo;apr\u00e8s-midi en Allemagne, faisant plusieurs bless\u00e9s.                        <\/p>\n<p>L&rsquo;apr\u00e8s-midi de samedi a \u00e9t\u00e9 marqu\u00e9e par un violent accident en Allemagne. Survenu \u00e0 une quarantaine de kilom\u00e8tres de la fronti\u00e8re, \u00e0 Herforst, l&rsquo;accident implique une voiture immatricul\u00e9e au Luxembourg.<\/p>\n<p>Selon les premi\u00e8res informations recueillies aupr\u00e8s des m\u00e9dias allemands, deux voitures sont entr\u00e9es en collision frontale sur la route L46, entre Herforst et Zemmer. L&rsquo;accident a fait trois bless\u00e9s, dont certains sont gri\u00e8vement touch\u00e9s.<\/p>\n<p>Les secours, compos\u00e9s de plusieurs ambulances de la Croix-Rouge allemande, ont notamment fait appel \u00e0 un h\u00e9licopt\u00e8re de Luxembourg Air Rescue.<\/p>\n<p>Le parquet de Tr\u00e8ves a ordonn\u00e9 une expertise afin de clarifier les circonstances de l&rsquo;accident.<\/p>\n","protected":false},"excerpt":{"rendered":"Un grave accident s&rsquo;est produit samedi en milieu d&rsquo;apr\u00e8s-midi en Allemagne, faisant plusieurs bless\u00e9s. L&rsquo;apr\u00e8s-midi de samedi a&hellip;\n","protected":false},"author":2,"featured_media":195094,"comment_status":"","ping_status":"","sticky":false,"template":"","format":"standard","meta":{"footnotes":""},"categories":[1587],"tags":[11,672,1804,1805,1803,1777,674,1801,12,1802],"class_list":{"0":"post-195093","1":"post","2":"type-post","3":"status-publish","4":"format-standard","5":"has-post-thumbnail","7":"category-allemagne","8":"tag-actualites","9":"tag-allemagne","10":"tag-bundesrepublik-deutschland","11":"tag-de","12":"tag-deutschland","13":"tag-eu","14":"tag-europe","15":"tag-germany","16":"tag-news","17":"tag-republique-federale-dallemagne"},"share_on_mastodon":{"url":"https:\/\/pubeurope.com\/@fr\/114725286430040921","error":""},"_links":{"self":[{"href":"https:\/\/www.europesays.com\/fr\/wp-json\/wp\/v2\/posts\/195093","targetHints":{"allow":["GET"]}}],"collection":[{"href":"https:\/\/www.europesays.com\/fr\/wp-json\/wp\/v2\/posts"}],"about":[{"href":"https:\/\/www.europesays.com\/fr\/wp-json\/wp\/v2\/types\/post"}],"author":[{"embeddable":true,"href":"https:\/\/www.europesays.com\/fr\/wp-json\/wp\/v2\/users\/2"}],"replies":[{"embeddable":true,"href":"https:\/\/www.europesays.com\/fr\/wp-json\/wp\/v2\/comments?post=195093"}],"version-history":[{"count":0,"href":"https:\/\/www.europesays.com\/fr\/wp-json\/wp\/v2\/posts\/195093\/revisions"}],"wp:featuredmedia":[{"embeddable":true,"href":"https:\/\/www.europesays.com\/fr\/wp-json\/wp\/v2\/media\/195094"}],"wp:attachment":[{"href":"https:\/\/www.europesays.com\/fr\/wp-json\/wp\/v2\/media?parent=195093"}],"wp:term":[{"taxonomy":"category","embeddable":true,"href":"https:\/\/www.europesays.com\/fr\/wp-json\/wp\/v2\/categories?post=195093"},{"taxonomy":"post_tag","embeddable":true,"href":"https:\/\/www.europesays.com\/fr\/wp-json\/wp\/v2\/tags?post=195093"}],"curies":[{"name":"wp","href":"https:\/\/api.w.org\/{rel}","templated":true}]}}