{"id":1951,"date":"2025-04-04T05:22:07","date_gmt":"2025-04-04T05:22:07","guid":{"rendered":"https:\/\/www.europesays.com\/fr\/1951\/"},"modified":"2025-04-04T05:22:07","modified_gmt":"2025-04-04T05:22:07","slug":"motogp-bonne-nouvelle-pour-linteret-du-championnat-martin-pret-pour-le-qatar","status":"publish","type":"post","link":"https:\/\/www.europesays.com\/fr\/1951\/","title":{"rendered":"MotoGP Bonne nouvelle pour l&rsquo;int\u00e9r\u00eat du championnat, Martin pr\u00eat pour le Qatar"},"content":{"rendered":"<p>D\u2019apr\u00e8s un r\u00e9cent examen m\u00e9dical, le retour de Jorge Martin au Grand-Prix du Qatar de MotoGP est en bonne voie. M\u00eame si, pour que la chose devienne officielle, il faudra que le pilote Aprilia passe un autre contr\u00f4le, le jeudi pr\u00e9c\u00e9dant l\u2019\u00e9preuve en question. Evidemment, ce retour est tr\u00e8s attendu afin de relancer quelque peu l\u2019int\u00e9r\u00eat d\u2019un championnat domin\u00e9 avec outrance par Marc Marquez.<\/p>\n<p>MotoGP : cela sent bon pour Jorge !<\/p>\n<p>Reste maintenant \u00e0 d\u00e9finir si l\u2019Aprilia sera suffisamment performante pour permettre au champion du monde de MotoGP en titre de briller. Sachant que l\u2019Espagnol aura besoin d\u2019au moins deux ou trois Grand-Prix avant de retrouver 100% de ses facult\u00e9s.<\/p>\n<p>Le Dr Mir a partag\u00e9 ces quelques mots, apr\u00e8s avoir examin\u00e9 Jorge Martin, cette semaine : \u00ab L\u2019examen clinique et radiologique des fractures scapho\u00efde, radius et pyramidale de Jorge Mart\u00edn, pr\u00e9sente une bonne \u00e9volution qui lui permet de commencer une nouvelle \u00e9tape dans la r\u00e9cup\u00e9ration fonctionnelle, d\u2019arriver au Qatar et de voir quelles sensations le pilote \u00e9prouve afin de pouvoir participer au grand prix. toujours apr\u00e8s avoir pass\u00e9 le contr\u00f4le m\u00e9dical MotoGP.\u201d<\/p>\n<p>Affaire \u00e0 suivre, dans les prochains jours.<\/p>\n<blockquote class=\"twitter-tweet\">\n<p dir=\"ltr\" lang=\"en\">Rev up the Heart of Racing with <a href=\"https:\/\/twitter.com\/hashtag\/MotoGP25?src=hash&amp;ref_src=twsrc%5Etfw\" target=\"_blank\" rel=\"noopener nofollow\">#MotoGP25<\/a> on April 30th. \ud83c\udfcd\ufe0f Experience the 2025 championship with official riders, tracks, and exciting new features like Training Sessions, the Arcade Experience, Full Cross-play, and more. Get ready for the ultimate <a href=\"https:\/\/twitter.com\/hashtag\/MotoGP?src=hash&amp;ref_src=twsrc%5Etfw\" target=\"_blank\" rel=\"noopener nofollow\">#MotoGP<\/a> thrill! <a href=\"https:\/\/t.co\/Mn9FhIBRPr\" target=\"_blank\" rel=\"nofollow\">pic.twitter.com\/Mn9FhIBRPr<\/a><\/p>\n<p>\u2014 Jorge Mart\u00edn Almoguera (@88jorgemartin) <a href=\"https:\/\/twitter.com\/88jorgemartin\/status\/1895056047649243357?ref_src=twsrc%5Etfw\" target=\"_blank\" rel=\"noopener nofollow\">February 27, 2025<\/a><\/p>\n<\/blockquote>\n<p>Article publi\u00e9 le 03\/04\/2025 \u00e0 6h50<\/p>\n<p>                                                            <script async src=\"https:\/\/platform.twitter.com\/widgets.js\" charset=\"utf-8\"><\/script><\/p>\n","protected":false},"excerpt":{"rendered":"D\u2019apr\u00e8s un r\u00e9cent examen m\u00e9dical, le retour de Jorge Martin au Grand-Prix du Qatar de MotoGP est en&hellip;\n","protected":false},"author":2,"featured_media":1952,"comment_status":"","ping_status":"","sticky":false,"template":"","format":"standard","meta":{"footnotes":""},"categories":[1413],"tags":[1011,27,1466,1457,1456,1458,60],"class_list":{"0":"post-1951","1":"post","2":"type-post","3":"status-publish","4":"format-standard","5":"has-post-thumbnail","7":"category-moto","8":"tag-fr","9":"tag-france","10":"tag-jorge-martin","11":"tag-moto","12":"tag-motocycle","13":"tag-motogp","14":"tag-sports"},"share_on_mastodon":{"url":"https:\/\/pubeurope.com\/@fr\/114278022765234692","error":""},"_links":{"self":[{"href":"https:\/\/www.europesays.com\/fr\/wp-json\/wp\/v2\/posts\/1951","targetHints":{"allow":["GET"]}}],"collection":[{"href":"https:\/\/www.europesays.com\/fr\/wp-json\/wp\/v2\/posts"}],"about":[{"href":"https:\/\/www.europesays.com\/fr\/wp-json\/wp\/v2\/types\/post"}],"author":[{"embeddable":true,"href":"https:\/\/www.europesays.com\/fr\/wp-json\/wp\/v2\/users\/2"}],"replies":[{"embeddable":true,"href":"https:\/\/www.europesays.com\/fr\/wp-json\/wp\/v2\/comments?post=1951"}],"version-history":[{"count":0,"href":"https:\/\/www.europesays.com\/fr\/wp-json\/wp\/v2\/posts\/1951\/revisions"}],"wp:featuredmedia":[{"embeddable":true,"href":"https:\/\/www.europesays.com\/fr\/wp-json\/wp\/v2\/media\/1952"}],"wp:attachment":[{"href":"https:\/\/www.europesays.com\/fr\/wp-json\/wp\/v2\/media?parent=1951"}],"wp:term":[{"taxonomy":"category","embeddable":true,"href":"https:\/\/www.europesays.com\/fr\/wp-json\/wp\/v2\/categories?post=1951"},{"taxonomy":"post_tag","embeddable":true,"href":"https:\/\/www.europesays.com\/fr\/wp-json\/wp\/v2\/tags?post=1951"}],"curies":[{"name":"wp","href":"https:\/\/api.w.org\/{rel}","templated":true}]}}