{"id":195107,"date":"2025-06-22T05:15:12","date_gmt":"2025-06-22T05:15:12","guid":{"rendered":"https:\/\/www.europesays.com\/fr\/195107\/"},"modified":"2025-06-22T05:15:12","modified_gmt":"2025-06-22T05:15:12","slug":"france-la-faute-de-cameron-woki-meritait-elle-un-carton-rouge","status":"publish","type":"post","link":"https:\/\/www.europesays.com\/fr\/195107\/","title":{"rendered":"France : La faute de Cameron Woki m\u00e9ritait-elle un carton rouge\u00a0?"},"content":{"rendered":"<p>            Par<br \/>\n        <strong><br \/>\n            <a href=\"https:\/\/actu.fr\/auteur\/anthony-tallieu-actu-fr\" title=\"Consulter tous les articles de Anthony Tallieu\" rel=\"nofollow noopener\" target=\"_blank\">Anthony Tallieu<\/a><br \/>\n        <\/strong><\/p>\n<p>        Publi\u00e9 le<\/p>\n<p>            21 juin 2025 \u00e0 19h52        <\/p>\n<p>Cameron Woki gardera s\u00fbrement un souvenir diff\u00e9rent de ses autres petits camarades qui ont pris part \u00e0 la <a href=\"https:\/\/actu.fr\/sports\/rugby\/xv-de-france\/angleterre-france-les-bleubites-se-sont-rebiffes-ce-qui-nous-a-plu-et-deplu_62806833.html\" rel=\"nofollow noopener\" target=\"_blank\">victoire au finish de France A en Angleterre<\/a> (24-26). Rempla\u00e7ant lors de ce Crunch, le Racingman, <a href=\"https:\/\/actu.fr\/sports\/rugby\/xv-de-france\/xv-de-france-duguid-mallez-et-duguivalu-parmi-les-nombreux-novices-appeles-pour-la-tournee_62774932.html\" rel=\"nofollow noopener\" target=\"_blank\">qui n\u2019avait plus port\u00e9 le maillot bleu<\/a> depuis le Tournoi des 6 Nations 2024, a eu le malheur de se faire expulser \u00e0 peine plus de dix minutes apr\u00e8s son entr\u00e9e en jeu (57e).<\/p>\n<p class=\" wall-content\">Son crime, un contact \u00e0 la t\u00eate avec le talonneur anglais Jamie George sur un d\u00e9blayage. Un fait de jeu qui avait \u00e9chapp\u00e9 \u00e0 l\u2019arbitre Hollie Davidson sur le direct mais que le talonneur anglais est venu lui rapporter avec insistance alors que les Bleus venaient de marquer un bel essai par Nolann Le Garrec.<\/p>\n<p>Comme Feyi-Waboso, Woki a \u00e9t\u00e9 exclu apr\u00e8s intervention du bunker<\/p>\n<p class=\" wall-content\">En visionnant les images, l\u2019\u00c9cossaise d\u00e9gaine le carton jaune et demande \u00e0 son assistant vid\u00e9o de lui signifier si le geste m\u00e9rite plus. Une r\u00e9p\u00e9tition de ce qu\u2019elle avait d\u00e9j\u00e0 fait en premi\u00e8re p\u00e9riode suite \u00e0 un attentat d\u2019Emmanuel Feyi-Waboso alors que le degr\u00e9 de sanction ne souffrait, cette fois, d\u2019aucun doute.\u00a0<\/p>\n<p class=\" wall-content\">\n<p class=\" wall-content\">Concernant l\u2019intervention de Woki, le contact \u00e0 la t\u00eate est r\u00e9el tandis que George est tr\u00e8s bas au moment de l\u2019impact. Le niveau de dangerosit\u00e9, en revanche, ne parait pas d\u00e9mesur\u00e9. Se pose alors la question de pertinence de la sanction ultime. Le corps arbitral de ce Crunch a tranch\u00e9, au d\u00e9triment de l\u2019ancien de l\u2019UBB. Une d\u00e9cision plus sujette au d\u00e9bat que celle concernant Feyi-Waboso mais qui a finalement eu un effet inattendu pour les Bleus.<\/p>\n<p class=\" wall-content\">Ce coup du sort a en effet eu un effet catalyseur pour ce XV de France exp\u00e9rimental, qui s\u2019est resserr\u00e9 et a \u00e9t\u00e9 chercher en fin de match \u00e0 14 contre 15 une victoire inattendue (24-26)<\/p>\n<p>Vid\u00e9os : en ce moment sur Actu<\/p>\n<p class=\" wall-content\">Suivez toute l\u2019actualit\u00e9 de vos villes et m\u00e9dias favoris en vous inscrivant \u00e0 <a href=\"https:\/\/moncompte.actu.fr\" title=\"D\u00e9couvez Mon Actu\" rel=\"nofollow noopener\" data-trk=\"{&quot;cta&quot;:{&quot;action&quot;:&quot;https:\\\/\\\/moncompte.actu.fr&quot;,&quot;category&quot;:&quot;mon compte&quot;,&quot;from&quot;:&quot;article footer&quot;,&quot;name&quot;:&quot;Mon actu&quot;,&quot;type&quot;:&quot;cta&quot;}}\" target=\"_blank\">Mon Actu<\/a>.<\/p>\n","protected":false},"excerpt":{"rendered":"Par Anthony Tallieu Publi\u00e9 le 21 juin 2025 \u00e0 19h52 Cameron Woki gardera s\u00fbrement un souvenir diff\u00e9rent de&hellip;\n","protected":false},"author":2,"featured_media":195108,"comment_status":"","ping_status":"","sticky":false,"template":"","format":"standard","meta":{"footnotes":""},"categories":[1416],"tags":[33286,1011,27,479,1468,60,513],"class_list":{"0":"post-195107","1":"post","2":"type-post","3":"status-publish","4":"format-standard","5":"has-post-thumbnail","7":"category-rugby","8":"tag-cameron-woki","9":"tag-fr","10":"tag-france","11":"tag-rugby","12":"tag-rugby-football","13":"tag-sports","14":"tag-xv-de-france"},"share_on_mastodon":{"url":"https:\/\/pubeurope.com\/@fr\/114725317757782462","error":""},"_links":{"self":[{"href":"https:\/\/www.europesays.com\/fr\/wp-json\/wp\/v2\/posts\/195107","targetHints":{"allow":["GET"]}}],"collection":[{"href":"https:\/\/www.europesays.com\/fr\/wp-json\/wp\/v2\/posts"}],"about":[{"href":"https:\/\/www.europesays.com\/fr\/wp-json\/wp\/v2\/types\/post"}],"author":[{"embeddable":true,"href":"https:\/\/www.europesays.com\/fr\/wp-json\/wp\/v2\/users\/2"}],"replies":[{"embeddable":true,"href":"https:\/\/www.europesays.com\/fr\/wp-json\/wp\/v2\/comments?post=195107"}],"version-history":[{"count":0,"href":"https:\/\/www.europesays.com\/fr\/wp-json\/wp\/v2\/posts\/195107\/revisions"}],"wp:featuredmedia":[{"embeddable":true,"href":"https:\/\/www.europesays.com\/fr\/wp-json\/wp\/v2\/media\/195108"}],"wp:attachment":[{"href":"https:\/\/www.europesays.com\/fr\/wp-json\/wp\/v2\/media?parent=195107"}],"wp:term":[{"taxonomy":"category","embeddable":true,"href":"https:\/\/www.europesays.com\/fr\/wp-json\/wp\/v2\/categories?post=195107"},{"taxonomy":"post_tag","embeddable":true,"href":"https:\/\/www.europesays.com\/fr\/wp-json\/wp\/v2\/tags?post=195107"}],"curies":[{"name":"wp","href":"https:\/\/api.w.org\/{rel}","templated":true}]}}