{"id":195111,"date":"2025-06-22T05:17:09","date_gmt":"2025-06-22T05:17:09","guid":{"rendered":"https:\/\/www.europesays.com\/fr\/195111\/"},"modified":"2025-06-22T05:17:09","modified_gmt":"2025-06-22T05:17:09","slug":"basket-3x3-coupe-du-monde-les-selections-tricolores-pour-la-coupe-du-monde","status":"publish","type":"post","link":"https:\/\/www.europesays.com\/fr\/195111\/","title":{"rendered":"Basket 3&#215;3, coupe du monde, Les s\u00e9lections tricolores pour la coupe du monde"},"content":{"rendered":"<p>La F\u00e9d\u00e9ration Fran\u00e7aise de Basketball a r\u00e9v\u00e9l\u00e9 la composition des \u00e9quipes masculine et f\u00e9minine de basket 3&#215;3 pour la Coupe du monde 2024, qui se d\u00e9roulera du 23 au 29 juin \u00e0 Oulan-Bator, en Mongolie. Si les hommes s&rsquo;appuient sur un noyau de joueurs exp\u00e9riment\u00e9s et rod\u00e9s ensemble, la s\u00e9lection f\u00e9minine, elle, surprend par une profonde r\u00e9vision de ses cadres, en l&rsquo;absence de plusieurs figures majeures.<\/p>\n<p>Les Bleus avec S\u00e9gu\u00e9la et Rambaut pour viser le podium<\/p>\n<p>Chez les hommes, <a href=\"https:\/\/www.equipe-france.fr\/basket-ball\/franck-seguela\" target=\"_blank\" rel=\"noopener\">Franck Seguela<\/a> et <a href=\"https:\/\/www.equipe-france.fr\/basket-ball\/jules-rambaut\" target=\"_blank\" rel=\"noopener\">Jules Rambaut<\/a>, vice-champions olympiques \u00e0 Paris 2024, seront bien de l\u2019aventure. Accompagn\u00e9s de <a href=\"https:\/\/www.equipe-france.fr\/basket-ball\/paul-djoko\" target=\"_blank\" rel=\"noopener\">Paul Djoko<\/a> et <a href=\"https:\/\/www.equipe-france.fr\/basket-ball\/raphael-wilson\" target=\"_blank\" rel=\"noopener\">Rapha\u00ebl Wilson<\/a>, tous membres de l&rsquo;\u00e9quipe de Toulouse 3&#215;3, ce quatuor forme un collectif tr\u00e8s exp\u00e9riment\u00e9, d\u00e9j\u00e0 victorieux du Master d&rsquo;Amsterdam en mai dernier, et actuellement quatri\u00e8me au classement mondial.<\/p>\n<blockquote class=\"twitter-tweet tw-align-center\">\n<p lang=\"fr\" dir=\"ltr\">La liste des \ud835\udc01\ud835\udc25\ud835\udc1e\ud835\udc2e\ud835\udc2c \ud83c\uddeb\ud83c\uddf7 pour la Coupe du Monde 3&#215;3 ! \ud83c\udfc6\ud83c\udf0d<\/p>\n<p><a href=\"https:\/\/www.equipe-france.fr\/basket-ball\/karim-souchu\" target=\"_blank\" rel=\"noopener\">Karim Souchu<\/a> a d\u00e9voil\u00e9 la liste des quatre joueurs qui repr\u00e9senteront la France du 23 au 29 juin \u00e0 Oulan-Bator (Mongolie).<\/p>\n<p>\ud83d\udcf2 + d\u2019infos sur <a href=\"https:\/\/t.co\/beGJHUzevr\">https:\/\/t.co\/beGJHUzevr<\/a> <a href=\"https:\/\/t.co\/eHrF7kKOcF\">pic.twitter.com\/eHrF7kKOcF<\/a><\/p>\n<p>\u2014 3&#215;3 FFBB (@3x3ffbb) <a href=\"https:\/\/twitter.com\/3x3ffbb\/status\/1934559829739307143?ref_src=twsrc%5Etfw\" target=\"_blank\" rel=\"noopener\">June 16, 2025<\/a><\/p><\/blockquote>\n<p>Ce choix de continuit\u00e9 et de coh\u00e9sion op\u00e9r\u00e9 par le s\u00e9lectionneur <a href=\"https:\/\/www.equipe-france.fr\/basket-ball\/karim-souchu\" target=\"_blank\" rel=\"noopener\">Karim Souchu<\/a> vise \u00e0 capitaliser sur les automatismes d\u2019un groupe habitu\u00e9 \u00e0 \u00e9voluer ensemble. L\u2019objectif est clair : effacer la 8e place d\u00e9cevante de la derni\u00e8re Coupe du monde (2023) et retrouver le podium, comme en 2022 o\u00f9 la France avait d\u00e9croch\u00e9 le bronze.<\/p>\n<p>Les Bleues sans Guapo ni Paget : une page se tourne<\/p>\n<p>C\u00f4t\u00e9 f\u00e9minin, la s\u00e9lection dirig\u00e9e d\u00e9sormais par Fran\u00e7ois Brisson a pris un virage radical. <a href=\"https:\/\/www.equipe-france.fr\/basket-ball\/hortense-limouzin\" target=\"_blank\" rel=\"noopener\">Hortense Limouzin<\/a> est la seule rescap\u00e9e de l\u2019\u00e9quipe olympique. Elle sera accompagn\u00e9e de <a href=\"https:\/\/www.equipe-france.fr\/basket-ball\/camille-droguet\" target=\"_blank\" rel=\"noopener\">Camille Droguet<\/a>, <a href=\"https:\/\/www.equipe-france.fr\/basket-ball\/marie-mane\" target=\"_blank\" rel=\"noopener\">Marie Man\u00e9<\/a> et <a href=\"https:\/\/www.equipe-france.fr\/basket-ball\/marie-michelle-milapie\" target=\"_blank\" rel=\"noopener\">Marie-Michelle Milapie<\/a>, formant une \u00e9quipe jeune, moins exp\u00e9riment\u00e9e mais dynamique.<\/p>\n<blockquote class=\"twitter-tweet tw-align-center\">\n<p lang=\"fr\" dir=\"ltr\">La liste des \ud835\udc01\ud835\udc25\ud835\udc1e\ud835\udc2e\ud835\udc1e\ud835\udc2c \ud83c\uddeb\ud83c\uddf7 pour la Coupe du Monde 3&#215;3 ! \ud83c\udfc6\ud83c\udf0d<\/p>\n<p>Fran\u00e7ois Brisson a d\u00e9voil\u00e9 la liste des quatre joueuses qui repr\u00e9senteront la France du 23 au 29 juin \u00e0 Oulan-Bator (Mongolie).<\/p>\n<p>\ud83d\udcf2 + d\u2019infos sur <a href=\"https:\/\/t.co\/beGJHUzevr\">https:\/\/t.co\/beGJHUzevr<\/a> <a href=\"https:\/\/t.co\/6JEuzTro5b\">pic.twitter.com\/6JEuzTro5b<\/a><\/p>\n<p>\u2014 3&#215;3 FFBB (@3x3ffbb) <a href=\"https:\/\/twitter.com\/3x3ffbb\/status\/1934560333244596245?ref_src=twsrc%5Etfw\" target=\"_blank\" rel=\"noopener\">June 16, 2025<\/a><\/p><\/blockquote>\n<p>L\u2019absence de <a href=\"https:\/\/www.equipe-france.fr\/basket-ball\/guapo-laetitia\" target=\"_blank\" rel=\"noopener\">La\u00ebtitia Guapo<\/a>, Marie-Eve Paget et <a href=\"https:\/\/www.equipe-france.fr\/basket-ball\/myriam-djekoundade\" target=\"_blank\" rel=\"noopener\">Myriam Djekoundade<\/a>, pourtant pilier du 3&#215;3 tricolore ces derni\u00e8res ann\u00e9es, interpelle. Le staff a fait le choix d\u2019un renouvellement strat\u00e9gique, misant sur des profils susceptibles d\u2019ouvrir un nouveau cycle apr\u00e8s la d\u00e9sillusion des JO 2024.<\/p>\n<p>Malgr\u00e9 cette refonte, les Bleues viseront un cinqui\u00e8me podium mondial cons\u00e9cutif, elles qui cumulent deux titres (2012, 2018), une m\u00e9daille d\u2019argent (2023) et une de bronze (2021).<\/p>\n<p>Oulan-Bator, \u00e9tape cl\u00e9 sur la route de la reconstruction<\/p>\n<p>La Coupe du monde 2024 rev\u00eat une importance particuli\u00e8re pour les deux s\u00e9lections fran\u00e7aises. Chez les hommes, elle est l\u2019occasion de confirmer le statut de nation forte du 3&#215;3, tandis que chez les femmes, elle marque le d\u00e9but d\u2019un nouveau cycle, o\u00f9 les regards seront tourn\u00e9s vers la mont\u00e9e en puissance de nouveaux talents.<\/p>\n<p>Les matchs seront \u00e0 suivre sur L\u2019\u00c9quipe Live, avec une forte attente autour de la performance tricolore sur une sc\u00e8ne mondiale toujours plus comp\u00e9titive.<\/p>\n<p><script async src=\"https:\/\/platform.twitter.com\/widgets.js\" charset=\"utf-8\"><\/script><\/p>\n","protected":false},"excerpt":{"rendered":"La F\u00e9d\u00e9ration Fran\u00e7aise de Basketball a r\u00e9v\u00e9l\u00e9 la composition des \u00e9quipes masculine et f\u00e9minine de basket 3&#215;3 pour&hellip;\n","protected":false},"author":2,"featured_media":195112,"comment_status":"","ping_status":"","sticky":false,"template":"","format":"standard","meta":{"footnotes":""},"categories":[1414],"tags":[1465,1464,1011,27,60],"class_list":{"0":"post-195111","1":"post","2":"type-post","3":"status-publish","4":"format-standard","5":"has-post-thumbnail","7":"category-basket","8":"tag-basket","9":"tag-basketball","10":"tag-fr","11":"tag-france","12":"tag-sports"},"share_on_mastodon":{"url":"https:\/\/pubeurope.com\/@fr\/114725325949296541","error":""},"_links":{"self":[{"href":"https:\/\/www.europesays.com\/fr\/wp-json\/wp\/v2\/posts\/195111","targetHints":{"allow":["GET"]}}],"collection":[{"href":"https:\/\/www.europesays.com\/fr\/wp-json\/wp\/v2\/posts"}],"about":[{"href":"https:\/\/www.europesays.com\/fr\/wp-json\/wp\/v2\/types\/post"}],"author":[{"embeddable":true,"href":"https:\/\/www.europesays.com\/fr\/wp-json\/wp\/v2\/users\/2"}],"replies":[{"embeddable":true,"href":"https:\/\/www.europesays.com\/fr\/wp-json\/wp\/v2\/comments?post=195111"}],"version-history":[{"count":0,"href":"https:\/\/www.europesays.com\/fr\/wp-json\/wp\/v2\/posts\/195111\/revisions"}],"wp:featuredmedia":[{"embeddable":true,"href":"https:\/\/www.europesays.com\/fr\/wp-json\/wp\/v2\/media\/195112"}],"wp:attachment":[{"href":"https:\/\/www.europesays.com\/fr\/wp-json\/wp\/v2\/media?parent=195111"}],"wp:term":[{"taxonomy":"category","embeddable":true,"href":"https:\/\/www.europesays.com\/fr\/wp-json\/wp\/v2\/categories?post=195111"},{"taxonomy":"post_tag","embeddable":true,"href":"https:\/\/www.europesays.com\/fr\/wp-json\/wp\/v2\/tags?post=195111"}],"curies":[{"name":"wp","href":"https:\/\/api.w.org\/{rel}","templated":true}]}}