{"id":195117,"date":"2025-06-22T05:20:14","date_gmt":"2025-06-22T05:20:14","guid":{"rendered":"https:\/\/www.europesays.com\/fr\/195117\/"},"modified":"2025-06-22T05:20:14","modified_gmt":"2025-06-22T05:20:14","slug":"hugo-millet-remporte-la-sportbreizh-2025-au-mont-saint-michel-de-brasparts","status":"publish","type":"post","link":"https:\/\/www.europesays.com\/fr\/195117\/","title":{"rendered":"Hugo Millet remporte la Sportbreizh 2025 au Mont Saint-Michel de Brasparts"},"content":{"rendered":"<p>Sportbreizh<\/p>\n<p>Annonc\u00e9 parmi les favoris \u00e0 la victoire finale, le puncheur Hugo Millet a remport\u00e9 la 12e \u00e9dition de la <a href=\"https:\/\/www.letelegramme.fr\/sports\/cyclisme\/qui-sont-les-favoris-de-la-sportbreizh-2025-6840198.php\" title=\"www.letelegramme.fr\" rel=\"nofollow noopener\" target=\"_blank\">Sportbreizh<\/a>, ce samedi, au Mont Saint-Michel de Brasparts en devan\u00e7ant Gari Lagnet (AC Bisontine) et Tom Mainguenaud (Mayenne-V and B-Montana). Il succ\u00e8de \u00e0 Ilan Larmet, vainqueur l\u2019an dernier, qui n\u2019a pas pu venir d\u00e9fendre son titre cette ann\u00e9e.<\/p>\n<p><strong class=\"tech\">Le classement<\/strong><\/p>\n<p class=\"tech\">1. Hugo Millet (Mayenne-V and B-Montana)<\/p>\n<p class=\"tech\">2. Gari Lagnet (AC Bisontine)<\/p>\n<p class=\"tech\">3. Tom Mainguenaud (Mayenne-V and B-Montana)<\/p>\n<p class=\"tech\">4. Valerian Laujanias (Union Cycliste Cholet 49)<\/p>\n<p class=\"tech\">5. Artus Jaladeau (GSC Blagnac Velo Sport 31)<\/p>\n<p class=\"tech\">6. Thomas Garel (Union Cycliste Cholet 49) <\/p>\n<p class=\"tech\">7. Mathieu Lambert (AVC Aix-en-Provence) <\/p>\n<p class=\"tech\">8. Dorian Lavrage (Vend\u00e9e U) <\/p>\n<p class=\"tech\">9. Hugo Tanguy (Plouay Cycling Club) <\/p>\n<p class=\"tech\">10. Paul Conor (Union Cycliste Cholet 49)<\/p>\n","protected":false},"excerpt":{"rendered":"Sportbreizh Annonc\u00e9 parmi les favoris \u00e0 la victoire finale, le puncheur Hugo Millet a remport\u00e9 la 12e \u00e9dition&hellip;\n","protected":false},"author":2,"featured_media":195118,"comment_status":"","ping_status":"","sticky":false,"template":"","format":"standard","meta":{"footnotes":""},"categories":[1411],"tags":[1154,207,3166,1011,27,60],"class_list":{"0":"post-195117","1":"post","2":"type-post","3":"status-publish","4":"format-standard","5":"has-post-thumbnail","7":"category-cyclisme","8":"tag-cycling","9":"tag-cyclisme","10":"tag-en-continu-sports","11":"tag-fr","12":"tag-france","13":"tag-sports"},"share_on_mastodon":{"url":"https:\/\/pubeurope.com\/@fr\/114725337382174313","error":""},"_links":{"self":[{"href":"https:\/\/www.europesays.com\/fr\/wp-json\/wp\/v2\/posts\/195117","targetHints":{"allow":["GET"]}}],"collection":[{"href":"https:\/\/www.europesays.com\/fr\/wp-json\/wp\/v2\/posts"}],"about":[{"href":"https:\/\/www.europesays.com\/fr\/wp-json\/wp\/v2\/types\/post"}],"author":[{"embeddable":true,"href":"https:\/\/www.europesays.com\/fr\/wp-json\/wp\/v2\/users\/2"}],"replies":[{"embeddable":true,"href":"https:\/\/www.europesays.com\/fr\/wp-json\/wp\/v2\/comments?post=195117"}],"version-history":[{"count":0,"href":"https:\/\/www.europesays.com\/fr\/wp-json\/wp\/v2\/posts\/195117\/revisions"}],"wp:featuredmedia":[{"embeddable":true,"href":"https:\/\/www.europesays.com\/fr\/wp-json\/wp\/v2\/media\/195118"}],"wp:attachment":[{"href":"https:\/\/www.europesays.com\/fr\/wp-json\/wp\/v2\/media?parent=195117"}],"wp:term":[{"taxonomy":"category","embeddable":true,"href":"https:\/\/www.europesays.com\/fr\/wp-json\/wp\/v2\/categories?post=195117"},{"taxonomy":"post_tag","embeddable":true,"href":"https:\/\/www.europesays.com\/fr\/wp-json\/wp\/v2\/tags?post=195117"}],"curies":[{"name":"wp","href":"https:\/\/api.w.org\/{rel}","templated":true}]}}