{"id":19512,"date":"2025-04-12T09:21:33","date_gmt":"2025-04-12T09:21:33","guid":{"rendered":"https:\/\/www.europesays.com\/fr\/19512\/"},"modified":"2025-04-12T09:21:33","modified_gmt":"2025-04-12T09:21:33","slug":"au-chu-de-rennes-un-pieton-meurt-percute-par-un-camion-le-chauffeur-auditionne","status":"publish","type":"post","link":"https:\/\/www.europesays.com\/fr\/19512\/","title":{"rendered":"Au CHU de Rennes, un pi\u00e9ton meurt percut\u00e9 par un camion : le chauffeur auditionn\u00e9"},"content":{"rendered":"<p>            Par<br \/>\n        <strong><br \/>\n            <a href=\"https:\/\/actu.fr\/auteur\/laurene-fertin\" title=\"Consulter tous les articles de Laur\u00e8ne Fertin\" target=\"_blank\" rel=\"noopener\">Laur\u00e8ne Fertin<\/a><br \/>\n        <\/strong><\/p>\n<p>        Publi\u00e9 le<\/p>\n<p>            10 avr. 2025 \u00e0 15h06        <\/p>\n<p>Triste nouvelle. Un utilitaire du <strong>CHU de Rennes<\/strong> a renvers\u00e9, ce jeudi 10 avril 2025, peu avant<strong> 9 h<\/strong>, un <strong>pi\u00e9ton<\/strong>, agent de l\u2019h\u00f4pital.<\/p>\n<p>Un technicien hospitalier<\/p>\n<p class=\" wall-content\">Malgr\u00e9 l\u2019intervention des secours, ce dernier est <strong>d\u00e9c\u00e9d\u00e9<\/strong> sur place, indique la police, confirmant <a href=\"https:\/\/www.ouest-france.fr\/bretagne\/rennes-35000\/\" target=\"_blank\" rel=\"noopener\">Ouest-France<\/a>.<\/p>\n<p class=\" wall-content\">Selon les informations du CHU de Rennes, via un communiqu\u00e9, la victime \u00e9tait <strong>un technicien hospitalier<\/strong> \u00e0 la direction du patrimoine et de la s\u00e9curit\u00e9 (atelier plomberie, chauffage et gaz m\u00e9dicaux)\u00a0<\/p>\n<blockquote class=\"ac-article-quote wall-content\">\n<p>Le CHU exprime sa tr\u00e8s grande tristesse et adresse ses sinc\u00e8res condol\u00e9ances \u00e0 la famille, aux proches et aux coll\u00e8gues du professionnel d\u00e9c\u00e9d\u00e9.<\/p>\n<p>    <strong>CHU de Rennes<\/strong>\n            <\/p><\/blockquote>\n<p>Vid\u00e9os : en ce moment sur ActuUne enqu\u00eate ouverte<\/p>\n<p class=\" wall-content\"><strong>Le chauffeur du camion<\/strong>, \u00e9galement <strong>employ\u00e9<\/strong> de l\u2019h\u00f4pital, est actuellement <strong>auditionn\u00e9<\/strong> par la police de Rennes. <strong>Une enqu\u00eate<\/strong> a \u00e9t\u00e9 ouverte afin de d\u00e9terminer les circonstances de l\u2019accident.<\/p>\n<p class=\" wall-content\">\u00ab\u00a0Tr\u00e8s choqu\u00e9es par cet accident dramatique\u00a0\u00bb, \u00ab\u00a0les personnes et aux \u00e9quipes concern\u00e9es\u00a0\u00bb b\u00e9n\u00e9ficient <strong>d\u2019un soutien psychologique,<\/strong> souligne le CHU.\u00a0<\/p>\n<p class=\" wall-content\">Suivez toute l\u2019actualit\u00e9 de vos villes et m\u00e9dias favoris en vous inscrivant \u00e0 <a href=\"https:\/\/moncompte.actu.fr\" title=\"D\u00e9couvez Mon Actu\" rel=\"nofollow noopener\" data-trk=\"{&quot;cta&quot;:{&quot;action&quot;:&quot;https:\\\/\\\/moncompte.actu.fr&quot;,&quot;category&quot;:&quot;mon compte&quot;,&quot;from&quot;:&quot;article footer&quot;,&quot;name&quot;:&quot;Mon actu&quot;,&quot;type&quot;:&quot;cta&quot;}}\" target=\"_blank\">Mon Actu<\/a>.<\/p>\n","protected":false},"excerpt":{"rendered":"Par Laur\u00e8ne Fertin Publi\u00e9 le 10 avr. 2025 \u00e0 15h06 Triste nouvelle. Un utilitaire du CHU de Rennes&hellip;\n","protected":false},"author":2,"featured_media":19513,"comment_status":"","ping_status":"","sticky":false,"template":"","format":"standard","meta":{"footnotes":""},"categories":[2821],"tags":[1111,11,829,7513,1777,674,118,1011,27,12,584,25],"class_list":{"0":"post-19512","1":"post","2":"type-post","3":"status-publish","4":"format-standard","5":"has-post-thumbnail","7":"category-rennes","8":"tag-actu","9":"tag-actualites","10":"tag-bretagne","11":"tag-chu-de-rennes","12":"tag-eu","13":"tag-europe","14":"tag-faits-divers","15":"tag-fr","16":"tag-france","17":"tag-news","18":"tag-rennes","19":"tag-republique-francaise"},"share_on_mastodon":{"url":"https:\/\/pubeurope.com\/@fr\/114324260997061581","error":""},"_links":{"self":[{"href":"https:\/\/www.europesays.com\/fr\/wp-json\/wp\/v2\/posts\/19512","targetHints":{"allow":["GET"]}}],"collection":[{"href":"https:\/\/www.europesays.com\/fr\/wp-json\/wp\/v2\/posts"}],"about":[{"href":"https:\/\/www.europesays.com\/fr\/wp-json\/wp\/v2\/types\/post"}],"author":[{"embeddable":true,"href":"https:\/\/www.europesays.com\/fr\/wp-json\/wp\/v2\/users\/2"}],"replies":[{"embeddable":true,"href":"https:\/\/www.europesays.com\/fr\/wp-json\/wp\/v2\/comments?post=19512"}],"version-history":[{"count":0,"href":"https:\/\/www.europesays.com\/fr\/wp-json\/wp\/v2\/posts\/19512\/revisions"}],"wp:featuredmedia":[{"embeddable":true,"href":"https:\/\/www.europesays.com\/fr\/wp-json\/wp\/v2\/media\/19513"}],"wp:attachment":[{"href":"https:\/\/www.europesays.com\/fr\/wp-json\/wp\/v2\/media?parent=19512"}],"wp:term":[{"taxonomy":"category","embeddable":true,"href":"https:\/\/www.europesays.com\/fr\/wp-json\/wp\/v2\/categories?post=19512"},{"taxonomy":"post_tag","embeddable":true,"href":"https:\/\/www.europesays.com\/fr\/wp-json\/wp\/v2\/tags?post=19512"}],"curies":[{"name":"wp","href":"https:\/\/api.w.org\/{rel}","templated":true}]}}