{"id":195133,"date":"2025-06-22T05:30:13","date_gmt":"2025-06-22T05:30:13","guid":{"rendered":"https:\/\/www.europesays.com\/fr\/195133\/"},"modified":"2025-06-22T05:30:13","modified_gmt":"2025-06-22T05:30:13","slug":"daphne-burki-revient-sur-sa-participation-a-fort-boyard","status":"publish","type":"post","link":"https:\/\/www.europesays.com\/fr\/195133\/","title":{"rendered":"Daphn\u00e9 B\u00fcrki revient sur sa participation \u00e0 \u00abFort Boyard\u00bb"},"content":{"rendered":"<p>L\u2019animatrice de t\u00e9l\u00e9vision a d\u00e9voil\u00e9 les coulisses de sa participation \u00e0 l\u2019\u00e9mission de France 2. Et cinq ans plus tard, elle ne semble pas pr\u00e8s de remettre les pieds au Fort.<\/p>\n<p class=\"fig-paragraph\">Pr\u00e8s d\u2019un an est pass\u00e9 depuis le lancement des Jeux olympiques de Paris 2024. Et alors que la vasque est sur le point de s\u2019embraser \u00e0 nouveau et de s\u2019\u00e9lever dans le ciel du jardin des Tuileries ce samedi 21 juin,\u00a0<a href=\"https:\/\/www.lefigaro.fr\/tag\/daphne-burki\" target=\"_blank\" rel=\"noopener\" data-gtm-custom-categorie=\"navigation\" data-gtm-custom-action=\"crossclick\" data-gtm-custom-label=\"Contextuel\" data-gtm-event=\"customEventSPE\">Daphn\u00e9 B\u00fcrki<\/a>\u00a0\u00e9tait l\u2019invit\u00e9e d\u2019Eric Dussart et Jade dans \u00abOn refait la t\u00e9l\u00e9\u00bb.<\/p>\n<p class=\"fig-paragraph\">La directrice Stylisme et Costumes des c\u00e9r\u00e9monies a profit\u00e9 de cette interview pour revenir sur les coulisses et les pol\u00e9miques entourant l\u2019\u00e9v\u00e9nement,\u00a0<a href=\"http:\/\/tvmag.lefigaro.fr\/programme-tv\/actu-tele\/c-etait-pour-toi-en-larmes-l-hommage-de-daphne-buerki-lors-de-la-ceremonie-des-jo-a-son-compagnon-decede-20240727\" target=\"_blank\" data-fig-type=\"Article\" rel=\"noopener\" data-gtm-custom-categorie=\"navigation\" data-gtm-custom-action=\"crossclick\" data-gtm-custom-label=\"Contextuel\" data-gtm-event=\"customEventSPE\" data-fig-domain=\"TVMAG\">le d\u00e9c\u00e8s de son compagnon,<\/a>\u00a0survenu brutalement quelques semaines avant les JO mais \u00e9galement sa participation \u00e0 l\u2019\u00e9mission de France 2,\u00a0<a href=\"https:\/\/www.lefigaro.fr\/tag\/fort-boyard\" target=\"_blank\" rel=\"noopener\" data-gtm-custom-categorie=\"navigation\" data-gtm-custom-action=\"crossclick\" data-gtm-custom-label=\"Contextuel\" data-gtm-event=\"customEventSPE\">\u00abFort Boyard\u00bb<\/a>, en 2020. Et bien que cinq ans soient pass\u00e9s, cette exp\u00e9rience reste traumatisante pour l\u2019animatrice.<\/p>\n<p class=\"fig-body-link\">\n            \u00c0 lire aussi<br \/>\n        <a class=\"fig-body-link__link\" href=\"http:\/\/tvmag.lefigaro.fr\/programme-tv\/actu-tele\/cyril-hanouna-devait-me-produire-daphne-buerki-devoile-les-raisons-de-son-depart-d-europe-1-et-canal-20250119\" target=\"_blank\" data-fig-type=\"Article\" rel=\"noopener\" data-gtm-custom-categorie=\"navigation\" data-gtm-custom-action=\"crossclick\" data-gtm-custom-label=\"Contextuel\" data-gtm-event=\"customEventSPE\" data-fig-domain=\"TVMAG\">\u00abCyril Hanouna devait me produire\u00bb\u00a0: Daphn\u00e9 B\u00fcrki d\u00e9voile les raisons de son d\u00e9part d\u2019Europe 1 et Canal+<br \/>\n    <\/a>\n<\/p>\n<p class=\"fig-paragraph\">\u00abIls m\u2019ont fait un sale coup, a-t-elle soulign\u00e9 face \u00e0 Eric Dussart avant de d\u00e9velopper son propos, parce qu\u2019en fait on remplit un questionnaire quelques jours avant par rapport aux allergies ou aux phobies. Et en fait, ils utilisent ce questionnaire pour au contraire vous plonger dans les ab\u00eemes de vos angoisses.\u00bb En d\u00e9couvrant le pot aux roses, l\u2019animatrice de t\u00e9l\u00e9vision s\u2019est braqu\u00e9e. \u00abMoi, femme de t\u00e9l\u00e9, j\u2019ai pris le temps de leur dire\u00a0: \u201cvous n\u2019aurez pas votre s\u00e9quence, je vous le dis, vous ne l\u2019aurez pas\u201d\u00bb, a-t-elle soutenu \u00e0 la production de l\u2019\u00e9mission.<\/p>\n<p class=\"fig-paragraph\">\u00abJ\u2019ai un probl\u00e8me de vertige qui est somme toute assez r\u00e9cent mais vraiment je leur ai dit que je n\u2019y arriverai pas et que \u00e7a va mal se passer, \u00e7a va \u00eatre tendu, \u00e7a ne va pas \u00eatre sympa comme \u201coh oh oh, je suis sexy en haut d\u2019un m\u00e2t\u201d, Non\u00a0!\u00bb, a-t-elle d\u00e9taill\u00e9 avec vigueur cinq ans plus tard.<\/p>\n<p class=\"fig-paragraph\">Et malgr\u00e9 les tentatives d\u2019encouragement de la production, Daphn\u00e9 B\u00fcrki a fait cette \u00e9preuve \u00e0 contrec\u0153ur. \u00abC\u2019est Passe-Partout qui m\u2019a emmen\u00e9e tant bien que mal, parce que j\u2019\u00e9tais d\u00e9j\u00e0 en larmes, au dernier \u00e9tage. Arriv\u00e9e en haut j\u2019ai pleur\u00e9 pendant \u00e0 peu pr\u00e8s une heure, parce que \u00e7a ne se voit pas au montage. J\u2019\u00e9tais en larmes, et pendant l\u2019heure il y a des gens tr\u00e8s discr\u00e8tement qui viennent te mettre le baudrier mais je ne le voyais pas tellement je pleurais. Ce n\u2019\u00e9tait pas sympa.\u00bb\u00a0<\/p>\n<p class=\"fig-paragraph\">Daphn\u00e9 B\u00fcrki est finalement parvenue \u00e0 s\u2019\u00e9lancer sur la \u00abchaise instable\u00bb suspendue \u00e0 plusieurs m\u00e8tres du sol. \u00abEn r\u00e9alit\u00e9 cette s\u00e9quence a mis deux heures et demie \u00e0 \u00eatre enregistr\u00e9e et une fois que tu arrives au bout, tu n\u2019as plus de force, tu as tes muscles qui sont t\u00e9tanis\u00e9s donc tu sautes comme un chat anesth\u00e9si\u00e9. Mais c\u2019est-\u00e0-dire qu\u2019on te dit\u00a0: \u201cTue-toi\u201d en fait.\u00bb Eric Dussart a alors pris un certain recul face \u00e0 cette d\u00e9claration en soulignant que jamais personne n\u2019\u00e9tait mort lors de l\u2019\u00e9mission. \u00abIl y avait du vent \u00e0 100km\/h, bref j\u2019ai eu tr\u00e8s tr\u00e8s peur. Je n\u2019ai pas march\u00e9 pendant trois jours derri\u00e8re quand m\u00eame.\u00bb<\/p>\n","protected":false},"excerpt":{"rendered":"L\u2019animatrice de t\u00e9l\u00e9vision a d\u00e9voil\u00e9 les coulisses de sa participation \u00e0 l\u2019\u00e9mission de France 2. Et cinq ans&hellip;\n","protected":false},"author":2,"featured_media":195134,"comment_status":"","ping_status":"","sticky":false,"template":"","format":"standard","meta":{"footnotes":""},"categories":[8],"tags":[497,496,499,33384,58,59,1011,27,500,504,505,495,503,502,501,2700,498],"class_list":{"0":"post-195133","1":"post","2":"type-post","3":"status-publish","4":"format-standard","5":"has-post-thumbnail","7":"category-divertissement","8":"tag-actu-tv","9":"tag-actualite-tv","10":"tag-buzz-tv","11":"tag-daphne-burki","12":"tag-divertissement","13":"tag-entertainment","14":"tag-fr","15":"tag-france","16":"tag-medias","17":"tag-news-tele","18":"tag-news-television","19":"tag-news-tv","20":"tag-programme-tele","21":"tag-programme-tv","22":"tag-quiz-tv","23":"tag-rtl","24":"tag-tv-actu"},"share_on_mastodon":{"url":"https:\/\/pubeurope.com\/@fr\/114725376828557816","error":""},"_links":{"self":[{"href":"https:\/\/www.europesays.com\/fr\/wp-json\/wp\/v2\/posts\/195133","targetHints":{"allow":["GET"]}}],"collection":[{"href":"https:\/\/www.europesays.com\/fr\/wp-json\/wp\/v2\/posts"}],"about":[{"href":"https:\/\/www.europesays.com\/fr\/wp-json\/wp\/v2\/types\/post"}],"author":[{"embeddable":true,"href":"https:\/\/www.europesays.com\/fr\/wp-json\/wp\/v2\/users\/2"}],"replies":[{"embeddable":true,"href":"https:\/\/www.europesays.com\/fr\/wp-json\/wp\/v2\/comments?post=195133"}],"version-history":[{"count":0,"href":"https:\/\/www.europesays.com\/fr\/wp-json\/wp\/v2\/posts\/195133\/revisions"}],"wp:featuredmedia":[{"embeddable":true,"href":"https:\/\/www.europesays.com\/fr\/wp-json\/wp\/v2\/media\/195134"}],"wp:attachment":[{"href":"https:\/\/www.europesays.com\/fr\/wp-json\/wp\/v2\/media?parent=195133"}],"wp:term":[{"taxonomy":"category","embeddable":true,"href":"https:\/\/www.europesays.com\/fr\/wp-json\/wp\/v2\/categories?post=195133"},{"taxonomy":"post_tag","embeddable":true,"href":"https:\/\/www.europesays.com\/fr\/wp-json\/wp\/v2\/tags?post=195133"}],"curies":[{"name":"wp","href":"https:\/\/api.w.org\/{rel}","templated":true}]}}