{"id":195138,"date":"2025-06-22T05:33:11","date_gmt":"2025-06-22T05:33:11","guid":{"rendered":"https:\/\/www.europesays.com\/fr\/195138\/"},"modified":"2025-06-22T05:33:11","modified_gmt":"2025-06-22T05:33:11","slug":"liran-avertit-que-les-attaques-americaines-auront-des-consequences-eternelles","status":"publish","type":"post","link":"https:\/\/www.europesays.com\/fr\/195138\/","title":{"rendered":"L\u2019Iran avertit que les attaques am\u00e9ricaines auront des \u00ab\u00a0cons\u00e9quences \u00e9ternelles\u00a0\u00bb\u2026"},"content":{"rendered":"<p>L\u2019Iran avertit que les attaques am\u00e9ricaines auront des \u00ab\u00a0cons\u00e9quences \u00e9ternelles\u00a0\u00bb<\/p>\n<p>Les attaques am\u00e9ricaines contre des sites nucl\u00e9aires en Iran \u00ab\u00a0auront des cons\u00e9quences \u00e9ternelles\u00a0\u00bb, a averti dimanche le ministre iranien des Affaires \u00e9trang\u00e8res.<\/p>\n<p>\u00ab\u00a0Les \u00e9v\u00e9nements de ce matin sont scandaleux et auront des cons\u00e9quences \u00e9ternelles\u00a0\u00bb, a \u00e9crit Abbas Araghchi sur X, d\u00e9non\u00e7ant le \u00ab\u00a0comportement extr\u00eamement dangereux, anarchique et criminel\u00a0\u00bb des Etats-Unis. \u00ab\u00a0L\u2019Iran se r\u00e9serve toutes les options pour d\u00e9fendre sa souverainet\u00e9, ses int\u00e9r\u00eats et son peuple\u00a0\u00bb, a-t-il ajout\u00e9.<\/p>\n<p>L\u2019int\u00e9gralit\u00e9 de l\u2019allocution solennelle de Trump<\/p>\n<p>Donald Trump s\u2019est adress\u00e9 aux Am\u00e9ricains apr\u00e8s les frappes qu\u2019il a ordonn\u00e9es contre des sites nucl\u00e9aires iraniens\u00a0:<\/p>\n<p><img decoding=\"async\" class=\"c-img c-read-also__visual\" alt=\"Guerre Isra\u00ebl-Iran\u00a0: Nucl\u00e9aire, frappes am\u00e9ricaines sur l\u2019Iran\u2026 L\u2019int\u00e9gralit\u00e9 de l\u2019allocution solennelle de Trump\" loading=\"eager\" width=\"110\" height=\"70\"  src=\"https:\/\/img.20mn.fr\/su0zS1BISPufEvYz3pm84yk\/211x0_media\" \/>La promesse de d\u00e9truire le nucl\u00e9aire iranien \u00ab\u00a0a \u00e9t\u00e9 tenue\u00a0\u00bb, affirme Netanyahou<\/p>\n<p> \u00abIl y a peu, en parfaite coordination avec le pr\u00e9sident [am\u00e9ricain Donald] Trump et en parfaite coordination op\u00e9rationnelle entre [les forces isra\u00e9liennes] et l\u2019arm\u00e9e am\u00e9ricaine, les \u00c9tats-Unis ont attaqu\u00e9 les trois installations nucl\u00e9aires iraniennes [de] Fordo, Natanz et Ispahan\u00a0\u00bb, d\u00e9clare ce dimanche le Premier ministre isra\u00e9lien dans un message vid\u00e9o enregistr\u00e9 et diffus\u00e9 par les t\u00e9l\u00e9visions. \u00ab\u00a0Vous vous souvenez que, d\u00e8s le d\u00e9but de [la guerre avec l\u2019Iran d\u00e9clench\u00e9e par Isra\u00ebl le 13\u00a0juin], je vous avais promis que les installations nucl\u00e9aires iraniennes seraient d\u00e9truites d\u2019une mani\u00e8re ou d\u2019une autre\u00a0\u00bb, ajoute-t-il\u00a0: \u00ab\u00a0Cette promesse a \u00e9t\u00e9 tenue\u00a0\u00bb.<\/p>\n<p>L\u2019Iran tente de rassurer les habitants pr\u00e8s du site nucl\u00e9aire de Fordo<\/p>\n<p>Les autorit\u00e9s iraniennes affirment ce dimanche qu\u2019il n\u2019y a \u00ab\u00a0pas de danger\u00a0\u00bb pour la population de Qom et des zones proches du site d\u2019enrichissement d\u2019uranium de Fordo, au sud de T\u00e9h\u00e9ran, vis\u00e9 par une frappe a\u00e9rienne am\u00e9ricaine.<\/p>\n<p>Trump met en garde l\u2019Iran contre toutes \u00ab\u00a0repr\u00e9sailles\u00a0\u00bb<\/p>\n<p>Donald Trump vient de mettre en garde l\u2019Iran contre toutes \u00ab\u00a0repr\u00e9sailles\u00a0\u00bb envers les Etats-Unis apr\u00e8s les frappes de Washington contre les sites nucl\u00e9aires iraniens. Les Etats-Unis r\u00e9pondront \u00ab\u00a0avec une force bien plus grande que ce qui a \u00e9t\u00e9 observ\u00e9 ce soir\u00a0\u00bb, a averti le pr\u00e9sident am\u00e9ricain sur sa plateforme Truth Social.<\/p>\n<p>Le Hamas condamne \u00ab\u00a0l\u2019agression criminelle\u00a0\u00bb des Etats-Unis contre l\u2019Iran<\/p>\n<p>Le Hamas, au pouvoir dans la bande de Gaza, a condamn\u00e9 dimanche l&rsquo;\u00ab\u00a0agression criminelle\u00a0\u00bb des Etats-Unis contre son alli\u00e9 iranien.<\/p>\n<p>\u00ab\u00a0Nous condamnons cette agression criminelle, nous la consid\u00e9rons comme un exemple flagrant de la politique d\u2019imposition de l\u2019h\u00e9g\u00e9monie par la force, une agression bas\u00e9e sur la loi de la jungle, et une violation de toutes les normes et conventions internationales\u00a0\u00bb, a \u00e9crit le mouvement islamiste palestinien sur son compte Telegram, d\u00e9non\u00e7ant \u00e9galement une \u00ab\u00a0dangereuse escalade\u00a0\u00bb.<\/p>\n<p>Trump assure que les installations d\u2019enrichissement nucl\u00e9aire de l\u2019Iran ont \u00e9t\u00e9 \u00ab\u00a0compl\u00e8tement d\u00e9truites\u00a0\u00bb<\/p>\n<p> \u00abLes installations essentielles d\u2019enrichissement nucl\u00e9aire de l\u2019Iran ont \u00e9t\u00e9 int\u00e9gralement et totalement d\u00e9truites. L\u2019Iran le ca\u00efd du Moyen-Orient doit maintenant faire la paix\u00a0\u00bb, a d\u00e9clar\u00e9 le pr\u00e9sident am\u00e9ricain lors d\u2019une d\u00e9claration solennelle samedi soir. \u00ab\u00a0S\u2019ils ne le font pas, les prochaines attaques seront bien plus importantes, et bien plus faciles\u00a0\u00bb, a-t-il ajout\u00e9.<\/p>\n<p>Benyamin Netanyahou f\u00e9licite Donald Trump<\/p>\n<p>Gr\u00e2ce \u00e0 Trump, le Moyen-Orient est \u00e0 un \u00ab\u00a0tournant historique\u00a0\u00bb qui peut mener vers la paix, d\u00e9clare le Premier ministre isra\u00e9lien.<\/p>\n<p>Le chef de l\u2019ONU s\u2019inqui\u00e8te d\u2019une \u00ab\u00a0dangereuse escalade\u00a0\u00bb<\/p>\n<p>Le secr\u00e9taire g\u00e9n\u00e9ral de l\u2019ONU vient de juger que l\u2019attaque par les Etats-Unis de sites nucl\u00e9aires iraniens \u00ab\u00a0mena\u00e7ait\u00a0\u00bb la paix et la s\u00e9curit\u00e9 dans le monde. Il appelle \u00e0 \u00e9viter d\u2019entrer dans \u00ab\u00a0une spirale de chaos\u00a0\u00bb. \u00ab\u00a0C\u2019est une dangereuse escalade dans une r\u00e9gion d\u00e9j\u00e0 sur la corde raide\u00a0\u00bb, affirme Antonio Guterres.<\/p>\n<p>Des bombardiers B-2 en mission<\/p>\n<p> \u00abF\u00e9licitations \u00e0 nos grands guerriers am\u00e9ricains. Il n\u2019y a pas d\u2019autre arm\u00e9e au monde qui aurait pu faire cela. MAINTENANT L\u2019HEURE DE LA PAIX A SONNE\u00a0!\u00a0\u00bb, a d\u00e9clar\u00e9 Donald Trump apr\u00e8s l\u2019attaque am\u00e9ricaine contre l\u2019Iran.<\/p>\n<p>Il n\u2019a par contre pas pr\u00e9cis\u00e9 quel type d\u2019avions ou de munitions am\u00e9ricains \u00e9taient impliqu\u00e9s. Des avions bombardiers B-2 ont d\u00e9coll\u00e9 d\u2019une base aux Etats-Unis en direction de l\u2019Ouest, au-dessus du Pacifique, ont rapport\u00e9 samedi le New York Times et des sites de suivi de vols. Ces bombardiers strat\u00e9giques furtifs sont seuls capables de transporter des puissantes bombes anti-bunker de type GBU-57. Cette ogive de 13 tonnes peut s\u2019enfoncer \u00e0 des dizaines de m\u00e8tres de profondeur avant d\u2019exploser.<\/p>\n<p><img decoding=\"async\" class=\"c-img c-read-also__visual\" alt=\"Guerre Isra\u00ebl-Iran\u00a0: Qu\u2019est-ce que la bombe GBU-57, seule capable de r\u00e9ellement d\u00e9truire les installations nucl\u00e9aires\u00a0?\" loading=\"eager\" width=\"110\" height=\"70\"  src=\"https:\/\/img.20mn.fr\/NQ7As4T-Q5KEGyP6ktvrqik\/211x0_media\" \/>Les Etats-Unis ont men\u00e9 une attaque sur trois sites nucl\u00e9aires iraniens<\/p>\n<p>Les Etats-Unis ont men\u00e9 une attaque \u00ab\u00a0tr\u00e8s r\u00e9ussie sur les trois sites nucl\u00e9aires en Iran, notamment Fordo, Natanz et Ispahan\u00a0\u00bb, a annonc\u00e9 samedi le pr\u00e9sident am\u00e9ricain. \u00ab\u00a0Une pleine charge de bombes a \u00e9t\u00e9 largu\u00e9e sur le site principal, Fordo\u00a0\u00bb au sud de T\u00e9h\u00e9ran, a poursuivi Donald Trump qui a pr\u00e9sid\u00e9 samedi en fin d\u2019apr\u00e8s-midi \u00e0 la Maison-Blanche un conseil de s\u00e9curit\u00e9. Il a par ailleurs indiqu\u00e9 que tous les avions ayant particip\u00e9 \u00e0 l\u2019attaque \u00e9taient \u00ab\u00a0d\u00e9sormais hors de l\u2019espace a\u00e9rien iranien\u00a0\u00bb.<\/p>\n<p>Bienvenue dans ce nouveau Live<\/p>\n<p>Bonjour \u00e0 toutes et \u00e0 tous. La r\u00e9daction de 20 Minutes est une nouvelle fois mobilis\u00e9e pour vous donner l\u2019ensemble des informations sur la guerre entre Isra\u00ebl et l\u2019Iran.<\/p>\n<p>Dans la nuit de samedi \u00e0 ce dimanche, le conflit a pris une nouvelle tournure avec l\u2019implication directe des Etats-Unis. Donald Trump, qui avait assur\u00e9 que l\u2019Iran ne pouvait en aucun cas disposer de l\u2019arme nucl\u00e9aire, avait dit vendredi donner au \u00ab\u00a0maximum\u00a0\u00bb deux semaines \u00e0 T\u00e9h\u00e9ran pour \u00e9viter d\u2019\u00e9ventuelles frappes am\u00e9ricaines. Mais il a finalement d\u00e9cid\u00e9 d\u2019aller de l\u2019avant aux c\u00f4t\u00e9s de son alli\u00e9 isra\u00e9lien.<\/p>\n","protected":false},"excerpt":{"rendered":"L\u2019Iran avertit que les attaques am\u00e9ricaines auront des \u00ab\u00a0cons\u00e9quences \u00e9ternelles\u00a0\u00bb Les attaques am\u00e9ricaines contre des sites nucl\u00e9aires en&hellip;\n","protected":false},"author":2,"featured_media":195139,"comment_status":"","ping_status":"","sticky":false,"template":"","format":"standard","meta":{"footnotes":""},"categories":[5],"tags":[47,11,952,75,73,1011,27,32810,14,3019,664,74,12,3020,10458,133,28],"class_list":{"0":"post-195138","1":"post","2":"type-post","3":"status-publish","4":"format-standard","5":"has-post-thumbnail","7":"category-international","8":"tag-actualite","9":"tag-actualites","10":"tag-benyamin-netanyahou","11":"tag-donald-trump","12":"tag-etats-unis","13":"tag-fr","14":"tag-france","15":"tag-guerre-israeliran","16":"tag-international","17":"tag-iran","18":"tag-israel","19":"tag-monde","20":"tag-news","21":"tag-nucleaire-iranien","22":"tag-programme-nucleaire-iranien","23":"tag-video","24":"tag-world"},"share_on_mastodon":{"url":"https:\/\/pubeurope.com\/@fr\/114725388638249613","error":""},"_links":{"self":[{"href":"https:\/\/www.europesays.com\/fr\/wp-json\/wp\/v2\/posts\/195138","targetHints":{"allow":["GET"]}}],"collection":[{"href":"https:\/\/www.europesays.com\/fr\/wp-json\/wp\/v2\/posts"}],"about":[{"href":"https:\/\/www.europesays.com\/fr\/wp-json\/wp\/v2\/types\/post"}],"author":[{"embeddable":true,"href":"https:\/\/www.europesays.com\/fr\/wp-json\/wp\/v2\/users\/2"}],"replies":[{"embeddable":true,"href":"https:\/\/www.europesays.com\/fr\/wp-json\/wp\/v2\/comments?post=195138"}],"version-history":[{"count":0,"href":"https:\/\/www.europesays.com\/fr\/wp-json\/wp\/v2\/posts\/195138\/revisions"}],"wp:featuredmedia":[{"embeddable":true,"href":"https:\/\/www.europesays.com\/fr\/wp-json\/wp\/v2\/media\/195139"}],"wp:attachment":[{"href":"https:\/\/www.europesays.com\/fr\/wp-json\/wp\/v2\/media?parent=195138"}],"wp:term":[{"taxonomy":"category","embeddable":true,"href":"https:\/\/www.europesays.com\/fr\/wp-json\/wp\/v2\/categories?post=195138"},{"taxonomy":"post_tag","embeddable":true,"href":"https:\/\/www.europesays.com\/fr\/wp-json\/wp\/v2\/tags?post=195138"}],"curies":[{"name":"wp","href":"https:\/\/api.w.org\/{rel}","templated":true}]}}