{"id":19514,"date":"2025-04-12T09:23:24","date_gmt":"2025-04-12T09:23:24","guid":{"rendered":"https:\/\/www.europesays.com\/fr\/19514\/"},"modified":"2025-04-12T09:23:24","modified_gmt":"2025-04-12T09:23:24","slug":"le-couple-grand-ducal-a-strasbourg-pour-defendre-la-paix-et-les-droits-de-lhomme-aupres-du-conseil-de-leurope","status":"publish","type":"post","link":"https:\/\/www.europesays.com\/fr\/19514\/","title":{"rendered":"Le couple grand-ducal \u00e0 Strasbourg pour d\u00e9fendre la paix et les droits de l&rsquo;homme aupr\u00e8s du Conseil de l&rsquo;Europe"},"content":{"rendered":"<p>Le grand-duc Henri de Luxembourg s\u2019est adress\u00e9 \u00e0 l\u2019Assembl\u00e9e parlementaire du Conseil de l\u2019Europe lors d\u2019une visite \u00e0 Strasbourg. La grande-duchesse Maria Teresa, qui accompagnait son \u00e9poux, a elle aussi profit\u00e9 de cette journ\u00e9e qui c\u00e9l\u00e9brait la paix et les droits de l\u2019homme pour participer \u00e0 un \u00e9v\u00e9nement en lien avec ses combats. En soir\u00e9e, le couple grand-ducal a assist\u00e9 \u00e0 un concert au Palais de la musique et des congr\u00e8s de Strasbourg.<\/p>\n<p><strong>Lire aussi : <a href=\"https:\/\/histoiresroyales.fr\/henri-maria-teresa-de-luxembourg-accompagnent-couple-presidentiel-singapourien-deuxieme-journee-grand-duche\/\" target=\"_blank\" rel=\"noopener\">Henri et Maria Teresa de Luxembourg accompagnent le couple pr\u00e9sidentiel singapourien lors de sa deuxi\u00e8me journ\u00e9e au Grand-Duch\u00e9<\/a><\/strong><\/p>\n<p>Le grand-duc Henri de Luxembourg s\u2019adresse \u00e0 l\u2019Assembl\u00e9e parlementaire du Conseil de l\u2019Europe<\/p>\n<p>Le grand-duc Henri, 69 ans, et la <a href=\"https:\/\/histoiresroyales.fr\/famille-grand-ducale-luxembourgeoise\/maria-teresa-luxembourg\/\" target=\"_blank\" rel=\"noopener\">grande-duchesse Maria Teresa de Luxembourg<\/a>, 69 ans, ont effectu\u00e9 une visite \u00e0 Strasbourg ce mercredi 9 avril 2025. Les souverains luxembourgeois marquaient la fin de la pr\u00e9sidence luxembourgeoise du Comit\u00e9 des ministres du Conseil de l\u2019Europe. Le Conseil de l\u2019Europe est une organisation \u00e0 laquelle adh\u00e8rent 46 pays membres et ne doit pas \u00eatre confondu avec le Conseil de l\u2019Union europ\u00e9enne, qui elle est une institution pour les 27 pays membres de l\u2019UE.<\/p>\n<p><img fetchpriority=\"high\" decoding=\"async\" width=\"1400\" height=\"934\" src=\"https:\/\/www.europesays.com\/fr\/wp-content\/uploads\/2025\/04\/couple-grand-ducal-strasbourg-conseil-de-leurope.jpg\" alt=\"\" class=\"wp-image-148694 lazyload\" data-  \/>Le grand-duc Henri et la grande-duchesse Maria Teresa en visite aupr\u00e8s du Conseil de l\u2019Europe \u00e0 Strasbourg ce 9 avril 2025 (Photo : Maison du Grand-Duc \/ PANCAKE! Photographie)<\/p>\n<p><strong>Lire aussi : <a href=\"https:\/\/histoiresroyales.fr\/grande-duchesse-maria-teresa-centre-jeu-de-role-politique-etudiants-mec\/\" target=\"_blank\" rel=\"noopener\">La grande-duchesse Maria Teresa au centre du jeu de r\u00f4le politique du Model European Council<\/a><\/strong><\/p>\n<p>Le Conseil de l\u2019Europe fonctionne avec deux organes, un Conseil des ministres et une Assembl\u00e9e parlementaire. Le Conseil des ministres r\u00e9unit les ministres des Affaires \u00e9trang\u00e8res des 46 pays membres. Xavier Bettel, ministre luxembourgeois des Affaires \u00e9trang\u00e8res, \u00e9tait pr\u00e9sent lors de cette s\u00e9ance au Conseil des ministres de ce 9 avril. La pr\u00e9sidence de ce conseil est tournante, avec un pays qui assure la pr\u00e9sidence tous les six mois. La pr\u00e9sidence luxembourgeoise touche \u00e0 sa fin et le souverain luxembourgeois a profit\u00e9 de cette occasion pour s\u2019adresser au Conseil de l\u2019Europe \u00e0 Strasbourg. <\/p>\n<p><img loading=\"lazy\" decoding=\"async\" width=\"1300\" height=\"867\" src=\"https:\/\/www.europesays.com\/fr\/wp-content\/uploads\/2025\/04\/discours-grand-duc-henri-de-luxembourg-conseil-de-leurope.jpg\" alt=\"\" class=\"wp-image-148695 lazyload\" data-  \/>Le grand-duc Henri s\u2019adresse \u00e0 l\u2019assembl\u00e9e (Photo : Maison du Grand-Duc \/ PANCAKE! Photographie)<\/p>\n<p>\u00ab\u00a0Les d\u00e9sastres de la premi\u00e8re moiti\u00e9 du 20e si\u00e8cle nous ont conduits \u00e0 la cr\u00e9ation des structures internationales des Nations Unies, du Conseil de l\u2019Europe et de l\u2019Union europ\u00e9enne afin de pr\u00e9server la paix et la s\u00e9curit\u00e9 internationale, \u00e0 promouvoir le progr\u00e8s social et \u00e0 d\u00e9fendre les droits de l\u2019homme \u00bb, a d\u00e9clar\u00e9 le grand-duc Henri. \u00ab Ensemble, avec des institutions telles que le Conseil de l\u2019Europe, nous r\u00e9ussirons \u00e0 surmonter les obstacles. Sans renier ni perdre nos valeurs qui font notre force.\u00a0\u00bb<\/p>\n<p><img loading=\"lazy\" decoding=\"async\" width=\"1300\" height=\"867\" src=\"https:\/\/www.europesays.com\/fr\/wp-content\/uploads\/2025\/04\/assemblee-parlementaire-conseil-de-leurope.jpg\" alt=\"\" class=\"wp-image-148691 lazyload\" data-  \/>Le Luxembourg a assur\u00e9 la pr\u00e9sidence du Comit\u00e9 des ministres du Conseil de l\u2019Europe pendant six mois (Photo : Maison du Grand-Duc \/ PANCAKE! Photographie)<\/p>\n<blockquote class=\"instagram-media\" data-instgrm-permalink=\"https:\/\/www.instagram.com\/reel\/DIQYwsyCXx4\/?utm_source=ig_embed&amp;utm_campaign=loading\" data-instgrm-version=\"14\" style=\" background:#FFF; border:0; border-radius:3px; box-shadow:0 0 1px 0 rgba(0,0,0,0.5),0 1px 10px 0 rgba(0,0,0,0.15); margin: 1px; max-width:540px; min-width:326px; padding:0; width:99.375%; width:-webkit-calc(100% - 2px); width:calc(100% - 2px);\"\/>\n<p><strong>Lire aussi : <a href=\"https:\/\/histoiresroyales.fr\/nouveaux-portraits-de-la-grande-duchesse-maria-teresa-avec-ses-saphirs-pour-son-69e-anniversaire\/\" target=\"_blank\" rel=\"noopener\">Nouveaux portraits de la grande-duchesse Maria Teresa avec ses saphirs pour son 69e anniversaire<\/a><\/strong><\/p>\n<p>La grande-duchesse Maria Teresa rejoint le groupe Women@PACE<\/p>\n<p>Lors de cette journ\u00e9e mettant \u00e0 l\u2019honneur la paix et les droits de l\u2019homme, la grande-duchesse Maria Teresa a \u00e9galement assist\u00e9 \u00e0 un \u00e9v\u00e9nement en lien avec ses combats contre les violences. La grande-duchesse Maria Teresa a pris la parole lors d\u2019un \u00e9v\u00e9nement organis\u00e9 par \u00ab\u00a0Women@PACE \u00bb, qui est le groupe ouvert \u00e0 toutes les femmes membres de l\u2019Assembl\u00e9e parlementaire du Conseil de l\u2019Europe, soit environ 250 femmes. Le groupe est informel et apolitique et souhaite canaliser les initiatives des femmes, lancer des d\u00e9bats, se concerter et mieux se coordonner. L\u2019\u00e9v\u00e9nement auquel participait la grande-duchesse de Luxembourg portait sur la th\u00e9matique de \u00ab\u00a0la violence structurelle fond\u00e9e sur le genre\u00a0\u00bb.\u00a0<\/p>\n<p><img loading=\"lazy\" decoding=\"async\" width=\"1300\" height=\"867\" src=\"https:\/\/www.europesays.com\/fr\/wp-content\/uploads\/2025\/04\/grande-duchesse-maria-teresa-de-luxembourg-women-pace-conseil-de-leurope.jpg\" alt=\"\" class=\"wp-image-148696 lazyload\" data-  \/>La grande-duchesse Maria Teresa parmi les femmes de l\u2019Assembl\u00e9e parlementaire du Conseil de l\u2019Europe (Photo : Maison du Grand-Duc \/ PANCAKE! Photographie)<\/p>\n<p><img loading=\"lazy\" decoding=\"async\" width=\"1300\" height=\"867\" src=\"https:\/\/www.europesays.com\/fr\/wp-content\/uploads\/2025\/04\/women-pace-grande-duchesse-maria-teresa.jpg\" alt=\"\" class=\"wp-image-148700 lazyload\" data-  \/>La grande-duchesse Maria Teresa discute de sujets qui lui sont chers lors de cet \u00e9v\u00e9nement sur la violence structurelle fond\u00e9e sur le genre (Photo : Maison du Grand-Duc \/ PANCAKE! Photographie)<\/p>\n<p>Au m\u00eame moment, le grand-duc Henri participait de son c\u00f4t\u00e9 au lancement du film \u00ab\u00a0Papa-Tata \u00bb, co-r\u00e9alis\u00e9 par Lina Vdov\u00eei et Radu Ciorniciu. Ce film vient d\u2019obtenir le prix Droits humains en actions d\u00e9cern\u00e9 par le Conseil de l\u2019Europe. L\u2019histoire de ce documentaire est celle d\u2019une journaliste que son p\u00e8re violent est victime d\u2019exploitation au travail. Elle accepte alors de l\u2019aider \u00e0 d\u00e9noncer l\u2019injustice et recouvrer ses droits.<\/p>\n<p><img loading=\"lazy\" decoding=\"async\" width=\"1300\" height=\"867\" src=\"https:\/\/www.europesays.com\/fr\/wp-content\/uploads\/2025\/04\/reunion-xavier-bettel-strasbourg-couple-grand-ducal.jpg\" alt=\"\" class=\"wp-image-148699 lazyload\" data-  \/>Xavier Bettel, le couple grand-ducal et Theodoros Rousopoulos en discussion (Photo : Maison du Grand-Duc \/ PANCAKE! Photographie)<\/p>\n<p><img loading=\"lazy\" decoding=\"async\" width=\"1300\" height=\"867\" src=\"https:\/\/www.europesays.com\/fr\/wp-content\/uploads\/2025\/04\/reunion-maria-teresa-grand-duc-henri-assemblee-parlementaire-conseil-de-leurope.jpg\" alt=\"\" class=\"wp-image-148698 lazyload\" data-  \/>Les souverains luxembourgeois \u00e9changent avec Alain Berset(Photo : Maison du Grand-Duc \/ PANCAKE! Photographie)<\/p>\n<p>Lors de cette visite, le grand-duc Henri et la grande-duchesse Maria Teresa ont pu \u00e9changer \u00e0 propos de sujets d\u2019actualit\u00e9 et de l\u2019\u00c9tat de droit avec le pr\u00e9sident de l\u2019Assembl\u00e9e parlementaire du Conseil de l\u2019Europe, Theodoros Rousopoulos, le directeur g\u00e9n\u00e9ral du Conseil de l\u2019Europe, Alain Berset, et le pr\u00e9sident de la r\u00e9gion Grand-Est, Frank Leroy.<\/p>\n<p><img loading=\"lazy\" decoding=\"async\" width=\"1300\" height=\"867\" src=\"https:\/\/www.europesays.com\/fr\/wp-content\/uploads\/2025\/04\/concert-strasbourg-conseil-de-leurope-grande-duchesse-maria-teresa.jpg\" alt=\"\" class=\"wp-image-148692 lazyload\" data-  \/>Le gran-duc Henri et la grande-duchesse Maria Teresa au Palais de la musiquet des congr\u00e8s de Strasbourg (Photo : Maison du Grand-Duc)<\/p>\n<p><img loading=\"lazy\" decoding=\"async\" width=\"1300\" height=\"867\" src=\"https:\/\/www.europesays.com\/fr\/wp-content\/uploads\/2025\/04\/couple-grand-ducal-conseil-deleurope-strasboug-concert.jpg\" alt=\"\" class=\"wp-image-148693 lazyload\" data-  \/>Le couple grand-ducal avant le concert du Philharmonie Luxembourg, entre \u00c9ric Thill et Theodoros Rousopoulos (Photo : Maison du Grand-Duc)<\/p>\n<p>Cette journ\u00e9e \u00e0 Strasbourg s\u2019est termin\u00e9e au Palais de la musique et des congr\u00e8s, o\u00f9 les musiciens du Philharmonie Luxembourg avaient fait le d\u00e9placement. Le ministre luxembourgeois de la Culture, Eric Thill, accompagnait les souverains lors de ce dernier \u00e9v\u00e9nement mettant les talents luxembourgeois \u00e0 l\u2019honneur.<\/p>\n<p>\t\t\t\t<img loading=\"lazy\" alt=\"Avatar photo\" src=\"https:\/\/www.europesays.com\/fr\/wp-content\/uploads\/2025\/04\/1516945716303-164x164.jpeg\"  class=\"avatar avatar-164 photo lazyload\" height=\"164\" width=\"164\" decoding=\"async\"\/><br \/>\n\t\t<a href=\"https:\/\/histoiresroyales.fr\/author\/royaliste123\/\" target=\"_blank\" rel=\"noopener\">Nicolas Fontaine<\/a><br \/>\n\t\t\t\t\tR\u00e9dacteur en chef<\/p>\n<p>Nicolas Fontaine a \u00e9t\u00e9 concepteur-r\u00e9dacteur et auteur pour de nombreuses marques et m\u00e9dias belges et fran\u00e7ais. Sp\u00e9cialiste de l&rsquo;actualit\u00e9 des familles royales, Nicolas a fond\u00e9 le site Histoires royales dont il est le r\u00e9dacteur en chef.&#13;<br \/>\n&#13;<br \/>\nnicolas@histoiresroyales.fr<\/p>\n<p>\t\t\t\t\t\t\t<a href=\"https:\/\/twitter.com\/ActusRoyales\" class=\"boxed-icon fill twitter\" target=\"_blank\" rel=\"noopener\"><\/a><br \/>\n\t\t\t\t\t\t\t\t\t<a href=\"https:\/\/www.instagram.com\/histoiresroyales.fr\/\" class=\"boxed-icon fill instagram\" target=\"_blank\" rel=\"noopener\"><\/a><\/p>\n<p>\t\t\t\t\t\t\t\t\t\t\t\t\t<script async src=\"https:\/\/platform.twitter.com\/widgets.js\" charset=\"utf-8\"><\/script><script async src=\"\/\/www.instagram.com\/embed.js\"><\/script><\/p>\n","protected":false},"excerpt":{"rendered":"Le grand-duc Henri de Luxembourg s\u2019est adress\u00e9 \u00e0 l\u2019Assembl\u00e9e parlementaire du Conseil de l\u2019Europe lors d\u2019une visite \u00e0&hellip;\n","protected":false},"author":2,"featured_media":19515,"comment_status":"","ping_status":"","sticky":false,"template":"","format":"standard","meta":{"footnotes":""},"categories":[2820],"tags":[1111,11,7577,1777,674,1011,27,775,7578,7579,7580,12,25,640],"class_list":{"0":"post-19514","1":"post","2":"type-post","3":"status-publish","4":"format-standard","5":"has-post-thumbnail","7":"category-strasbourg","8":"tag-actu","9":"tag-actualites","10":"tag-conseil-de-leurope","11":"tag-eu","12":"tag-europe","13":"tag-fr","14":"tag-france","15":"tag-grand-est","16":"tag-grand-duc-henri-de-luxembourg","17":"tag-institutions-europu00e9ennes","18":"tag-maria-teresa-de-luxembourg","19":"tag-news","20":"tag-republique-francaise","21":"tag-strasbourg"},"share_on_mastodon":{"url":"https:\/\/pubeurope.com\/@fr\/114324268879978491","error":""},"_links":{"self":[{"href":"https:\/\/www.europesays.com\/fr\/wp-json\/wp\/v2\/posts\/19514","targetHints":{"allow":["GET"]}}],"collection":[{"href":"https:\/\/www.europesays.com\/fr\/wp-json\/wp\/v2\/posts"}],"about":[{"href":"https:\/\/www.europesays.com\/fr\/wp-json\/wp\/v2\/types\/post"}],"author":[{"embeddable":true,"href":"https:\/\/www.europesays.com\/fr\/wp-json\/wp\/v2\/users\/2"}],"replies":[{"embeddable":true,"href":"https:\/\/www.europesays.com\/fr\/wp-json\/wp\/v2\/comments?post=19514"}],"version-history":[{"count":0,"href":"https:\/\/www.europesays.com\/fr\/wp-json\/wp\/v2\/posts\/19514\/revisions"}],"wp:featuredmedia":[{"embeddable":true,"href":"https:\/\/www.europesays.com\/fr\/wp-json\/wp\/v2\/media\/19515"}],"wp:attachment":[{"href":"https:\/\/www.europesays.com\/fr\/wp-json\/wp\/v2\/media?parent=19514"}],"wp:term":[{"taxonomy":"category","embeddable":true,"href":"https:\/\/www.europesays.com\/fr\/wp-json\/wp\/v2\/categories?post=19514"},{"taxonomy":"post_tag","embeddable":true,"href":"https:\/\/www.europesays.com\/fr\/wp-json\/wp\/v2\/tags?post=19514"}],"curies":[{"name":"wp","href":"https:\/\/api.w.org\/{rel}","templated":true}]}}