{"id":195140,"date":"2025-06-22T05:34:16","date_gmt":"2025-06-22T05:34:16","guid":{"rendered":"https:\/\/www.europesays.com\/fr\/195140\/"},"modified":"2025-06-22T05:34:16","modified_gmt":"2025-06-22T05:34:16","slug":"un-faux-mariage-organise-entre-un-homme-et-une-fillette-de-9-ans-quatre-personnes-interpellees","status":"publish","type":"post","link":"https:\/\/www.europesays.com\/fr\/195140\/","title":{"rendered":"un faux mariage organis\u00e9 entre un homme et une fillette de 9 ans, quatre personnes interpell\u00e9es"},"content":{"rendered":"<p class=\"article-p mdl\">La sc\u00e8ne est loin d&rsquo;\u00eatre un conte de f\u00e9es. Ce samedi 21 juin, un homme a tent\u00e9 de privatiser le parc\u00a0<a class=\"link\" href=\"https:\/\/www.rtl.fr\/actu\/economie-consommation\/enquete-disneyland-paris-parc-asterix-comment-les-parcs-d-attractions-tentent-de-se-renouveler-cette-saison-7900491509\" title=\"Disneyland Paris, Parc Ast\u00e9rix : comment les parcs d&#039;attractions tentent de se renouveler\" target=\"_blank\" rel=\"noopener\">Disneyland Paris<\/a>\u00a0pour organiser <strong>une f\u00eate de mariage avec une enfant<\/strong>.\u00a0<\/p>\n<p class=\"article-p mdl\">Le riche client avait fait appel \u00e0 une agence pour recruter pr\u00e8s de <strong>80 figurants<\/strong> pour une r\u00e9p\u00e9tition film\u00e9e mais les salari\u00e9s se sont aper\u00e7us \u00e0 l&rsquo;arriv\u00e9e de la mari\u00e9e que l&rsquo;homme qui avait fait cette demande comptait se marier avec une <strong>fillette \u00e2g\u00e9e de 9 ans<\/strong>.\u00a0<\/p>\n<p class=\"article-p mdl\">\u00ab\u00a0L\u2019\u00e9v\u00e8nement s\u2019est av\u00e9r\u00e9 \u00eatre une mise en sc\u00e8ne, les convives \u00e9tant eux-m\u00eames des figurants\u00a0\u00bb, a pr\u00e9cis\u00e9 dans un communiqu\u00e9 le procureur de la R\u00e9publique adjoint, Alexandre Verney.<\/p>\n<p class=\"article-p mdl\"><strong>Quatre personnes ont \u00e9t\u00e9 interpell\u00e9es<\/strong> et plac\u00e9es en garde \u00e0 vue, et l&rsquo;audition de deux d&rsquo;entre elles a \u00e9t\u00e9 prolong\u00e9e samedi soir, suspect\u00e9es d<strong>&lsquo;<\/strong><a class=\"link\" href=\"https:\/\/www.rtl.fr\/actu\/sciences-tech\/l-arnaque-au-faux-conseiller-bancaire-evolue-attention-a-cette-nouvelle-escroquerie-a-la-carte-bancaire-7900507983\" title=\"L&#039;arnaque au faux conseiller bancaire \u00e9volue : attention \u00e0 cette nouvelle escroquerie \u00e0 la carte bancaire\" target=\"_blank\" rel=\"noopener\">escroquerie<\/a><strong>\u00a0et de blanchiment<\/strong>: le dit \u00ab\u00a0mari\u00e9\u00a0\u00bb suppos\u00e9 \u00e0 l&rsquo;origine de l&rsquo;\u00e9v\u00e8nement, 22 ans et \u00ab\u00a0pr\u00e9sum\u00e9 britannique\u00a0\u00bb, et une femme de 24 ans, de nationalit\u00e9 lettone.<\/p>\n<p class=\"article-p mdl\">En revanche, les gardes \u00e0 vue ont \u00e9t\u00e9 lev\u00e9es pour la m\u00e8re de la fillette, une femme de 41 ans de nationalit\u00e9 ukrainienne, et celle d&rsquo;un homme de 55 ans, de nationalit\u00e9 lettone.<\/p>\n<p class=\"article-p mdl\">Les investigations, dont l\u2019<strong>examen m\u00e9dical de la mineure<\/strong>, de nationalit\u00e9 ukrainienne, ont permis de constater que \u00ab\u00a0celle-ci n\u2019avait subi aucune violence ni aucun acte contraint\u00a0\u00bb, a indiqu\u00e9 le parquet.<\/p>\n<p>    La r\u00e9daction vous recommande<\/p>\n<p class=\"s-newsletter__title\">\n                L\u2019actualit\u00e9 par la r\u00e9daction de RTL dans votre bo\u00eete mail.\n            <\/p>\n<p class=\"s-newsletter__subtitle\">\n                Gr\u00e2ce \u00e0 votre compte RTL abonnez-vous \u00e0 la newsletter RTL info pour suivre toute l&rsquo;actualit\u00e9 au quotidien\n            <\/p>\n<p>\n                                    Lire la suite\n                                <\/p>\n","protected":false},"excerpt":{"rendered":"La sc\u00e8ne est loin d&rsquo;\u00eatre un conte de f\u00e9es. Ce samedi 21 juin, un homme a tent\u00e9 de&hellip;\n","protected":false},"author":2,"featured_media":195141,"comment_status":"","ping_status":"","sticky":false,"template":"","format":"standard","meta":{"footnotes":""},"categories":[4],"tags":[11,520,118,107,1011,27,303,1930,12,1072,25],"class_list":{"0":"post-195140","1":"post","2":"type-post","3":"status-publish","4":"format-standard","5":"has-post-thumbnail","7":"category-france","8":"tag-actualites","9":"tag-disney","10":"tag-faits-divers","11":"tag-fil-info","12":"tag-fr","13":"tag-france","14":"tag-justice","15":"tag-mariage","16":"tag-news","17":"tag-police","18":"tag-republique-francaise"},"share_on_mastodon":{"url":"https:\/\/pubeurope.com\/@fr\/114725392804481756","error":""},"_links":{"self":[{"href":"https:\/\/www.europesays.com\/fr\/wp-json\/wp\/v2\/posts\/195140","targetHints":{"allow":["GET"]}}],"collection":[{"href":"https:\/\/www.europesays.com\/fr\/wp-json\/wp\/v2\/posts"}],"about":[{"href":"https:\/\/www.europesays.com\/fr\/wp-json\/wp\/v2\/types\/post"}],"author":[{"embeddable":true,"href":"https:\/\/www.europesays.com\/fr\/wp-json\/wp\/v2\/users\/2"}],"replies":[{"embeddable":true,"href":"https:\/\/www.europesays.com\/fr\/wp-json\/wp\/v2\/comments?post=195140"}],"version-history":[{"count":0,"href":"https:\/\/www.europesays.com\/fr\/wp-json\/wp\/v2\/posts\/195140\/revisions"}],"wp:featuredmedia":[{"embeddable":true,"href":"https:\/\/www.europesays.com\/fr\/wp-json\/wp\/v2\/media\/195141"}],"wp:attachment":[{"href":"https:\/\/www.europesays.com\/fr\/wp-json\/wp\/v2\/media?parent=195140"}],"wp:term":[{"taxonomy":"category","embeddable":true,"href":"https:\/\/www.europesays.com\/fr\/wp-json\/wp\/v2\/categories?post=195140"},{"taxonomy":"post_tag","embeddable":true,"href":"https:\/\/www.europesays.com\/fr\/wp-json\/wp\/v2\/tags?post=195140"}],"curies":[{"name":"wp","href":"https:\/\/api.w.org\/{rel}","templated":true}]}}