{"id":195152,"date":"2025-06-22T05:42:11","date_gmt":"2025-06-22T05:42:11","guid":{"rendered":"https:\/\/www.europesays.com\/fr\/195152\/"},"modified":"2025-06-22T05:42:11","modified_gmt":"2025-06-22T05:42:11","slug":"lacceleration-du-champion-lamothe-casque-dor-les-coups-de-coeur-et-coups-de-griffe-de-notre-envoye-special","status":"publish","type":"post","link":"https:\/\/www.europesays.com\/fr\/195152\/","title":{"rendered":"l\u2019acc\u00e9l\u00e9ration du champion, Lamothe casque d\u2019or&#8230; Les coups de c\u0153ur et coups de griffe de notre envoy\u00e9 sp\u00e9cial"},"content":{"rendered":"<p>Apr\u00e8s la qualification des Bordelais pour la finale du Top 14, d\u00e9couvrez ce qui a retenu l\u2019attention de notre journaliste pr\u00e9sent au Groupama Stadium.<\/p>\n<p class=\"fig-paragraph\"><strong>COUPS DE C\u0152UR<\/strong><\/p>\n<p>L\u2019insatiable app\u00e9tit de l\u2019UBB<\/p>\n<p class=\"fig-paragraph\">Au coude \u00e0 coude avec Toulon,\u00a0<a href=\"http:\/\/www.lefigaro.fr\/sports\/rugby\/top-14\/top-14-bordeaux-begles-ecrase-toulon-et-retrouvera-toulouse-en-finale-20250621\" data-fig-type=\"NewsFlash\" data-gtm-custom-categorie=\"navigation\" data-gtm-custom-action=\"crossclick\" data-gtm-custom-label=\"Contextuel\" data-gtm-event=\"customEventSPE\" data-fig-domain=\"LEFIGARO\" target=\"_blank\" rel=\"noopener\">Bordeaux-B\u00e8gles a plac\u00e9 une acc\u00e9l\u00e9ration fatale<\/a>\u00a0au retour des vestiaires qui a fait compl\u00e8tement d\u00e9railler son adversaire. M\u00eame priv\u00e9e de sa machine \u00e0 marquer\u00a0<a href=\"http:\/\/www.lefigaro.fr\/sports\/rugby\/rugby-bielle-biarrey-designe-joueur-de-l-annee-par-la-presse-britannique-20250522\" data-fig-type=\"NewsFlash\" data-gtm-custom-categorie=\"navigation\" data-gtm-custom-action=\"crossclick\" data-gtm-custom-label=\"Contextuel\" data-gtm-event=\"customEventSPE\" data-fig-domain=\"LEFIGARO\" target=\"_blank\" rel=\"noopener\">Louis Bielle-Biarrey<\/a>, l\u2019UBB dispose d\u2019une force de frappe offensive sans \u00e9quivalent en Top 14. Toulon en a fait les frais dans cette deuxi\u00e8me demi-finale et l\u2019\u00e9quipe de Yannick Bru s\u2019est qualifi\u00e9e, avec mani\u00e8re et efficacit\u00e9, pour sa deuxi\u00e8me finale de championnat cons\u00e9cutive. Les retrouvailles avec Toulouse, pour ce qui est devenu le nouveau Classique du rugby fran\u00e7ais, font saliver. Jalibert et sa troupe viseront un doubl\u00e9 que Ntamack et les siens ont r\u00e9alis\u00e9 l\u2019an dernier. Une rivalit\u00e9 qui \u00e9lectrise tout le rugby fran\u00e7ais.<\/p>\n<p class=\"fig-body-link\">\n            \u00c0 lire aussi<br \/>\n        <a class=\"fig-body-link__link\" href=\"http:\/\/www.lefigaro.fr\/sports\/rugby\/top-14\/top-14-bielle-biarrey-ubb-pas-certain-d-etre-retabli-a-temps-pour-la-finale-20250621\" data-fig-type=\"NewsFlash\" data-gtm-custom-categorie=\"navigation\" data-gtm-custom-action=\"crossclick\" data-gtm-custom-label=\"Contextuel\" data-gtm-event=\"customEventSPE\" data-fig-domain=\"LEFIGARO\" target=\"_blank\" rel=\"noopener\">Top 14\u00a0: \u00ab\u00c7a va \u00eatre compliqu\u00e9\u00bb, Bielle-Biarrey (UBB) pas certain d\u2019\u00eatre r\u00e9tabli \u00e0 temps pour la finale<br \/>\n    <\/a>\n<\/p>\n<p>Lamothe, un tripl\u00e9 pour l\u2019histoire<\/p>\n<p class=\"fig-paragraph\">On parle beaucoup &#8211; et \u00e0 juste titre &#8211; de la redoutable ligne de trois-quarts de l\u2019UBB,\u00a0<a href=\"https:\/\/www.lefigaro.fr\/sports\/rugby\/top-14\/bordeaux-begles-une-spectaculaire-mutation-qui-profite-au-xv-de-france-20240117\" data-fig-type=\"Article\" data-gtm-custom-categorie=\"navigation\" data-gtm-custom-action=\"crossclick\" data-gtm-custom-label=\"Contextuel\" data-gtm-event=\"customEventSPE\" data-fig-domain=\"LEFIGARO\" target=\"_blank\" rel=\"noopener\">cette fameuse \u00abPatrouille de France\u00bb<\/a>\u00a0qui fait les beaux jours du XV de France. Mais, ce samedi, c\u2019est un avant qui a brill\u00e9 au Groupama Stadium. Maxime Lamothe, le talonneur roux casqu\u00e9, a en effet inscrit un superbe tripl\u00e9 face au RCT. Inhabituel pour un avant\u00a0? Inhabituel tout court, puisqu\u2019aucun joueur n\u2019avait jusque-l\u00e0 marqu\u00e9 trois essais dans une demi-finale du Top 14. \u00abLe tripl\u00e9 est un peu anecdotique, c\u2019est surtout le travail de tous mes co\u00e9quipiers. \u00c7a ne doit pas arriver souvent, j\u2019ai de la chance, a-t-il sobrement comment\u00e9 sur Canal +. Merci \u00e0 mes co\u00e9quipiers qui ont fait un travail incroyable. On est super contents d\u2019avoir fait le boulot et d\u2019atteindre la finale une deuxi\u00e8me fois cons\u00e9cutive.\u00bb\u00a0<a href=\"http:\/\/www.lefigaro.fr\/sports\/rugby\/coupe-d-europe\/yannick-bru-l-ubb-est-une-start-up-qui-commence-a-avoir-de-l-experience-20250522\" data-fig-type=\"Article\" data-gtm-custom-categorie=\"navigation\" data-gtm-custom-action=\"crossclick\" data-gtm-custom-label=\"Contextuel\" data-gtm-event=\"customEventSPE\" data-fig-domain=\"LEFIGARO\" target=\"_blank\" rel=\"noopener\">Son manager Yannick Bru<\/a>, ancien talonneur, a tenu \u00e0 lui tirer un coup de chapeau\u00a0: \u00abPour bien conna\u00eetre le poste, je sais que quand un talonneur est mis en avant, \u00e7a veut dire le pack a fait un gros match. Je suis content pour lui car c\u2019est quelqu\u2019un de bien. Il \u00e9tait outsider et il est en train de devenir un vrai challenger parmi les meilleurs talonneurs fran\u00e7ais.\u00bb Sa performance majuscule n\u2019aura pas \u00e9chapp\u00e9 \u00e0 Fabien Galthi\u00e9.<\/p>\n<p>Moefana, \u00e7a d\u00e9m\u00e9nage encore<\/p>\n<p class=\"fig-paragraph\">Ce n\u2019est pas le plus flamboyant de la ligne arri\u00e8re de l\u2019UBB. Mais, une nouvelle fois, il a \u00e9t\u00e9 l\u2019un des trois-quarts les plus en vue de cette demi-finale.\u00a0<a href=\"http:\/\/www.lefigaro.fr\/sports\/rugby\/xv-de-france\/yoram-moefana-du-xv-de-france-j-ai-commence-un-travail-pour-etre-moins-timide-20241115\" data-fig-type=\"Article\" data-gtm-custom-categorie=\"navigation\" data-gtm-custom-action=\"crossclick\" data-gtm-custom-label=\"Contextuel\" data-gtm-event=\"customEventSPE\" data-fig-domain=\"LEFIGARO\" target=\"_blank\" rel=\"noopener\">Yoram Moefana<\/a>\u00a0a impos\u00e9 sa densit\u00e9 et son explosivit\u00e9 au milieu de terrain (51 m gagn\u00e9s, 4 d\u00e9fenseurs battus). Un abattage monstre du Wallisien qui a constamment jou\u00e9 dans l\u2019avanc\u00e9e face aux s\u00e9rieux clients toulonnais, Sinzelle et Fainga\u2019anuku. Moefana a \u00e9t\u00e9 directement impliqu\u00e9 sur deux essais de l\u2019UBB\u00a0: le premier de <a href=\"http:\/\/www.lefigaro.fr\/sports\/rugby\/6-nations\/xv-de-france-une-vague-de-fraicheur-appelee-depoortere-20240306\" data-fig-type=\"Article\" data-gtm-custom-categorie=\"navigation\" data-gtm-custom-action=\"crossclick\" data-gtm-custom-label=\"Contextuel\" data-gtm-event=\"customEventSPE\" data-fig-domain=\"LEFIGARO\" target=\"_blank\" rel=\"noopener\">Depoort\u00e8re<\/a>\u00a0o\u00f9 il d\u00e9chire le rideau varois et le deuxi\u00e8me essai de Lamothe o\u00f9 il d\u00e9livre une passe d\u00e9cisive. Solide et incontournable, le centre girondin ne cesse de confirmer, que ce soit en club ou en \u00e9quipe de France.<\/p>\n<p class=\"fig-paragraph\"><strong>COUPS DE GRIFFE<\/strong><\/p>\n<p>Un RCT \u00e0 bout de souffle<\/p>\n<p class=\"fig-paragraph\">La marche \u00e9tait trop haute. De retour en demi-finale pour la premi\u00e8re fois depuis 2017, les Toulonnais &#8211; qui \u00e9taient au contact \u00e0 la pause &#8211; ont fini par exploser, spectaculairement, au retour des vestiaires, encaissant trois essais entre la 44e et la 54e minute. Apr\u00e8s leur coup d\u2019\u00e9clat en barrage contre les Castrais, les joueurs de\u00a0<a href=\"http:\/\/www.lefigaro.fr\/sports\/rugby\/top-14\/top-14-au-dela-de-bordeaux-je-nous-crains-nous-memes-previent-le-manager-toulonnais-pierre-mignoni-20250620\" data-fig-type=\"NewsFlash\" data-gtm-custom-categorie=\"navigation\" data-gtm-custom-action=\"crossclick\" data-gtm-custom-label=\"Contextuel\" data-gtm-event=\"customEventSPE\" data-fig-domain=\"LEFIGARO\" target=\"_blank\" rel=\"noopener\">Pierre Mignoni<\/a>\u00a0sont apparus \u00e9mouss\u00e9s, le souffle court. \u00abNous avons \u00e9t\u00e9 amorphes sur la continuit\u00e9 du jeu et c\u2019est un signe de fragilit\u00e9. Nous avons trop facilement donn\u00e9 des essais \u00e0 l\u2019UBB et j\u2019attendais un peu plus de notre part\u00bb, ne pouvait que constater le manager varois, qui a tenu \u00e0 saluer les \u00e9vidents progr\u00e8s de son \u00e9quipe cette saison, \u00abmais elle n\u2019est pas encore au niveau o\u00f9 l\u2019on veut \u00eatre\u00bb.<\/p>\n<p>Le rendez-vous manqu\u00e9 de Serin<\/p>\n<p class=\"fig-paragraph\">Tous les regards \u00e9taient forc\u00e9ment focalis\u00e9s sur lui. Pour ses retrouvailles, en match \u00e9liminatoire, avec son ancien club, l\u2019UBB qui lui avait mis le pied \u00e0 l\u2019\u00e9trier. Mais la soir\u00e9e lyonnaise de\u00a0<a href=\"http:\/\/www.lefigaro.fr\/sports\/rugby\/top-14\/demi-finale-du-top-14-il-est-parti-a-toulon-pour-jouer-ce-type-de-match-baptiste-serin-l-ancien-de-l-ubb-devenu-pion-essentiel-du-rct-20250621\" data-fig-type=\"Article\" data-gtm-custom-categorie=\"navigation\" data-gtm-custom-action=\"crossclick\" data-gtm-custom-label=\"Contextuel\" data-gtm-event=\"customEventSPE\" data-fig-domain=\"LEFIGARO\" target=\"_blank\" rel=\"noopener\">Baptiste Serin<\/a>\u00a0ne s\u2019est pas pass\u00e9e comme il avait d\u00fb l\u2019imaginer. S\u2019il ne s\u2019est pas \u00e9conomis\u00e9 en d\u00e9fense (11 plaquages), le demi de m\u00eal\u00e9e toulonnais n\u2019a pas pes\u00e9 sur cette rencontre, avec plusieurs mauvais choix et quelques fautes de main (quatre en-avants\u00a0!). Difficile, certes, d\u2019exister derri\u00e8re un pack qui a \u00e9t\u00e9 r\u00e9guli\u00e8rement secou\u00e9 par son vis-\u00e0-vis bordelais. Le num\u00e9ro 9 et capitaine varois a bien tent\u00e9 quelques coups (31 m gagn\u00e9s) mais il n\u2019a pas \u00e9t\u00e9 le guide attendu de son \u00e9quipe. Contrairement \u00e0\u00a0<a href=\"http:\/\/www.lefigaro.fr\/sports\/rugby\/top-14\/top-14-jalibert-est-dans-la-meilleure-annee-de-sa-carriere-salue-le-capitaine-de-l-ubb-maxime-lucu-20250620\" data-fig-type=\"NewsFlash\" data-gtm-custom-categorie=\"navigation\" data-gtm-custom-action=\"crossclick\" data-gtm-custom-label=\"Contextuel\" data-gtm-event=\"customEventSPE\" data-fig-domain=\"LEFIGARO\" target=\"_blank\" rel=\"noopener\">Maxime Lucu<\/a>. Baptiste Serin a c\u00e9d\u00e9 sa place \u00e0 Ben White tr\u00e8s t\u00f4t, d\u00e8s la 57e minute, apr\u00e8s le triple uppercut inflig\u00e9 par l\u2019UBB au retour des vestiaires.<\/p>\n<p class=\"fig-body-link\">\n            \u00c0 lire aussi<br \/>\n        <a class=\"fig-body-link__link\" href=\"http:\/\/www.lefigaro.fr\/sports\/rugby\/top-14\/top-14-cela-nous-laisse-un-gout-amer-regrette-mignoni-apres-la-defaite-de-toulon-contre-l-ubb-20250621\" data-fig-type=\"NewsFlash\" data-gtm-custom-categorie=\"navigation\" data-gtm-custom-action=\"crossclick\" data-gtm-custom-label=\"Contextuel\" data-gtm-event=\"customEventSPE\" data-fig-domain=\"LEFIGARO\" target=\"_blank\" rel=\"noopener\">Top 14\u00a0: \u00abCela nous laisse un go\u00fbt amer\u00bb, regrette Mignoni apr\u00e8s la d\u00e9faite de Toulon contre l\u2019UBB<br \/>\n    <\/a>\n<\/p>\n<p>Trop de munitions perdues par les Toulonnais<\/p>\n<p class=\"fig-paragraph\">\u00abCe match a \u00e9t\u00e9 \u00e0 l\u2019image de notre saison\u00a0: on franchit plusieurs fois de mani\u00e8re tr\u00e8s nette mais on n\u2019a pas \u00e9t\u00e9 efficaces, d\u00e9plore Pierre Mignoni. Il y a eu trop de pertes de balle, on a manqu\u00e9 de patience. On aurait pu avoir la main sur le match si on s\u2019\u00e9tait montr\u00e9 plus patient.\u00bb Au Groupama Stadium, le RCT a tent\u00e9 mais a beaucoup gagn\u00e9. Un manque cruel de r\u00e9alisme qui s\u2019est pay\u00e9 cash. En face, Bordeaux-B\u00e8gles n\u2019a connu de tels probl\u00e8mes et s\u2019est vite envol\u00e9 au score en deuxi\u00e8me mi-temps. Les statistiques le prouvent\u00a0: le RCT a gagn\u00e9 plus de m\u00e8tres que l\u2019UBB (521 contre 466), tent\u00e9 plus de courses (116 contre 113) et r\u00e9alis\u00e9 plus de franchissements (6 contre 5). La diff\u00e9rence s\u2019est faite sur l\u2019efficacit\u00e9, le r\u00e9alisme. C\u2019est l\u00e0 o\u00f9 le b\u00e2t blesse\u00a0: trop de fautes de main, de petites scories qui sont venues g\u00e2cher des temps forts toulonnais (5 rucks et 3 touches perdus). \u00ab\u00c0 ce jeu, il faut scorer, il faut \u00eatre tueur \u00e0 l\u2019approche de la ligne adverse et ce (samedi) soir, on ne l\u2019a pas \u00e9t\u00e9\u00bb, regrette Pierre Mignoni.<\/p>\n","protected":false},"excerpt":{"rendered":"Apr\u00e8s la qualification des Bordelais pour la finale du Top 14, d\u00e9couvrez ce qui a retenu l\u2019attention de&hellip;\n","protected":false},"author":2,"featured_media":195153,"comment_status":"","ping_status":"","sticky":false,"template":"","format":"standard","meta":{"footnotes":""},"categories":[9619],"tags":[1111,11,525,4590,1981,2313,814,1777,674,1011,27,955,12,4589,882,2311,3461,25,1980,479,10405,2259,478,2310,2312,4364,7974],"class_list":{"0":"post-195152","1":"post","2":"type-post","3":"status-publish","4":"format-standard","5":"has-post-thumbnail","7":"category-toulon","8":"tag-actu","9":"tag-actualites","10":"tag-calendrier","11":"tag-championnat-france","12":"tag-classement","13":"tag-clermont","14":"tag-direct","15":"tag-eu","16":"tag-europe","17":"tag-fr","18":"tag-france","19":"tag-match","20":"tag-news","21":"tag-phase-finale","22":"tag-provence-alpes-cote-dazur","23":"tag-racing","24":"tag-rct","25":"tag-republique-francaise","26":"tag-resultats","27":"tag-rugby","28":"tag-rugby-club-toulonnais","29":"tag-score","30":"tag-top-14","31":"tag-toulon","32":"tag-toulouse","33":"tag-ubb","34":"tag-union-bordeaux-begles"},"share_on_mastodon":{"url":"https:\/\/pubeurope.com\/@fr\/114725423913150970","error":""},"_links":{"self":[{"href":"https:\/\/www.europesays.com\/fr\/wp-json\/wp\/v2\/posts\/195152","targetHints":{"allow":["GET"]}}],"collection":[{"href":"https:\/\/www.europesays.com\/fr\/wp-json\/wp\/v2\/posts"}],"about":[{"href":"https:\/\/www.europesays.com\/fr\/wp-json\/wp\/v2\/types\/post"}],"author":[{"embeddable":true,"href":"https:\/\/www.europesays.com\/fr\/wp-json\/wp\/v2\/users\/2"}],"replies":[{"embeddable":true,"href":"https:\/\/www.europesays.com\/fr\/wp-json\/wp\/v2\/comments?post=195152"}],"version-history":[{"count":0,"href":"https:\/\/www.europesays.com\/fr\/wp-json\/wp\/v2\/posts\/195152\/revisions"}],"wp:featuredmedia":[{"embeddable":true,"href":"https:\/\/www.europesays.com\/fr\/wp-json\/wp\/v2\/media\/195153"}],"wp:attachment":[{"href":"https:\/\/www.europesays.com\/fr\/wp-json\/wp\/v2\/media?parent=195152"}],"wp:term":[{"taxonomy":"category","embeddable":true,"href":"https:\/\/www.europesays.com\/fr\/wp-json\/wp\/v2\/categories?post=195152"},{"taxonomy":"post_tag","embeddable":true,"href":"https:\/\/www.europesays.com\/fr\/wp-json\/wp\/v2\/tags?post=195152"}],"curies":[{"name":"wp","href":"https:\/\/api.w.org\/{rel}","templated":true}]}}