{"id":195154,"date":"2025-06-22T05:43:20","date_gmt":"2025-06-22T05:43:20","guid":{"rendered":"https:\/\/www.europesays.com\/fr\/195154\/"},"modified":"2025-06-22T05:43:20","modified_gmt":"2025-06-22T05:43:20","slug":"victor-el-mene-et-julio-norte-pour-la-romeria-de-mauguio","status":"publish","type":"post","link":"https:\/\/www.europesays.com\/fr\/195154\/","title":{"rendered":"Victor, El Mene et Julio Norte pour la Romer\u00eda de Mauguio"},"content":{"rendered":"<p>Apr\u00e8s Al\u00e8s, N\u00eemes et Istres, c&rsquo;est d\u00e9sormais l&rsquo;heure de la tr\u00e8s attendue novillada de la Romer\u00eda de Mauguio. Le cartel de cette novillada de la <a href=\"https:\/\/mauguio-carnon.com\/tout-l-agenda\/36e-romeria\/\" target=\"_blank\" rel=\"nofollow noopener\">36e Romer\u00eda del Encuentro<\/a> programm\u00e9e ce samedi 21 juin 2025 \u00e0 17h30 se compose d&rsquo;une jeune terna tr\u00e8s prometteuse : Iker Fernandez, dit \u00ab\u00a0El Mene\u00a0\u00bb, Julio Norte et Victor Clauzel, \u00ab\u00a0Victor\u00a0\u00bb.<\/p>\n<p>Comme c&rsquo;est le cas traditionnellement, c&rsquo;est au bord de l&rsquo;\u00c9tang de l&rsquo;Or qu&rsquo;ils affronteront des novillos provenant de six ganader\u00edas fran\u00e7aises : celles des H\u00e9ritiers de Fran\u00e7ois Andr\u00e9, de Tardieu Fr\u00e8res, de Gallon Fr\u00e8res, de Robert Marg\u00e9, de Pag\u00e8s-Mailhan et de San Sebastian (Matthieu Vangelisti).<\/p>\n","protected":false},"excerpt":{"rendered":"Apr\u00e8s Al\u00e8s, N\u00eemes et Istres, c&rsquo;est d\u00e9sormais l&rsquo;heure de la tr\u00e8s attendue novillada de la Romer\u00eda de Mauguio.&hellip;\n","protected":false},"author":2,"featured_media":195155,"comment_status":"","ping_status":"","sticky":false,"template":"","format":"standard","meta":{"footnotes":""},"categories":[9599],"tags":[17,1111,11,1777,674,1011,27,33386,5433,2208,12,33387,2680,8061,471,16,25,33388,33385],"class_list":{"0":"post-195154","1":"post","2":"type-post","3":"status-publish","4":"format-standard","5":"has-post-thumbnail","7":"category-montpellier","8":"tag-17","9":"tag-actu","10":"tag-actualites","11":"tag-eu","12":"tag-europe","13":"tag-fr","14":"tag-france","15":"tag-julio","16":"tag-mene","17":"tag-montpellier","18":"tag-news","19":"tag-norte","20":"tag-occitanie","21":"tag-piste","22":"tag-pour","23":"tag-region","24":"tag-republique-francaise","25":"tag-romeria","26":"tag-victor"},"share_on_mastodon":{"url":"https:\/\/pubeurope.com\/@fr\/114725427845828168","error":""},"_links":{"self":[{"href":"https:\/\/www.europesays.com\/fr\/wp-json\/wp\/v2\/posts\/195154","targetHints":{"allow":["GET"]}}],"collection":[{"href":"https:\/\/www.europesays.com\/fr\/wp-json\/wp\/v2\/posts"}],"about":[{"href":"https:\/\/www.europesays.com\/fr\/wp-json\/wp\/v2\/types\/post"}],"author":[{"embeddable":true,"href":"https:\/\/www.europesays.com\/fr\/wp-json\/wp\/v2\/users\/2"}],"replies":[{"embeddable":true,"href":"https:\/\/www.europesays.com\/fr\/wp-json\/wp\/v2\/comments?post=195154"}],"version-history":[{"count":0,"href":"https:\/\/www.europesays.com\/fr\/wp-json\/wp\/v2\/posts\/195154\/revisions"}],"wp:featuredmedia":[{"embeddable":true,"href":"https:\/\/www.europesays.com\/fr\/wp-json\/wp\/v2\/media\/195155"}],"wp:attachment":[{"href":"https:\/\/www.europesays.com\/fr\/wp-json\/wp\/v2\/media?parent=195154"}],"wp:term":[{"taxonomy":"category","embeddable":true,"href":"https:\/\/www.europesays.com\/fr\/wp-json\/wp\/v2\/categories?post=195154"},{"taxonomy":"post_tag","embeddable":true,"href":"https:\/\/www.europesays.com\/fr\/wp-json\/wp\/v2\/tags?post=195154"}],"curies":[{"name":"wp","href":"https:\/\/api.w.org\/{rel}","templated":true}]}}