{"id":195159,"date":"2025-06-22T05:48:16","date_gmt":"2025-06-22T05:48:16","guid":{"rendered":"https:\/\/www.europesays.com\/fr\/195159\/"},"modified":"2025-06-22T05:48:16","modified_gmt":"2025-06-22T05:48:16","slug":"les-piollistes-entament-les-combines-dappareil-autour-de-laurence-ruffin","status":"publish","type":"post","link":"https:\/\/www.europesays.com\/fr\/195159\/","title":{"rendered":"LES PIOLLISTES ENTAMENT LES COMBINES D&rsquo;APPAREIL AUTOUR DE LAURENCE RUFFIN"},"content":{"rendered":"<p>Posted On 22 juin 2025 <\/p>\n<p style=\"text-align: justify;\">La temp\u00e9rature monte pour l&rsquo;\u00e9quipe municipale sortante. Les Verts ont organis\u00e9 une conf\u00e9rence de presse pour expliquer qu&rsquo;ils sont d\u00e9j\u00e0 pr\u00eats \u00e0 se vendre \u00e0 La France Insoumise, qui de son c\u00f4t\u00e9 fait monter les ench\u00e8res.<\/p>\n<p>\u00ab\u00a0L&rsquo;\u00c9QUIPE D&rsquo;\u00c9COUTE\u00a0\u00bb DE LAURENCE RUFFIN&#8230;<\/p>\n<p style=\"text-align: justify;\">Sur la photo, on retrouvait bien s\u00fbr Laurence Ruffin, celle que Piolle d\u00e9sire voir lui succ\u00e9der parce qu&rsquo;elle est un pur copi\u00e9 coll\u00e9 de son profil. <a href=\"https:\/\/grenoble-le-changement.fr\/2025\/06\/14\/laurence-ruffin-ecarte-ses-concurrentes-et-copie-les-methodes-piolle\/\" rel=\"nofollow noopener\" target=\"_blank\">Elle acc\u00e9l\u00e8re ses sorties<\/a>, quelques jours apr\u00e8s le coup assez ridicule de son \u00ab\u00a0\u00e9quipe d&rsquo;\u00e9coute\u00a0\u00bb, des militants Verts\/ADES qui demandent aux grenoblois \u00ab\u00a0quel est leur r\u00eave\u00a0\u00bb, ressassant les vieilles recettes du marketing Vert de 2014. Sauf qu&rsquo;entre temps, 12 ans de mandat se sont \u00e9coul\u00e9s et on a vu l&rsquo;application du \u00ab\u00a0r\u00eave\u00a0\u00bb \u00e9colo et de \u00ab\u00a0l&rsquo;\u00e9coute\u00a0\u00bb.<\/p>\n<p><img decoding=\"async\" data-id=\"78865\" src=\"https:\/\/i2.wp.com\/grenoble-le-changement.fr\/wp-content\/uploads\/2024\/12\/Vous-avez-aime\u0301-Piolle-.png?w=678&amp;ssl=1\" alt=\"\" class=\"wp-image-78865 jetpack-lazy-image\" data-recalc-dims=\"1\" data-lazy-src=\"https:\/\/i2.wp.com\/grenoble-le-changement.fr\/wp-content\/uploads\/2024\/12\/Vous-avez-aime\u0301-Piolle-.png?w=678&amp;is-pending-load=1#038;ssl=1\" \/><\/p>\n<p><img decoding=\"async\" data-id=\"78011\" src=\"https:\/\/i0.wp.com\/grenoble-le-changement.fr\/wp-content\/uploads\/2024\/11\/Ruffin-florence.png?w=678&amp;ssl=1\" alt=\"\" class=\"wp-image-78011 jetpack-lazy-image\" data-recalc-dims=\"1\" data-lazy-src=\"https:\/\/www.europesays.com\/fr\/wp-content\/uploads\/2025\/06\/1750571293_856_Ruffin-florence.png\" \/><\/p>\n<p>&#8230; CORNAQU\u00c9E PAR LES LIEUTENANTS DU PIOLLISME<\/p>\n<p style=\"text-align: justify;\">L&rsquo;\u00e9quipe constitu\u00e9e de \u00ab\u00a0Gr\u00e9goire, Pascal, Apolline, Nicolas\u00a0\u00bb (ils ne donnent pas leurs noms) autour de Ruffin, c&rsquo;est pour donner l&rsquo;illusion qu&rsquo;ils font du neuf. Bien s\u00fbr il ne s&rsquo;agit que d&rsquo;une fa\u00e7ade, car l&rsquo;id\u00e9e est de continuer les m\u00eames politiques avec les m\u00eames personnes. Aux c\u00f4t\u00e9s de Laurence Ruffin <a target=\"_blank\" href=\"https:\/\/c.ledauphine.com\/elections\/2025\/06\/19\/municipales-2026-lfi-est-notre-partenaire-historique-et-elle-le-reste\" rel=\"nofollow noopener\">dans le Dauphin\u00e9 jeudi<\/a>, on retrouve les deux autres cheffes de file des Verts pour les municipales : les adjointes Lucille Lheureux et Margot Belair, purs produits du piollisme le plus sectaire, comptables du bilan.<\/p>\n<p>LES COMMUNISTES CRITIQUES DU BILAN MAIS MOTIV\u00c9S PAR LES POSTES<\/p>\n<p style=\"text-align: justify;\">Elles sont \u00e9galement flanqu\u00e9es de Nicolas B\u00e9ron-Perez, conseiller municipal PCF de la majorit\u00e9, confirmant que les communistes sont d\u00e9j\u00e0 embarqu\u00e9s dans la combine. Parce que eux n&rsquo;ont aucune honte et ne sont motiv\u00e9s que par les postes, ils entendent continuer la m\u00eame chose avec les m\u00eames &#8230; mais en parall\u00e8le <a href=\"https:\/\/grenoble-le-changement.fr\/2025\/05\/25\/municipales-les-piollistes-se-vautrent-dans-lhypocrisie-et-loutrance\/\" rel=\"nofollow noopener\" target=\"_blank\">ils diffusent des tracts critiques du bilan de la majorit\u00e9 sortante<\/a> (leur propre bilan !). Ils veulent ainsi faire de la participation citoyenne une priorit\u00e9 apr\u00e8s l&rsquo;avoir verrouill\u00e9 pendant 2 mandats..<\/p>\n<p><a href=\"https:\/\/i1.wp.com\/grenoble-le-changement.fr\/wp-content\/uploads\/2024\/07\/Be\u0301ron-Perez-.jpg?ssl=1\" rel=\"lightbox[82747] nofollow noopener\" target=\"_blank\"><img loading=\"lazy\" decoding=\"async\" class=\" wp-image-75367 jetpack-lazy-image\" src=\"https:\/\/i1.wp.com\/grenoble-le-changement.fr\/wp-content\/uploads\/2024\/07\/Be\u0301ron-Perez-.jpg?resize=480%2C450&amp;ssl=1\" alt=\"\" width=\"480\" height=\"450\" data-recalc-dims=\"1\" data-lazy-src=\"https:\/\/i1.wp.com\/grenoble-le-changement.fr\/wp-content\/uploads\/2024\/07\/Be\u0301ron-Perez-.jpg?resize=480%2C450&amp;is-pending-load=1#038;ssl=1\" \/><\/a>L&rsquo;\u00e9lu communiste, Nicolas B\u00e9ron-Perez, avait annonc\u00e9 camper devant la pr\u00e9fecture quelques jours pour d\u00e9noncer les probl\u00e8mes de logement quand il \u00e9tait encore vice-pr\u00e9sident en charge de cette th\u00e9matique \u00e0 la m\u00e9tropole. C&rsquo;est la gauche de la comm&rsquo;, pas celle des actes : sinon il aurait interrog\u00e9 le bilan de 30 ans de prise en main du sujet du logement par les Rouges\/Verts \u00e0 la m\u00e9tropole et \u00e0 la ville.<br \/>\nPOUR LE PCF, C&rsquo;EST LA DROITE QUI CR\u00c9\u00c9 L&rsquo;INS\u00c9CURIT\u00c9<\/p>\n<p style=\"text-align: justify;\">&#8230; et ont r\u00e9cemment organis\u00e9 une op\u00e9ration pour <a target=\"_blank\" href=\"https:\/\/c.ledauphine.com\/politique\/2025\/06\/17\/isere-metropole-de-grenoble-quand-les-communistes-veulent-et-exigent-de-parler-securite\" rel=\"nofollow noopener\">\u00ab\u00a0exiger\u00a0\u00bb (!) de parler de s\u00e9curit\u00e9<\/a>. Ce qu&rsquo;ils n&rsquo;ont \u00e0 peu pr\u00e8s jamais daign\u00e9 faire en 12 ans de gestion de <a href=\"https:\/\/grenoble-le-changement.fr\/2025\/04\/09\/insecurite-toutes-les-stats-qui-confirment-que-grenoble-est-n1\/\" rel=\"nofollow noopener\" target=\"_blank\">la ville n\u00b01 pour l&rsquo;ins\u00e9curit\u00e9<\/a>. Les Rouges affirment sans rire qu&rsquo;en fait le probl\u00e8me, c&rsquo;est \u00ab\u00a0la droite et l&rsquo;extr\u00eame-droite\u00a0\u00bb, et que des op\u00e9rations comme celle du Maire de Fontaine Franck Longo (modem) qui occupe les points de deal et chasse les dealers reviennent \u00e0 \u00ab\u00a0stigmatiser sa ville\u00a0\u00bb (!) tout en expliquant quand m\u00eame qu&rsquo;il faut \u00ab\u00a0se r\u00e9approprier l&rsquo;espace public\u00a0\u00bb.\u00a0<\/p>\n<p>LES VERTS\/PCF GRENOBLOIS VEULENT SE VENDRE \u00c0 LFI&#8230;<\/p>\n<p style=\"text-align: justify;\">Pour la coh\u00e9rence on repassera. \u00c0 lire la prose archa\u00efque et creuse du PCF sur la s\u00e9curit\u00e9, on comprend mieux la chute \u00e9lectorale de ce parti incapable de r\u00e9pondre aux enjeux d&rsquo;aujourd&rsquo;hui car bloqu\u00e9 dans une lecture du si\u00e8cle dernier. C&rsquo;est son poids \u00e9lectoral risible qui le conduit aujourd&rsquo;hui \u00e0 se vendre aux Verts pour continuer d&rsquo;exister avec quelques postes. Et l&rsquo;attelage Verts\/PCF ainsi constitu\u00e9, repr\u00e9sent\u00e9 par le quatuor Ruffin\/Lheureux\/Belair\/B\u00e9ron-Perez <a target=\"_blank\" href=\"https:\/\/c.ledauphine.com\/elections\/2025\/06\/19\/municipales-2026-lfi-est-notre-partenaire-historique-et-elle-le-reste\" rel=\"nofollow noopener\">s&rsquo;est r\u00e9uni pour se vendre lui-m\u00eame \u00e0&#8230; LFI.<\/a><\/p>\n<p>&#8230; ET COMMENCENT LES COURBETTES<\/p>\n<p style=\"text-align: justify;\">Ils expliquent tout d&rsquo;abord vouloir faire une liste avec le m\u00eame p\u00e9rim\u00e8tre que ce que regroupe actuellement la majorit\u00e9 Piolle : les Verts, l&rsquo;officine ADES de Raymond Avrillier et Vincent Comparat, le faux R\u00e9seau Citoyen&#8230; mais surtout La France Insoumise. La calamiteuse adjointe verte \u00ab\u00a0aux cultures\u00a0\u00bb, Lucille heureux, explique en effet \u00e0 la journaliste Eve Moulinier que \u00ab\u00a0LFI est notre partenaire historique et le reste. LFI a toute sa place dans notre rassemblement\u00a0\u00bb. Une sortie aux airs de supplication.<\/p>\n<p><a href=\"https:\/\/i2.wp.com\/grenoble-le-changement.fr\/wp-content\/uploads\/2025\/06\/brunon-allan.png?ssl=1\" rel=\"lightbox[82747] nofollow noopener\" target=\"_blank\"><img loading=\"lazy\" decoding=\"async\" class=\" wp-image-82546 jetpack-lazy-image\" src=\"https:\/\/i2.wp.com\/grenoble-le-changement.fr\/wp-content\/uploads\/2025\/06\/brunon-allan.png?resize=389%2C667&amp;ssl=1\" alt=\"\" width=\"389\" height=\"667\" data-recalc-dims=\"1\" data-lazy-src=\"https:\/\/www.europesays.com\/fr\/wp-content\/uploads\/2025\/06\/brunon-allan.png\" \/><\/a>Allan Brunon, proche du gendre de M\u00e9lenchon, chef de file des municipales \u00e0 Grenoble pour LFI, a une feuille de route claire : utiliser le sujet de la Palestine pour faire voter LFI aux municipales. Grenoble ne les int\u00e9resse pas<br \/>\nLFI MET LA PRESSION SUR LES VERTS<\/p>\n<p style=\"text-align: justify;\">Car les Verts sont terrifi\u00e9s \u00e0 l&rsquo;id\u00e9e d&rsquo;une liste LFI autonome qui \u00e9claterait ce qu&rsquo;il reste du socle \u00e9lectoral piolliste. LFI sait \u00eatre en position de force et fait monter la pression. Les chefs de files d\u00e9sign\u00e9s pour les municipales sont de purs produits de M\u00e9lenchon, la d\u00e9put\u00e9e Elisa Martin et l&rsquo;extr\u00eamiste Allan Brunon, parachut\u00e9 \u00e0 Grenoble pour s&rsquo;assurer du respect de la ligne du parti. Demain en conseil municipal, les \u00e9lus insoumis exigeront du Maire la fin du jumelage avec R\u00e9hovot. Les ench\u00e8res montent et pour obtenir une liste commune, <a href=\"https:\/\/grenoble-le-changement.fr\/2025\/06\/11\/lfi-met-la-pression-sur-l-ruffin-la-candidate-pour-succeder-a-piolle\/\" rel=\"nofollow noopener\" target=\"_blank\">les Verts devront se soumettre \u00e0 toutes les exigences du parti d&rsquo;extr\u00eame-gauche<\/a>.<\/p>\n<p>LE PS GRENOBLOIS VA-T-IL SE RETROUVER DANS LA ROUE DE LFI ?<\/p>\n<p style=\"text-align: justify;\">Dans la m\u00eame conf\u00e9rence de presse, Laurence Ruffin ouvre aussi la porte \u00ab\u00a0\u00e0 des socialistes\u00a0\u00bb. Ce qui donnerait exactement le m\u00eame attelage qu&rsquo;en 2020, avec les Verts\/LFI et des transfuges socialistes (<a href=\"https:\/\/grenoble-le-changement.fr\/2024\/06\/21\/maxence-alloto-anatomie-dune-trompette\/\" rel=\"nofollow noopener\" target=\"_blank\">Maxence Alloto<\/a>, Anouche Agobian, Laure Masson \u00e0 l&rsquo;\u00e9poque). Que fera le PS ? Si leur cheffe de file Amandine Germain penche tr\u00e8s clairement pour une alliance avec Ruffin (elle doit son \u00e9lection de conseill\u00e8re d\u00e9partementale \u00e0 l&rsquo;alliance avec les Verts\/LFI), la section grenobloise est tr\u00e8s divis\u00e9e.<\/p>\n<p>LE GROUPUSCULAIRE \u00ab\u00a0GO CITOYENNET\u00c9\u00a0\u00bb VEUT AUSSI SE PLACER<\/p>\n<p style=\"text-align: justify;\">Pour compl\u00e9ter le tableau, un autre groupuscule compl\u00e8tement n\u00e9gligeable profite du marasme pour tenter de se placer : \u00ab\u00a0Go Citoyennet\u00e9\u00a0\u00bb (qui \u00e9tait \u00e0 Destot ce que le \u00ab\u00a0R\u00e9seau Citoyen\u00a0\u00bb est \u00e0 Piolle : de faux citoyens, tous de gauche, l\u00e0 pour apporter un logo suppl\u00e9mentaire) <a target=\"_blank\" href=\"https:\/\/www.placegrenet.fr\/2025\/06\/20\/elections-municipales-de-grenoble-le-mouvement-go-citoyennete-appelle-a-lunion-des-gauches-des-le-premier-tour\/654394\" rel=\"nofollow noopener\">appelle \u00e0 \u00ab\u00a0l&rsquo;union des gauches\u00a0\u00bb<\/a>&#8230; Et on comprend surtout que Sylvie Barnezet, Luc Salvo et Paul Bron (ancien adjoint de Destot, <a href=\"https:\/\/grenoble-le-changement.fr\/2016\/07\/14\/paul-bron-ps-veut-une-commission-sur-les-commissions\/\" rel=\"nofollow noopener\" target=\"_blank\">un symbole de l&rsquo;immobilisme<\/a>, parti \u00e0 Saint-Martin d&rsquo;H\u00e8res) cherchent \u00e0 se placer. Ils revendiquent 20 membres (mais ne sont que 3 sur la photo..) : c&rsquo;est dire leur poids \u00e0 Grenoble !<\/p>\n<p><a href=\"https:\/\/i1.wp.com\/grenoble-le-changement.fr\/wp-content\/uploads\/2016\/07\/Paul-Bron-.jpeg?ssl=1\" rel=\"lightbox[82747] nofollow noopener\" target=\"_blank\"><img loading=\"lazy\" decoding=\"async\" class=\" wp-image-8520 jetpack-lazy-image\" src=\"https:\/\/i1.wp.com\/grenoble-le-changement.fr\/wp-content\/uploads\/2016\/07\/Paul-Bron-.jpeg?resize=601%2C400&amp;ssl=1\" alt=\"\" width=\"601\" height=\"400\" data-recalc-dims=\"1\" data-lazy-src=\"https:\/\/www.europesays.com\/fr\/wp-content\/uploads\/2025\/06\/Paul-Bron-.jpeg\" \/><\/a>Paul Bron a \u00e9t\u00e9 adjoint de Michel Destot en charge des \u00e9coles. Il veut aujourd&rsquo;hui se recycler avec les verts\/LFI.<br \/>\nCEUX QUI VEULENT SE SERVIR, CEUX QUI VEULENT SERVIR<\/p>\n<p style=\"text-align: justify;\">Au lieu d\u2019offrir aux Grenoblois un cap, une vision, et de faire son bilan de 12 ans de gestion, la majorit\u00e9 sortante se lance&#8230; dans les tractations de couloir et les combinaisons d\u2019appareil. Les \u00e9lections approchent et les groupuscules de gauche calculent d\u00e9j\u00e0 les postes qu&rsquo;ils souhaitent et les alliances qu&rsquo;ils visent pour conserver leurs places. Derri\u00e8re ces man\u0153uvres, les grands oubli\u00e9s sont les Grenoblois, dont il n&rsquo;est pas question une seule seconde derri\u00e8re ces manoeuvres d&rsquo;appareil.\u00a0<\/p>\n<p style=\"text-align: justify;\">Pendant ce temps, <a href=\"https:\/\/grenoble-le-changement.fr\/2025\/06\/06\/alain-carignon-candidat-aux-municipales-a-grenoble\/\" rel=\"nofollow noopener\" target=\"_blank\">Alain Carignon \u00e0 la t\u00eate d&rsquo;un rassemblement qui grossit<\/a> m\u00e8ne tambour battant une campagne de terrain \u00e0 la rencontre des Grenoblois dans tous les quartiers pour \u00e9couter leurs revendications et mettre sur la table des propositions. Deux salles, deux ambiances.<\/p>\n","protected":false},"excerpt":{"rendered":"Posted On 22 juin 2025 La temp\u00e9rature monte pour l&rsquo;\u00e9quipe municipale sortante. Les Verts ont organis\u00e9 une conf\u00e9rence&hellip;\n","protected":false},"author":2,"featured_media":195160,"comment_status":"","ping_status":"","sticky":false,"template":"","format":"standard","meta":{"footnotes":""},"categories":[9566],"tags":[1111,11,9601,27721,14001,33156,2430,10131,9607,1777,674,10608,1011,27,9608,2731,27722,10136,33389,10612,10613,10614,23075,12,24294,33390,10140,25,33391,25230],"class_list":{"0":"post-195159","1":"post","2":"type-post","3":"status-publish","4":"format-standard","5":"has-post-thumbnail","7":"category-grenoble","8":"tag-actu","9":"tag-actualites","10":"tag-alain-carignon","11":"tag-allan-brunon","12":"tag-amandine-germain","13":"tag-anouche-agobian","14":"tag-auvergne-rhone-alpes","15":"tag-elisa-martin","16":"tag-eric-piolle","17":"tag-eu","18":"tag-europe","19":"tag-eve-moulinier","20":"tag-fr","21":"tag-france","22":"tag-franck-longo","23":"tag-grenoble","24":"tag-laure-masson","25":"tag-laurence-ruffin","26":"tag-luc-salvo","27":"tag-lucille-lheureux","28":"tag-margot-belair","29":"tag-maxence-alloto","30":"tag-michel-destot","31":"tag-news","32":"tag-nicolas-beron-perez","33":"tag-paul-bron","34":"tag-raymond-avrillier","35":"tag-republique-francaise","36":"tag-sylvie-barnezet","37":"tag-vincent-comparat"},"share_on_mastodon":{"url":"https:\/\/pubeurope.com\/@fr\/114725448035756057","error":""},"_links":{"self":[{"href":"https:\/\/www.europesays.com\/fr\/wp-json\/wp\/v2\/posts\/195159","targetHints":{"allow":["GET"]}}],"collection":[{"href":"https:\/\/www.europesays.com\/fr\/wp-json\/wp\/v2\/posts"}],"about":[{"href":"https:\/\/www.europesays.com\/fr\/wp-json\/wp\/v2\/types\/post"}],"author":[{"embeddable":true,"href":"https:\/\/www.europesays.com\/fr\/wp-json\/wp\/v2\/users\/2"}],"replies":[{"embeddable":true,"href":"https:\/\/www.europesays.com\/fr\/wp-json\/wp\/v2\/comments?post=195159"}],"version-history":[{"count":0,"href":"https:\/\/www.europesays.com\/fr\/wp-json\/wp\/v2\/posts\/195159\/revisions"}],"wp:featuredmedia":[{"embeddable":true,"href":"https:\/\/www.europesays.com\/fr\/wp-json\/wp\/v2\/media\/195160"}],"wp:attachment":[{"href":"https:\/\/www.europesays.com\/fr\/wp-json\/wp\/v2\/media?parent=195159"}],"wp:term":[{"taxonomy":"category","embeddable":true,"href":"https:\/\/www.europesays.com\/fr\/wp-json\/wp\/v2\/categories?post=195159"},{"taxonomy":"post_tag","embeddable":true,"href":"https:\/\/www.europesays.com\/fr\/wp-json\/wp\/v2\/tags?post=195159"}],"curies":[{"name":"wp","href":"https:\/\/api.w.org\/{rel}","templated":true}]}}