{"id":195165,"date":"2025-06-22T05:52:15","date_gmt":"2025-06-22T05:52:15","guid":{"rendered":"https:\/\/www.europesays.com\/fr\/195165\/"},"modified":"2025-06-22T05:52:15","modified_gmt":"2025-06-22T05:52:15","slug":"un-appel-aux-dons-lance","status":"publish","type":"post","link":"https:\/\/www.europesays.com\/fr\/195165\/","title":{"rendered":"un appel aux dons lanc\u00e9"},"content":{"rendered":"<p>            Par<br \/>\n        <strong><br \/>\n            <a href=\"https:\/\/actu.fr\/auteur\/ivan-capecchi\" title=\"Consulter tous les articles de Ivan CAPECCHI\" rel=\"nofollow noopener\" target=\"_blank\">Ivan CAPECCHI<\/a><br \/>\n        <\/strong><\/p>\n<p>        Publi\u00e9 le<\/p>\n<p>            22 juin 2025 \u00e0 7h02        <\/p>\n<p>Apr\u00e8s avoir d\u00fb fermer ses portes en juillet 2024, suite \u00e0 une rupture de bail contest\u00e9e, <strong>la p\u00e2tisserie v\u00e9g\u00e9tale strasbourgeoise V\u00e9licious lance un appel aux dons pour relancer son activit\u00e9<\/strong>.\u00a0<\/p>\n<p>Un salon de th\u00e9 v\u00e9g\u00e9tal \u00e0 Strasbourg<\/p>\n<p class=\" wall-content\">L\u2019\u00e9quipe souhaite d\u00e9sormais rouvrir un<strong> salon de th\u00e9 v\u00e9g\u00e9tal<\/strong> \u00e0 Strasbourg.<\/p>\n<p class=\" wall-content\">Une <strong>campagne de financement participatif<\/strong> a \u00e9t\u00e9 lanc\u00e9e sur la <a href=\"https:\/\/bluebees.fr\/fr\/project\/1371\/\" rel=\"nofollow noopener\" target=\"_blank\">plateforme Blue Bees<\/a>, avec un <strong>objectif de 50\u202f000\u202f\u20ac<\/strong> pour couvrir les besoins de base : mat\u00e9riel, ingr\u00e9dients, d\u00e9p\u00f4t de garantie.<\/p>\n<p class=\" wall-content\">Si vous souhaitez venir en aide \u00e0 V\u00e9licious, d\u00e9p\u00eachez-vous : <strong>la campagne arrive tr\u00e8s prochainement \u00e0 son terme<\/strong>.<\/p>\n<p>Vid\u00e9os : en ce moment sur ActuOuverture possible en 2026<\/p>\n<p class=\" wall-content\">Des paliers suppl\u00e9mentaires permettraient d\u2019\u00e9largir l\u2019offre avec des viennoiseries, un espace de <a href=\"https:\/\/actu.fr\/tag\/restaurant\" rel=\"nofollow noopener\" target=\"_blank\">restauration<\/a> et des <strong>cours de p\u00e2tisserie<\/strong>.<\/p>\n<p class=\" wall-content\">L\u2019ouverture est envisag\u00e9e pour le <strong>printemps ou l\u2019\u00e9t\u00e9 2026<\/strong>.<\/p>\n<p class=\" wall-content\">Suivez toute l\u2019actualit\u00e9 de vos villes et m\u00e9dias favoris en vous inscrivant \u00e0 <a href=\"https:\/\/moncompte.actu.fr\" title=\"D\u00e9couvez Mon Actu\" rel=\"nofollow noopener\" data-trk=\"{&quot;cta&quot;:{&quot;action&quot;:&quot;https:\\\/\\\/moncompte.actu.fr&quot;,&quot;category&quot;:&quot;mon compte&quot;,&quot;from&quot;:&quot;article footer&quot;,&quot;name&quot;:&quot;Mon actu&quot;,&quot;type&quot;:&quot;cta&quot;}}\" target=\"_blank\">Mon Actu<\/a>.<\/p>\n","protected":false},"excerpt":{"rendered":"Par Ivan CAPECCHI Publi\u00e9 le 22 juin 2025 \u00e0 7h02 Apr\u00e8s avoir d\u00fb fermer ses portes en juillet&hellip;\n","protected":false},"author":2,"featured_media":195166,"comment_status":"","ping_status":"","sticky":false,"template":"","format":"standard","meta":{"footnotes":""},"categories":[2820],"tags":[1111,11,1777,674,1011,27,775,12,25,1340,104,640],"class_list":{"0":"post-195165","1":"post","2":"type-post","3":"status-publish","4":"format-standard","5":"has-post-thumbnail","7":"category-strasbourg","8":"tag-actu","9":"tag-actualites","10":"tag-eu","11":"tag-europe","12":"tag-fr","13":"tag-france","14":"tag-grand-est","15":"tag-news","16":"tag-republique-francaise","17":"tag-restaurant","18":"tag-societe","19":"tag-strasbourg"},"share_on_mastodon":{"url":"https:\/\/pubeurope.com\/@fr\/114725463276156326","error":""},"_links":{"self":[{"href":"https:\/\/www.europesays.com\/fr\/wp-json\/wp\/v2\/posts\/195165","targetHints":{"allow":["GET"]}}],"collection":[{"href":"https:\/\/www.europesays.com\/fr\/wp-json\/wp\/v2\/posts"}],"about":[{"href":"https:\/\/www.europesays.com\/fr\/wp-json\/wp\/v2\/types\/post"}],"author":[{"embeddable":true,"href":"https:\/\/www.europesays.com\/fr\/wp-json\/wp\/v2\/users\/2"}],"replies":[{"embeddable":true,"href":"https:\/\/www.europesays.com\/fr\/wp-json\/wp\/v2\/comments?post=195165"}],"version-history":[{"count":0,"href":"https:\/\/www.europesays.com\/fr\/wp-json\/wp\/v2\/posts\/195165\/revisions"}],"wp:featuredmedia":[{"embeddable":true,"href":"https:\/\/www.europesays.com\/fr\/wp-json\/wp\/v2\/media\/195166"}],"wp:attachment":[{"href":"https:\/\/www.europesays.com\/fr\/wp-json\/wp\/v2\/media?parent=195165"}],"wp:term":[{"taxonomy":"category","embeddable":true,"href":"https:\/\/www.europesays.com\/fr\/wp-json\/wp\/v2\/categories?post=195165"},{"taxonomy":"post_tag","embeddable":true,"href":"https:\/\/www.europesays.com\/fr\/wp-json\/wp\/v2\/tags?post=195165"}],"curies":[{"name":"wp","href":"https:\/\/api.w.org\/{rel}","templated":true}]}}