{"id":195184,"date":"2025-06-22T06:03:09","date_gmt":"2025-06-22T06:03:09","guid":{"rendered":"https:\/\/www.europesays.com\/fr\/195184\/"},"modified":"2025-06-22T06:03:09","modified_gmt":"2025-06-22T06:03:09","slug":"cette-residence-recherche-un-etudiant","status":"publish","type":"post","link":"https:\/\/www.europesays.com\/fr\/195184\/","title":{"rendered":"cette r\u00e9sidence recherche un \u00e9tudiant"},"content":{"rendered":"<p>            Par<br \/>\n        <strong><br \/>\n            <a href=\"https:\/\/actu.fr\/auteur\/margot-nicodeme\" title=\"Consulter tous les articles de Margot Nicod\u00e8me\" rel=\"nofollow noopener\" target=\"_blank\">Margot Nicod\u00e8me<\/a><br \/>\n        <\/strong><\/p>\n<p>        Publi\u00e9 le<\/p>\n<p>            22 juin 2025 \u00e0 7h50        <\/p>\n<p>C\u2019est une occasion en or <b>de loger \u00e0 <a href=\"https:\/\/actu.fr\/hauts-de-france\/lille_59350\" rel=\"nofollow noopener\" target=\"_blank\">Lille<\/a> (Nord) gratuitement<\/b>, contre de petits services qui b\u00e9n\u00e9ficient \u00e0 tout le monde. La <b><a href=\"https:\/\/actu.fr\/hauts-de-france\/lille_59350\/lille-dans-cette-residence-seniors-les-animaux-sont-les-bienvenus-pour-le-bonheur-des-proprietaires_62462583.html#:~:text=Lille.-,Dans%20cette%20r%C3%A9sidence%20seniors%2C%20les%20animaux%20sont%20les%20bienvenus%2C%20pour,qui%20%C3%A9gaie%20ind%C3%A9niablement%20leur%20quotidien.\" rel=\"nofollow noopener\" target=\"_blank\">r\u00e9sidence Domitys<\/a> L\u2019Agapanthe<\/b>, situ\u00e9e \u00e0 Lille-Sud,\u00a0<b>recherche activement un ou une \u00e9tudiante<\/b> pour l\u2019ann\u00e9e scolaire 2025-2026, dans le cadre de son dispositif G\u00e9n\u00e9rations Part\u2019\u00e2ges. Le principe est simple : un jeune se voit offrir un appartement dans la r\u00e9sidence, contre un peu de temps consacr\u00e9 <a href=\"https:\/\/actu.fr\/hauts-de-france\/croix_59163\/a-croix-on-a-visite-une-creche-intergenerationnelle-ou-bebes-et-aines-partagent-les-activites_60705952.html\" rel=\"nofollow noopener\" target=\"_blank\">aux s\u00e9niors<\/a>.<\/p>\n<p>Logement gratuit dans une r\u00e9sidence s\u00e9niors \u00e0 Lille : salle de sport et piscine comprises<\/p>\n<p class=\" wall-content\">Sur ce mod\u00e8le, Lille actu avait rencontr\u00e9 fin 2024 <a href=\"https:\/\/actu.fr\/hauts-de-france\/lille_59350\/lille-manon-etudiante-loge-gratuitement-dans-cette-residence-contre-du-temps-precieux-avec-les-seniors_61957207.html\" rel=\"nofollow noopener\" target=\"_blank\">Manon, qui passait 15 heures par semaine \u00e0 animer des ateliers<\/a>, des quiz. Une bouff\u00e9e d\u2019air frais pour les pensionnaires de cette autre r\u00e9sidence lilloise, \u00e0 Fives. \u00ab\u00a0C\u2019est une exp\u00e9rience hyper humaine, hyper enrichissante. Moi qui suis assez timide \u00e0 l\u2019origine, \u00e7a m\u2019aide \u00e0 m\u2019ouvrir et \u00e7a me responsabilise\u00a0\u00bb, nous confiait alors l\u2019\u00e9tudiante en psychologie.\u00a0<\/p>\n<p>    <a href=\"https:\/\/maps.google.com\/maps?q=50.615184,3.042123&amp;z=15&amp;output=embed\" title=\"Ouvrie le lien\" rel=\"nofollow noopener\" target=\"_blank\">Cliquez ici pour visualiser le contenu<\/a><\/p>\n<p class=\" wall-content\">Depuis 2020, ce sont 90 jeunes en France qui ont particip\u00e9 \u00e0 ce dispositif, qui vise \u00e0 \u00ab\u00a0<b>cr\u00e9er du lien entre les g\u00e9n\u00e9rations, rompre la solitude de chacun<\/b>, et offrir une solution de logement solidaire, \u00e0 l\u2019heure o\u00f9 plus d\u2019un \u00e9tudiant sur deux d\u00e9clare avoir des difficult\u00e9s \u00e0 se loger\u00a0\u00bb, d\u00e9taille Domitys. Sans compter que l\u2019intervention aupr\u00e8s des seniors est pr\u00e9sent\u00e9e comme \u00ab\u00a0une premi\u00e8re exp\u00e9rience professionnelle valorisante\u00a0\u00bb.<\/p>\n<p class=\" wall-content\">L\u2019\u00e9tudiant s\u00e9lectionn\u00e9 pourra <b>profiter librement des espaces communs<\/b> : salle de sport, salon multim\u00e9dia, et de la piscine chauff\u00e9e de L\u2019Agapanthe. Pour s\u2019inscrire, remplir le formulaire <a href=\"https:\/\/www.domitys.fr\/lpr\/generation-part-ages\/\" rel=\"nofollow noopener\" target=\"_blank\">via ce lien<\/a> (toutes les informations y sont disponibles).<\/p>\n<p>Vid\u00e9os : en ce moment sur Actu<\/p>\n<p class=\" wall-content\">Suivez toute l\u2019actualit\u00e9 de vos villes et m\u00e9dias favoris en vous inscrivant \u00e0 <a href=\"https:\/\/moncompte.actu.fr\" title=\"D\u00e9couvez Mon Actu\" rel=\"nofollow noopener\" data-trk=\"{&quot;cta&quot;:{&quot;action&quot;:&quot;https:\\\/\\\/moncompte.actu.fr&quot;,&quot;category&quot;:&quot;mon compte&quot;,&quot;from&quot;:&quot;article footer&quot;,&quot;name&quot;:&quot;Mon actu&quot;,&quot;type&quot;:&quot;cta&quot;}}\" target=\"_blank\">Mon Actu<\/a>.<\/p>\n","protected":false},"excerpt":{"rendered":"Par Margot Nicod\u00e8me Publi\u00e9 le 22 juin 2025 \u00e0 7h50 C\u2019est une occasion en or de loger \u00e0&hellip;\n","protected":false},"author":2,"featured_media":195185,"comment_status":"","ping_status":"","sticky":false,"template":"","format":"standard","meta":{"footnotes":""},"categories":[2815],"tags":[1111,11,1064,1777,674,1011,27,811,1307,1908,12,25,3552,104],"class_list":{"0":"post-195184","1":"post","2":"type-post","3":"status-publish","4":"format-standard","5":"has-post-thumbnail","7":"category-lille","8":"tag-actu","9":"tag-actualites","10":"tag-etudiantses","11":"tag-eu","12":"tag-europe","13":"tag-fr","14":"tag-france","15":"tag-hauts-de-france","16":"tag-lille","17":"tag-logement","18":"tag-news","19":"tag-republique-francaise","20":"tag-seniors","21":"tag-societe"},"share_on_mastodon":{"url":"https:\/\/pubeurope.com\/@fr\/114725506569010215","error":""},"_links":{"self":[{"href":"https:\/\/www.europesays.com\/fr\/wp-json\/wp\/v2\/posts\/195184","targetHints":{"allow":["GET"]}}],"collection":[{"href":"https:\/\/www.europesays.com\/fr\/wp-json\/wp\/v2\/posts"}],"about":[{"href":"https:\/\/www.europesays.com\/fr\/wp-json\/wp\/v2\/types\/post"}],"author":[{"embeddable":true,"href":"https:\/\/www.europesays.com\/fr\/wp-json\/wp\/v2\/users\/2"}],"replies":[{"embeddable":true,"href":"https:\/\/www.europesays.com\/fr\/wp-json\/wp\/v2\/comments?post=195184"}],"version-history":[{"count":0,"href":"https:\/\/www.europesays.com\/fr\/wp-json\/wp\/v2\/posts\/195184\/revisions"}],"wp:featuredmedia":[{"embeddable":true,"href":"https:\/\/www.europesays.com\/fr\/wp-json\/wp\/v2\/media\/195185"}],"wp:attachment":[{"href":"https:\/\/www.europesays.com\/fr\/wp-json\/wp\/v2\/media?parent=195184"}],"wp:term":[{"taxonomy":"category","embeddable":true,"href":"https:\/\/www.europesays.com\/fr\/wp-json\/wp\/v2\/categories?post=195184"},{"taxonomy":"post_tag","embeddable":true,"href":"https:\/\/www.europesays.com\/fr\/wp-json\/wp\/v2\/tags?post=195184"}],"curies":[{"name":"wp","href":"https:\/\/api.w.org\/{rel}","templated":true}]}}