{"id":195188,"date":"2025-06-22T06:05:14","date_gmt":"2025-06-22T06:05:14","guid":{"rendered":"https:\/\/www.europesays.com\/fr\/195188\/"},"modified":"2025-06-22T06:05:14","modified_gmt":"2025-06-22T06:05:14","slug":"mise-en-place-de-la-circulation-differenciee-a-marseille","status":"publish","type":"post","link":"https:\/\/www.europesays.com\/fr\/195188\/","title":{"rendered":"mise en place de la circulation diff\u00e9renci\u00e9e \u00e0 Marseille"},"content":{"rendered":"<p>La Pr\u00e9fecture des Bouches-du-Rh\u00f4ne a d\u00e9cid\u00e9 la mise en place de la circulation diff\u00e9renci\u00e9e \u00e0 compter du dimanche 22 juin 2025 de 06 h00 \u00e0 minuit \u00e0 Marseille en raison d&rsquo;une pollution de l\u2019air \u00e0 l\u2019ozone et aux particules fines.<\/p>\n<p>Les conditions m\u00e9t\u00e9orologiques de ces derniers jours g\u00e9n\u00e8rent une pollution de l\u2019air \u00e0\u00a0l\u2019ozone et aux particules fines. L&rsquo;alerte de <a href=\"https:\/\/maritima.fr\/actualites\/environnement\/bouches-du-rhone\/7684\/pollution-a-lozone-lalerte-de-niveau-1-de-nouveau-declenchee-dans-les-bouches-du-rhone\" target=\"_blank\" rel=\"noopener\">niveau 1 ces deux derniers jours<\/a> est pass\u00e9e <a href=\"https:\/\/maritima.fr\/actualites\/environnement\/bouches-du-rhone\/7714\/pollution-a-lozone-les-bouches-du-rhone-vont-passer-en-alerte-de-niveau-2\" target=\"_blank\" rel=\"noopener\">au niveau 2 aujourd&rsquo;hui<\/a>.\u00a0Compte tenu de la persistance de cet \u00e9pisode de pollution, le pr\u00e9fet des Bouches-du-Rh\u00f4ne\u00a0a d\u00e9cid\u00e9 \u00ab\u00a0la mise en place de la circulation diff\u00e9renci\u00e9e \u00e0 compter de dimanche 22\u00a0juin 2025, entre 06h00 et minuit, sur la zone correspondant \u00e0 l\u2019emprise de g\u00e9ographique\u00a0de la Zone \u00e0 Faibles \u00c9missions mobilit\u00e9 (ZFE-m) de la m\u00e9tropole Aix-Marseille-Provence\u00a0\u00bb.<\/p>\n<p>\u00a0<\/p>\n<p><img loading=\"lazy\" decoding=\"async\" src=\"https:\/\/ws.maritima.fr\/api\/images%2F1750571795739blob\" alt=\"\" width=\"560\" height=\"334\"\/><\/p>\n<p>\u00a0<\/p>\n<p>Les v\u00e9hicules autoris\u00e9s \u00e0 circuler \u00e0 l\u2019int\u00e9rieur du p\u00e9rim\u00e8tre d\u00e9fini ci-dessus doivent \u00eatre\u00a0\u00e9quip\u00e9s des certificats :<br \/>&#8211; Classe \u00e9lectrique et hydrog\u00e8ne (vignette Crit\u2019Air verte)<br \/>&#8211; Classe 1 (vignette Crit\u2019Air violette)<br \/>&#8211; Classe 2 (vignette Crit\u2019Air jaune)<\/p>\n<p>La Pr\u00e9fecture pr\u00e9cise que la \u00ab\u00a0circulation diff\u00e9renci\u00e9e sera maintenue tant que les seuils de pollution demeureront au\u00a0niveau ayant motiv\u00e9 le d\u00e9clenchement de l\u2019alerte de niveau 2\u00a0\u00bb.<br \/>Le pr\u00e9fet invite \u00e9galement les conducteurs de v\u00e9hicules \u00e0 limiter leurs d\u00e9placements, en privil\u00e9giant le\u00a0covoiturage et les transports en commun.<br \/>Le dispositif d\u2019urgence pr\u00e9voit des mesures sp\u00e9cifiques des op\u00e9rateurs de transports et\u00a0des collectivit\u00e9s pour faciliter l\u2019usage des transports en commun : tarification sp\u00e9ciale\u00a0pour les titres de transport et les parkings relais, fr\u00e9quence augment\u00e9e des m\u00e9tros et\u00a0tramways de la RTM en heure de pointe.<\/p>\n","protected":false},"excerpt":{"rendered":"La Pr\u00e9fecture des Bouches-du-Rh\u00f4ne a d\u00e9cid\u00e9 la mise en place de la circulation diff\u00e9renci\u00e9e \u00e0 compter du dimanche&hellip;\n","protected":false},"author":2,"featured_media":195189,"comment_status":"","ping_status":"","sticky":false,"template":"","format":"standard","meta":{"footnotes":""},"categories":[2814],"tags":[1111,11,32381,1777,674,1011,27,884,12,1800,882,25],"class_list":{"0":"post-195188","1":"post","2":"type-post","3":"status-publish","4":"format-standard","5":"has-post-thumbnail","7":"category-marseille","8":"tag-actu","9":"tag-actualites","10":"tag-critair","11":"tag-eu","12":"tag-europe","13":"tag-fr","14":"tag-france","15":"tag-marseille","16":"tag-news","17":"tag-pollution","18":"tag-provence-alpes-cote-dazur","19":"tag-republique-francaise"},"share_on_mastodon":{"url":"https:\/\/pubeurope.com\/@fr\/114725514613414856","error":""},"_links":{"self":[{"href":"https:\/\/www.europesays.com\/fr\/wp-json\/wp\/v2\/posts\/195188","targetHints":{"allow":["GET"]}}],"collection":[{"href":"https:\/\/www.europesays.com\/fr\/wp-json\/wp\/v2\/posts"}],"about":[{"href":"https:\/\/www.europesays.com\/fr\/wp-json\/wp\/v2\/types\/post"}],"author":[{"embeddable":true,"href":"https:\/\/www.europesays.com\/fr\/wp-json\/wp\/v2\/users\/2"}],"replies":[{"embeddable":true,"href":"https:\/\/www.europesays.com\/fr\/wp-json\/wp\/v2\/comments?post=195188"}],"version-history":[{"count":0,"href":"https:\/\/www.europesays.com\/fr\/wp-json\/wp\/v2\/posts\/195188\/revisions"}],"wp:featuredmedia":[{"embeddable":true,"href":"https:\/\/www.europesays.com\/fr\/wp-json\/wp\/v2\/media\/195189"}],"wp:attachment":[{"href":"https:\/\/www.europesays.com\/fr\/wp-json\/wp\/v2\/media?parent=195188"}],"wp:term":[{"taxonomy":"category","embeddable":true,"href":"https:\/\/www.europesays.com\/fr\/wp-json\/wp\/v2\/categories?post=195188"},{"taxonomy":"post_tag","embeddable":true,"href":"https:\/\/www.europesays.com\/fr\/wp-json\/wp\/v2\/tags?post=195188"}],"curies":[{"name":"wp","href":"https:\/\/api.w.org\/{rel}","templated":true}]}}